{"id":187664,"date":"2025-06-19T05:48:09","date_gmt":"2025-06-19T05:48:09","guid":{"rendered":"https:\/\/www.europesays.com\/fr\/187664\/"},"modified":"2025-06-19T05:48:09","modified_gmt":"2025-06-19T05:48:09","slug":"un-phenomene-cache-sous-la-croute-terrestre-cette-decouverte-explique-letrange-vitesse-des-ondes-sismiques","status":"publish","type":"post","link":"https:\/\/www.europesays.com\/fr\/187664\/","title":{"rendered":"Un ph\u00e9nom\u00e8ne cach\u00e9 sous la cro\u00fbte terrestre : cette d\u00e9couverte explique l\u2019\u00e9trange vitesse des ondes sismiques"},"content":{"rendered":"<tr>\n<td><strong>EN BREF<\/strong><\/td>\n<\/tr>\n<tr>\n<td>\n<ul>\n<li>\ud83c\udf0d Les physiciens ont r\u00e9solu deux myst\u00e8res majeurs concernant la propagation des <strong>ondes sismiques<\/strong> \u00e0 grandes profondeurs.<\/li>\n<li>\ud83d\udd0d La d\u00e9couverte de l\u2019alignement des cristaux de <strong>post-p\u00e9rovskite<\/strong> explique l\u2019acc\u00e9l\u00e9ration des ondes \u00e0 3 000 kilom\u00e8tres sous terre.<\/li>\n<li>\ud83d\udcca Un mod\u00e8le informatique a r\u00e9v\u00e9l\u00e9 le mouvement <strong>horizontal<\/strong> de la roche solide dans le bas du manteau terrestre.<\/li>\n<li>\ud83d\udcc8 Ces r\u00e9sultats ouvrent de nouvelles perspectives pour l\u2019\u00e9tude des <strong>dynamiques internes<\/strong> de la plan\u00e8te.<\/li>\n<\/ul>\n<\/td>\n<\/tr>\n<p>Les myst\u00e8res de la Terre continuent de fasciner la communaut\u00e9 scientifique, et deux questions fondamentales viennent d\u2019\u00eatre \u00e9claircies par des physiciens de l\u2019\u00c9cole polytechnique de Zurich. Les ondes sismiques, qui se propagent incroyablement vite \u00e0 environ 3 000 kilom\u00e8tres de profondeur, ont longtemps intrigu\u00e9 les chercheurs. De plus, la composition \u00e9nigmatique de la couche D\u00a0\u00bb, situ\u00e9e entre le manteau et le noyau, suscite des interrogations depuis des d\u00e9cennies. Gr\u00e2ce \u00e0 une exp\u00e9rience men\u00e9e par ces scientifiques, des r\u00e9ponses commencent \u00e0 \u00e9merger, mettant en lumi\u00e8re des ph\u00e9nom\u00e8nes jusqu\u2019alors incompris.<\/p>\n<p>Tout repose sur la direction des cristaux au c\u0153ur de la plan\u00e8te<\/p>\n<p>La d\u00e9couverte d\u2019un mod\u00e8le informatique r\u00e9volutionnaire par le professeur Motohiko Murakami et ses coll\u00e8gues change la donne. <strong>La cl\u00e9 r\u00e9side dans la direction des cristaux de post-p\u00e9rovskite<\/strong>, un min\u00e9ral form\u00e9 sous haute pression et \u00e0 des temp\u00e9ratures extr\u00eames. Ce min\u00e9ral, issu de la p\u00e9rovskite, pr\u00e9sente des propri\u00e9t\u00e9s surprenantes. Selon l\u2019\u00e9tude publi\u00e9e dans Communications Earth &amp; Environment, lorsque les cristaux sont align\u00e9s dans une direction uniforme, les ondes sismiques les traversent \u00e0 une vitesse accrue. Cette particularit\u00e9 explique pourquoi, \u00e0 des profondeurs de 2 700 kilom\u00e8tres, les ondes sismiques acc\u00e9l\u00e8rent de mani\u00e8re significative. Ainsi, la direction des cristaux devient un facteur d\u00e9terminant dans la propagation des ondes, offrant une nouvelle perspective sur la dynamique interne de notre plan\u00e8te.<\/p>\n<blockquote class=\"wp-embedded-content\" data-secret=\"348ET7J5MJ\">\n<p><a href=\"https:\/\/www.innovant.fr\/2025\/05\/08\/mysterieux-camion-vibreur-la-stabilite-volcanique-de-yellowstone-enfin-prouvee-un-soulagement-pour-les-habitants-et-les-scientifiques\/\" rel=\"nofollow noopener\" target=\"_blank\">Myst\u00e9rieux camion vibreur : la stabilit\u00e9 volcanique de Yellowstone enfin prouv\u00e9e, un soulagement pour les habitants et les scientifiques<\/a><\/p>\n<\/blockquote>\n<p>Les profondeurs de la Terre sont en mouvement<\/p>\n<p>L\u2019une des r\u00e9v\u00e9lations majeures de cette recherche r\u00e9side dans la compr\u00e9hension du mouvement des couches profondes de la Terre. <strong>Les scientifiques ont d\u00e9montr\u00e9 que les cristaux s\u2019alignent sous l\u2019effet de la pression et de la chaleur extr\u00eames<\/strong>, r\u00e9sultant en un mouvement horizontal de la roche solide dans le bas du manteau terrestre. Cette d\u00e9couverte, qualifi\u00e9e de \u00ab\u00a0pi\u00e8ce manquante du puzzle\u00a0\u00bb par l\u2019auteur principal de l\u2019\u00e9tude, remet en question les id\u00e9es pr\u00e9con\u00e7ues sur les mouvements possibles dans un \u00e9tat solide. La convection entre le noyau et le manteau terrestre est d\u00e9sormais une r\u00e9alit\u00e9 scientifique, ouvrant la voie \u00e0 de nouvelles recherches sur les dynamiques internes de la plan\u00e8te. Cette avanc\u00e9e ne se limite pas \u00e0 une meilleure compr\u00e9hension de la couche D\u00a0\u00bb, mais \u00e9largit \u00e9galement les horizons de l\u2019\u00e9tude des mouvements terrestres \u00e0 grande \u00e9chelle.<\/p>\n<blockquote class=\"wp-embedded-content\" data-secret=\"YNzZNTSTIp\">\n<p><a href=\"https:\/\/www.innovant.fr\/2025\/06\/16\/la-chine-deregle-actuellement-la-rotation-de-la-terre-le-projet-colossal-qui-ralentit-notre-planete-et-menace-lequilibre-mondial-selon-la-nasa\/\" rel=\"nofollow noopener\" target=\"_blank\">\u00ab La Chine d\u00e9r\u00e8gle actuellement la rotation de la Terre \u00bb : le projet colossal qui ralentit notre plan\u00e8te et menace l\u2019\u00e9quilibre mondial selon la NASA<\/a><\/p>\n<\/blockquote>\n<p>L\u2019impact de la d\u00e9couverte sur la sismologie<\/p>\n<p>La sismologie, discipline d\u00e9j\u00e0 complexe, est profond\u00e9ment impact\u00e9e par ces nouvelles d\u00e9couvertes. <strong>En comprenant mieux la propagation des ondes sismiques \u00e0 de grandes profondeurs<\/strong>, les scientifiques peuvent am\u00e9liorer les mod\u00e8les pr\u00e9dictifs des tremblements de terre. Les implications de ces recherches sont vastes, allant de la pr\u00e9vision des s\u00e9ismes \u00e0 l\u2019\u00e9tude de la structure interne de la Terre. Les avanc\u00e9es dans la compr\u00e9hension des mouvements de la couche D\u00a0\u00bb et de l\u2019alignement des cristaux de post-p\u00e9rovskite permettent de r\u00e9\u00e9valuer les mod\u00e8les sismologiques actuels et de d\u00e9velopper de nouvelles m\u00e9thodes d\u2019analyse. Cela pourrait \u00e0 terme contribuer \u00e0 une meilleure pr\u00e9paration face aux catastrophes naturelles, r\u00e9duisant ainsi les risques pour les populations humaines.<\/p>\n<blockquote class=\"wp-embedded-content\" data-secret=\"cWgQLHCloG\">\n<p><a href=\"https:\/\/www.innovant.fr\/2024\/08\/18\/enquete-choc-ces-influenceurs-tres-connus-qui-achetent-des-followers-pour-gagner-de-largent\/\" rel=\"nofollow noopener\" target=\"_blank\">Enqu\u00eate choc : ces influenceurs tr\u00e8s connus qui ach\u00e8tent des followers pour gagner de l\u2019argent<\/a><\/p>\n<\/blockquote>\n<p>Vers de nouvelles explorations g\u00e9ologiques<\/p>\n<p>Cette \u00e9tude ne se contente pas de lever le voile sur des myst\u00e8res anciens, elle ouvre la porte \u00e0 de nouvelles explorations g\u00e9ologiques. <strong>Les connaissances acquises sur la couche D\u00a0\u00bb et le comportement des cristaux sous pression<\/strong> incitent les g\u00e9ologues \u00e0 reconsid\u00e9rer les mod\u00e8les existants de la structure terrestre. Les futures recherches pourraient se concentrer sur l\u2019exploration de ces dynamiques \u00e0 l\u2019aide de technologies avanc\u00e9es, permettant d\u2019approfondir notre compr\u00e9hension de la Terre. La question demeure : quelles autres r\u00e9v\u00e9lations se cachent dans les profondeurs inexplor\u00e9es de notre plan\u00e8te? Les scientifiques sont d\u00e9sormais mieux arm\u00e9s pour percer ces secrets, mais de nombreux d\u00e9fis restent \u00e0 surmonter pour percer les myst\u00e8res de la Terre.<\/p>\n<p>En r\u00e9sum\u00e9, ces d\u00e9couvertes sur la propagation des ondes sismiques et la composition de la couche D\u00a0\u00bb transforment notre compr\u00e9hension de la Terre. Elles soulignent l\u2019importance de l\u2019alignement des cristaux et des mouvements internes. Quels autres secrets la Terre cache-t-elle encore sous sa surface? Les scientifiques continueront-ils \u00e0 repousser les limites de nos connaissances pour r\u00e9pondre \u00e0 cette question fondamentale?<\/p>\n<p>L\u2019auteur s\u2019est appuy\u00e9 sur l\u2019intelligence artificielle pour enrichir cet article.<\/p>\n<p id=\"rating\">\u00c7a vous a plu ?\u00a04.8\/5 (22)<\/p>\n","protected":false},"excerpt":{"rendered":"EN BREF \ud83c\udf0d Les physiciens ont r\u00e9solu deux myst\u00e8res majeurs concernant la propagation des ondes sismiques \u00e0 grandes&hellip;\n","protected":false},"author":2,"featured_media":187665,"comment_status":"","ping_status":"","sticky":false,"template":"","format":"standard","meta":{"footnotes":""},"categories":[7],"tags":[1011,27,43,40,41,39,42,44],"class_list":{"0":"post-187664","1":"post","2":"type-post","3":"status-publish","4":"format-standard","5":"has-post-thumbnail","7":"category-sciences-et-technologies","8":"tag-fr","9":"tag-france","10":"tag-science","11":"tag-science-and-technology","12":"tag-sciences","13":"tag-sciences-et-technologies","14":"tag-technologies","15":"tag-technology"},"share_on_mastodon":{"url":"https:\/\/pubeurope.com\/@fr\/114708460521835074","error":""},"_links":{"self":[{"href":"https:\/\/www.europesays.com\/fr\/wp-json\/wp\/v2\/posts\/187664","targetHints":{"allow":["GET"]}}],"collection":[{"href":"https:\/\/www.europesays.com\/fr\/wp-json\/wp\/v2\/posts"}],"about":[{"href":"https:\/\/www.europesays.com\/fr\/wp-json\/wp\/v2\/types\/post"}],"author":[{"embeddable":true,"href":"https:\/\/www.europesays.com\/fr\/wp-json\/wp\/v2\/users\/2"}],"replies":[{"embeddable":true,"href":"https:\/\/www.europesays.com\/fr\/wp-json\/wp\/v2\/comments?post=187664"}],"version-history":[{"count":0,"href":"https:\/\/www.europesays.com\/fr\/wp-json\/wp\/v2\/posts\/187664\/revisions"}],"wp:featuredmedia":[{"embeddable":true,"href":"https:\/\/www.europesays.com\/fr\/wp-json\/wp\/v2\/media\/187665"}],"wp:attachment":[{"href":"https:\/\/www.europesays.com\/fr\/wp-json\/wp\/v2\/media?parent=187664"}],"wp:term":[{"taxonomy":"category","embeddable":true,"href":"https:\/\/www.europesays.com\/fr\/wp-json\/wp\/v2\/categories?post=187664"},{"taxonomy":"post_tag","embeddable":true,"href":"https:\/\/www.europesays.com\/fr\/wp-json\/wp\/v2\/tags?post=187664"}],"curies":[{"name":"wp","href":"https:\/\/api.w.org\/{rel}","templated":true}]}}