{"id":187668,"date":"2025-06-19T05:50:12","date_gmt":"2025-06-19T05:50:12","guid":{"rendered":"https:\/\/www.europesays.com\/fr\/187668\/"},"modified":"2025-06-19T05:50:12","modified_gmt":"2025-06-19T05:50:12","slug":"la-directrice-du-renseignement-alerte-le-monde-est-au-bord-de-laneantissement-nucleaire-alors-trump-pense-a-la-virer","status":"publish","type":"post","link":"https:\/\/www.europesays.com\/fr\/187668\/","title":{"rendered":"La directrice du renseignement alerte : le monde est \u00ab\u00a0au bord de l\u2019an\u00e9antissement nucl\u00e9aire\u00a0\u00bb, alors Trump pense \u00e0 la virer"},"content":{"rendered":"<p>\u00ab\u00a0Les \u00e9lites politiques et les bellicistes attisent n\u00e9gligemment la peur et les tensions entre les puissances nucl\u00e9aires, peut-\u00eatre parce qu\u2019ils sont convaincus d\u2019avoir acc\u00e8s, pour eux et leurs familles, \u00e0 des abris nucl\u00e9aires auxquels les citoyens ordinaires n\u2019ont pas acc\u00e8s\u00a0\u00bb\u00a0: Voil\u00e0 des d\u00e9clarations qui ont de quoi rendre le visage de Donald Trump plus rouge qu\u2019il ne l\u2019est d\u00e9j\u00e0. Surtout quand elles viennent d\u2019une de ses proches.<\/p>\n<p>C\u2019est propos ont \u00e9t\u00e9 tenus par <a href=\"https:\/\/www.humanite.fr\/monde\/donald-trump\/etats-unis-comment-des-organisations-tentent-de-promouvoir-les-idees-du-supremaciste-hindou-et-allie-de-donald-trump-narendra-modi\" target=\"_blank\" rel=\"noopener\">Tulsi Gabbard, directrice du renseignement national<\/a> du cabinet du pr\u00e9sident des \u00c9tats-Unis, dans une vid\u00e9o publi\u00e9e sur X (ex-Twitter) le 10\u00a0juin dernier. De retour du sommet du G7 au Canada, Donald Trump a rejet\u00e9 en bloc, mardi 17\u00a0juin, ces accusations. Depuis <a href=\"https:\/\/www.humanite.fr\/monde\/benyamin-netanyahou\/liran-ne-peut-pas-posseder-la-bombe-nucleaire-israel-attaque-teheran-au-risque-dembraser-le-proche-orient\" target=\"_blank\" rel=\"noopener\">les bombardements isra\u00e9liens sur l\u2019Iran<\/a>, le nucl\u00e9aire militaire est au c\u0153ur de beaucoup de pr\u00e9occupations.<\/p>\n<p>Le pr\u00e9texte de l\u2019arme nucl\u00e9aire iranienne<\/p>\n<p>Le r\u00e9gime de Benyamin Netanyahou a notamment justifi\u00e9 les attaques du 13\u00a0juin, connues et soutenues par Donald Trump, en expliquant que <a href=\"https:\/\/www.humanite.fr\/monde\/armes-nucleaires\/le-nucleaire-iranien-objet-de-tous-les-fantasmes\" target=\"_blank\" rel=\"noopener\">T\u00e9h\u00e9ran \u00e9tait dot\u00e9 de l\u2019arme nucl\u00e9aire<\/a>. Pourtant, interrog\u00e9 par le congr\u00e8s en mars dernier, Tulsi Gabbard expliquait que l\u2019Iran ne cherchait pas \u00e0 construire ce type d\u2019armement. \u00ab\u00a0Peu m\u2019importe ce qu\u2019elle a dit\u00a0\u00bb, a r\u00e9pondu Trump. \u00ab\u00a0Je pense qu\u2019ils \u00e9taient tr\u00e8s proches d\u2019avoir une arme.\u00a0\u00bb<\/p>\n<p>Dans cette m\u00eame publication, Tulsi Gabbard met en garde\u00a0: le monde est \u00ab\u00a0au bord de l\u2019an\u00e9antissement nucl\u00e9aire\u00a0\u00bb. Selon le m\u00e9dia <a href=\"https:\/\/www.politico.com\/news\/2025\/06\/17\/gabbard-trump-00411685\" target=\"_blank\" rel=\"noopener\">Politico<\/a>, Donald Trump consid\u00e8re cette vid\u00e9o comme une \u00ab\u00a0tentative insolente\u00a0\u00bb d\u2019influencer <a href=\"https:\/\/www.humanite.fr\/monde\/guerre-israel-hamas\/les-vraies-raisons-pour-lesquelles-israel-declenche-une-guerre-contre-liran\" target=\"_blank\" rel=\"noopener\">sa politique envers l\u2019Iran et Isra\u00ebl<\/a> et estime que la directrice du renseignement national est \u00ab\u00a0sortie de son r\u00f4le\u00a0\u00bb.<\/p>\n<p>Ces confrontations r\u00e9v\u00e8lent le \u00ab\u00a0foss\u00e9 grandissant\u00a0\u00bb, selon Politico, entre le pr\u00e9sident et la membre de son cabinet. Si les proches des deux partis se veulent rassurants en r\u00e9futant les rumeurs de d\u00e9barquement de Tulsi Gabbard de l\u2019\u00e9quipe pr\u00e9sidentielle, de plus en plus de commentateurs de la politique \u00e9tats-unienne s\u2019attendent \u00e0 une s\u00e9paration entre Trump et sa directrice du renseignement national.<\/p>\n<p>\u00catre le journal de la paix, notre d\u00e9fi quotidien<\/p>\n<p>Depuis Jaur\u00e8s, la d\u00e9fense de la paix est dans notre ADN.<\/p>\n<ul class=\"wp-block-list\">\n<li>Qui informe encore aujourd\u2019hui sur <strong>les actions des pacifistes<\/strong> pour le d\u00e9sarmement\u00a0?<\/li>\n<li>Combien de m\u00e9dias rappellent que <strong>les combats de d\u00e9colonisation <\/strong>ont encore cours, et qu\u2019ils doivent \u00eatre soutenus\u00a0?<\/li>\n<li>Combien valorisent les <strong>solidarit\u00e9s internationales<\/strong>, et s\u2019engagent sans ambigu\u00eft\u00e9 aux c\u00f4t\u00e9s des exil\u00e9s\u00a0?<\/li>\n<\/ul>\n<p><strong>Nos valeurs n\u2019ont pas de fronti\u00e8res.<\/strong><\/p>\n<p>Aidez-nous \u00e0 soutenir le droit \u00e0 l\u2019autod\u00e9termination et l\u2019option de la paix.<br \/><a href=\"https:\/\/www.humanite.fr\/lhumanite-cest-vous\" target=\"_blank\" rel=\"noopener\">Je veux en savoir plus\u00a0!<\/a><\/p>\n","protected":false},"excerpt":{"rendered":"\u00ab\u00a0Les \u00e9lites politiques et les bellicistes attisent n\u00e9gligemment la peur et les tensions entre les puissances nucl\u00e9aires, peut-\u00eatre&hellip;\n","protected":false},"author":2,"featured_media":187669,"comment_status":"","ping_status":"","sticky":false,"template":"","format":"standard","meta":{"footnotes":""},"categories":[5],"tags":[11,941,19120,75,1011,27,14,3019,12,28],"class_list":{"0":"post-187668","1":"post","2":"type-post","3":"status-publish","4":"format-standard","5":"has-post-thumbnail","7":"category-international","8":"tag-actualites","9":"tag-administration-trump","10":"tag-armes-nuclu00e9aires","11":"tag-donald-trump","12":"tag-fr","13":"tag-france","14":"tag-international","15":"tag-iran","16":"tag-news","17":"tag-world"},"share_on_mastodon":{"url":"https:\/\/pubeurope.com\/@fr\/114708468573735120","error":""},"_links":{"self":[{"href":"https:\/\/www.europesays.com\/fr\/wp-json\/wp\/v2\/posts\/187668","targetHints":{"allow":["GET"]}}],"collection":[{"href":"https:\/\/www.europesays.com\/fr\/wp-json\/wp\/v2\/posts"}],"about":[{"href":"https:\/\/www.europesays.com\/fr\/wp-json\/wp\/v2\/types\/post"}],"author":[{"embeddable":true,"href":"https:\/\/www.europesays.com\/fr\/wp-json\/wp\/v2\/users\/2"}],"replies":[{"embeddable":true,"href":"https:\/\/www.europesays.com\/fr\/wp-json\/wp\/v2\/comments?post=187668"}],"version-history":[{"count":0,"href":"https:\/\/www.europesays.com\/fr\/wp-json\/wp\/v2\/posts\/187668\/revisions"}],"wp:featuredmedia":[{"embeddable":true,"href":"https:\/\/www.europesays.com\/fr\/wp-json\/wp\/v2\/media\/187669"}],"wp:attachment":[{"href":"https:\/\/www.europesays.com\/fr\/wp-json\/wp\/v2\/media?parent=187668"}],"wp:term":[{"taxonomy":"category","embeddable":true,"href":"https:\/\/www.europesays.com\/fr\/wp-json\/wp\/v2\/categories?post=187668"},{"taxonomy":"post_tag","embeddable":true,"href":"https:\/\/www.europesays.com\/fr\/wp-json\/wp\/v2\/tags?post=187668"}],"curies":[{"name":"wp","href":"https:\/\/api.w.org\/{rel}","templated":true}]}}