{"id":18767,"date":"2025-04-12T01:39:22","date_gmt":"2025-04-12T01:39:22","guid":{"rendered":"https:\/\/www.europesays.com\/fr\/18767\/"},"modified":"2025-04-12T01:39:22","modified_gmt":"2025-04-12T01:39:22","slug":"fatal-bazooka-va-chanter-ses-plus-grands-hits-au-warehouse","status":"publish","type":"post","link":"https:\/\/www.europesays.com\/fr\/18767\/","title":{"rendered":"Fatal Bazooka va chanter ses plus grands hits au Warehouse"},"content":{"rendered":"<p>            Par<br \/>\n        <strong><br \/>\n            <a href=\"https:\/\/actu.fr\/auteur\/laure-gentil\" title=\"Consulter tous les articles de Laure Gentil\" rel=\"nofollow noopener\" target=\"_blank\">Laure Gentil<\/a><br \/>\n        <\/strong><\/p>\n<p>        Publi\u00e9 le<\/p>\n<p>            11 avr. 2025 \u00e0 12h04        <\/p>\n<p>Qui ne conna\u00eet pas les chansons\u00a0Parle \u00e0 ma main, ou encore Fous Ta Cagoule\u2009? Les fans nantais de <strong>Micha\u00ebl Youn a.k.a Fatal Bazooka<\/strong> pourront les \u00e9couter en live au Warehouse en juin prochain.<\/p>\n<p>    <a href=\"https:\/\/www.facebook.com\/plugins\/post.php?href=https%3A%2F%2Fwww.facebook.com%2Fwarehousenantes%2Fposts%2Fpfbid0GGoNbDLtGYBiPSrmtJbq1h5HEuPtXyBT846potPspw7vBbBpj1VK4bcaQuYUUDbtl&amp;show_text=true&amp;width=350\" title=\"Ouvrie le lien\" rel=\"nofollow noopener\" target=\"_blank\">Cliquez ici pour visualiser le contenu<\/a><\/p>\n<p>Venir avec un d\u00e9guisement<\/p>\n<p class=\" wall-content\">L\u2019\u00e9quipe du Warehouse accueille Fatal Bazooka<strong> le 7\u00a0juin 2025 de 23\u2009h\u200959 \u00e0 6\u2009h du matin<\/strong>, le concert va donc durer une bonne partie de la nuit. Il est vivement conseill\u00e9 aux spectateurs de venir d\u00e9guis\u00e9s.<\/p>\n<p class=\" wall-content\">Les <strong>prix des places<\/strong> sont \u00e0 19,99\u00a0euros en pr\u00e9vente sur l\u2019application mobile, \u00e0 23,99\u00a0euros en pr\u00e9vente Early Bird sur l\u2019application mobile, \u00e0 27,99\u00a0euros en pr\u00e9vente classique, 30,99\u00a0euros en pr\u00e9vente \u00ab\u2009Last Chance\u2009\u00bb.<\/p>\n<p><a href=\"https:\/\/www.warehouse-nantes.fr\/event\/fatal-bazooka-mickael-youn-aux-commandes-du-warehouse-nantes#ticketing\" rel=\"nofollow noopener\" target=\"_blank\">Cliquez ici pour acc\u00e9der au site du Warehouse et r\u00e9server vos places.<\/a>Vid\u00e9os : en ce moment sur Actu<\/p>\n<p class=\" wall-content\">Suivez toute l\u2019actualit\u00e9 de vos villes et m\u00e9dias favoris en vous inscrivant \u00e0 <a href=\"https:\/\/moncompte.actu.fr\" title=\"D\u00e9couvez Mon Actu\" rel=\"nofollow noopener\" data-trk=\"{&quot;cta&quot;:{&quot;action&quot;:&quot;https:\\\/\\\/moncompte.actu.fr&quot;,&quot;category&quot;:&quot;mon compte&quot;,&quot;from&quot;:&quot;article footer&quot;,&quot;name&quot;:&quot;Mon actu&quot;,&quot;type&quot;:&quot;cta&quot;}}\" target=\"_blank\">Mon Actu<\/a>.<\/p>\n","protected":false},"excerpt":{"rendered":"Par Laure Gentil Publi\u00e9 le 11 avr. 2025 \u00e0 12h04 Qui ne conna\u00eet pas les chansons\u00a0Parle \u00e0 ma&hellip;\n","protected":false},"author":2,"featured_media":18768,"comment_status":"","ping_status":"","sticky":false,"template":"","format":"standard","meta":{"footnotes":""},"categories":[2818],"tags":[1111,11,1697,1777,674,1011,27,1652,1313,766,12,2636,25],"class_list":{"0":"post-18767","1":"post","2":"type-post","3":"status-publish","4":"format-standard","5":"has-post-thumbnail","7":"category-nantes","8":"tag-actu","9":"tag-actualites","10":"tag-concert","11":"tag-eu","12":"tag-europe","13":"tag-fr","14":"tag-france","15":"tag-loisirs-culture","16":"tag-michael-youn","17":"tag-nantes","18":"tag-news","19":"tag-pays-de-la-loire","20":"tag-republique-francaise"},"share_on_mastodon":{"url":"https:\/\/pubeurope.com\/@fr\/114322444393314944","error":""},"_links":{"self":[{"href":"https:\/\/www.europesays.com\/fr\/wp-json\/wp\/v2\/posts\/18767","targetHints":{"allow":["GET"]}}],"collection":[{"href":"https:\/\/www.europesays.com\/fr\/wp-json\/wp\/v2\/posts"}],"about":[{"href":"https:\/\/www.europesays.com\/fr\/wp-json\/wp\/v2\/types\/post"}],"author":[{"embeddable":true,"href":"https:\/\/www.europesays.com\/fr\/wp-json\/wp\/v2\/users\/2"}],"replies":[{"embeddable":true,"href":"https:\/\/www.europesays.com\/fr\/wp-json\/wp\/v2\/comments?post=18767"}],"version-history":[{"count":0,"href":"https:\/\/www.europesays.com\/fr\/wp-json\/wp\/v2\/posts\/18767\/revisions"}],"wp:featuredmedia":[{"embeddable":true,"href":"https:\/\/www.europesays.com\/fr\/wp-json\/wp\/v2\/media\/18768"}],"wp:attachment":[{"href":"https:\/\/www.europesays.com\/fr\/wp-json\/wp\/v2\/media?parent=18767"}],"wp:term":[{"taxonomy":"category","embeddable":true,"href":"https:\/\/www.europesays.com\/fr\/wp-json\/wp\/v2\/categories?post=18767"},{"taxonomy":"post_tag","embeddable":true,"href":"https:\/\/www.europesays.com\/fr\/wp-json\/wp\/v2\/tags?post=18767"}],"curies":[{"name":"wp","href":"https:\/\/api.w.org\/{rel}","templated":true}]}}