{"id":187670,"date":"2025-06-19T05:51:09","date_gmt":"2025-06-19T05:51:09","guid":{"rendered":"https:\/\/www.europesays.com\/fr\/187670\/"},"modified":"2025-06-19T05:51:09","modified_gmt":"2025-06-19T05:51:09","slug":"un-enfant-de-12-ans-meurt-dune-intoxication-alimentaire-dautres-cas-inquietent","status":"publish","type":"post","link":"https:\/\/www.europesays.com\/fr\/187670\/","title":{"rendered":"Un enfant de 12 ans meurt d\u2019une intoxication alimentaire, d\u2019autres cas inqui\u00e8tent"},"content":{"rendered":"<p>Les causes pr\u00e9cises d\u2019une contamination dramatique dans l\u2019<a href=\"https:\/\/www.20minutes.fr\/societe\/aisne\/\" target=\"_blank\" class=\"color-ultramarine c-link\" rel=\"nofollow noopener\">Aisne<\/a> sont toujours recherch\u00e9es. Un enfant est mort lundi \u00e0 Saint-Quentin apr\u00e8s une <a href=\"https:\/\/www.20minutes.fr\/dossier\/intoxication_alimentaire\" target=\"_blank\" class=\"color-ultramarine c-link\" rel=\"nofollow noopener\">intoxication alimentaire<\/a> s\u00e9v\u00e8re, et six autres cas ont \u00e9t\u00e9 recens\u00e9s dans la m\u00eame zone, a annonc\u00e9 mercredi la pr\u00e9fecture.<\/p>\n<p>\u00c2g\u00e9 de 12 ans, l\u2019enfant d\u00e9c\u00e9d\u00e9 a succomb\u00e9 \u00e0 un syndrome h\u00e9molytique et ur\u00e9mique (SHU), \u00ab\u00a0complication rare qui se caract\u00e9rise notamment par une insuffisance r\u00e9nale aigu\u00eb\u00a0\u00bb, \u00e9crit mercredi la pr\u00e9fecture du d\u00e9partement dans un communiqu\u00e9.<\/p>\n<p>Des analyses biologiques en cours<\/p>\n<p>\u00ab\u00a0Six autres enfants, r\u00e9sidant \u00e9galement \u00e0 Saint-Quentin ou dans les environs, ont \u00e9t\u00e9 pris en charge aux urgences du centre hospitalier de Saint-Quentin entre le 13 et le 18\u00a0juin pour symptomatologie digestive s\u00e9v\u00e8re (diarrh\u00e9es sanglantes), dont trois pr\u00e9sentent un SHU\u00a0\u00bb, poursuit la pr\u00e9fecture.<\/p>\n<\/p>\n<p>Sant\u00e9 publique France (SPF) et l\u2019Agence r\u00e9gionale de sant\u00e9 (ARS) des Hauts-de-France m\u00e8nent des investigations pour identifier l\u2019origine des contaminations. Des analyses biologiques ont \u00e9t\u00e9 lanc\u00e9es pour d\u00e9terminer si les souches bact\u00e9riennes ayant infect\u00e9 chaque enfant \u00ab\u00a0pr\u00e9sentent des caract\u00e9ristiques similaires entre elles\u00a0\u00bb.<\/p>\n<p>Les dangers de la bact\u00e9rie E. coli<\/p>\n<p>Selon les premiers \u00e9l\u00e9ments de l\u2019enqu\u00eate rapport\u00e9s par la pr\u00e9fecture, ces sept enfants n\u2019ont pas pris de repas en commun, ne fr\u00e9quentent pas tous les m\u00eames collectivit\u00e9s et les sources d\u2019approvisionnement alimentaire de leurs familles sont multiples.<\/p>\n<p><a href=\"https:\/\/www.20minutes.fr\/dossier\/bacterie_e_coli\" target=\"_blank\" class=\"c-link c-btn c-btn--primary\" rel=\"nofollow noopener\">Notre dossier sur la Bact\u00e9rie E.coli<\/a><\/p>\n<p>Maladie infectieuse rare, \u00ab\u00a0le plus souvent d\u2019origine alimentaire\u00a0\u00bb, le SHU survient dans la plupart des cas comme complication d\u2019une intoxication \u00e0 une bact\u00e9rie de la famille Escherichia coli (<a href=\"https:\/\/www.20minutes.fr\/dossier\/bacterie_e_coli\" target=\"_blank\" class=\"color-ultramarine c-link\" rel=\"nofollow noopener\">E. coli<\/a>), souligne le communiqu\u00e9, appelant les parents \u00e0 composer le 15 si leur enfant pr\u00e9sente des diarrh\u00e9es sanglantes.<\/p>\n","protected":false},"excerpt":{"rendered":"Les causes pr\u00e9cises d\u2019une contamination dramatique dans l\u2019Aisne sont toujours recherch\u00e9es. Un enfant est mort lundi \u00e0 Saint-Quentin&hellip;\n","protected":false},"author":2,"featured_media":187671,"comment_status":"","ping_status":"","sticky":false,"template":"","format":"standard","meta":{"footnotes":""},"categories":[4],"tags":[47,11,26788,258,32536,118,1011,27,811,25838,12,812,25,71,5699,133],"class_list":{"0":"post-187670","1":"post","2":"type-post","3":"status-publish","4":"format-standard","5":"has-post-thumbnail","7":"category-france","8":"tag-actualite","9":"tag-actualites","10":"tag-aisne","11":"tag-alimentation","12":"tag-bacterie-e-coli","13":"tag-faits-divers","14":"tag-fr","15":"tag-france","16":"tag-hauts-de-france","17":"tag-intoxication-alimentaire","18":"tag-news","19":"tag-picardie","20":"tag-republique-francaise","21":"tag-sante","22":"tag-sante-publique","23":"tag-video"},"share_on_mastodon":{"url":"https:\/\/pubeurope.com\/@fr\/114708472471012923","error":""},"_links":{"self":[{"href":"https:\/\/www.europesays.com\/fr\/wp-json\/wp\/v2\/posts\/187670","targetHints":{"allow":["GET"]}}],"collection":[{"href":"https:\/\/www.europesays.com\/fr\/wp-json\/wp\/v2\/posts"}],"about":[{"href":"https:\/\/www.europesays.com\/fr\/wp-json\/wp\/v2\/types\/post"}],"author":[{"embeddable":true,"href":"https:\/\/www.europesays.com\/fr\/wp-json\/wp\/v2\/users\/2"}],"replies":[{"embeddable":true,"href":"https:\/\/www.europesays.com\/fr\/wp-json\/wp\/v2\/comments?post=187670"}],"version-history":[{"count":0,"href":"https:\/\/www.europesays.com\/fr\/wp-json\/wp\/v2\/posts\/187670\/revisions"}],"wp:featuredmedia":[{"embeddable":true,"href":"https:\/\/www.europesays.com\/fr\/wp-json\/wp\/v2\/media\/187671"}],"wp:attachment":[{"href":"https:\/\/www.europesays.com\/fr\/wp-json\/wp\/v2\/media?parent=187670"}],"wp:term":[{"taxonomy":"category","embeddable":true,"href":"https:\/\/www.europesays.com\/fr\/wp-json\/wp\/v2\/categories?post=187670"},{"taxonomy":"post_tag","embeddable":true,"href":"https:\/\/www.europesays.com\/fr\/wp-json\/wp\/v2\/tags?post=187670"}],"curies":[{"name":"wp","href":"https:\/\/api.w.org\/{rel}","templated":true}]}}