{"id":187672,"date":"2025-06-19T05:52:14","date_gmt":"2025-06-19T05:52:14","guid":{"rendered":"https:\/\/www.europesays.com\/fr\/187672\/"},"modified":"2025-06-19T05:52:14","modified_gmt":"2025-06-19T05:52:14","slug":"en-direct-guerre-israel-iran-de-violentes-explosions-a-tel-aviv-et-jerusalem-un-hopital-touche","status":"publish","type":"post","link":"https:\/\/www.europesays.com\/fr\/187672\/","title":{"rendered":"EN DIRECT &#8211; Guerre Isra\u00ebl-Iran : de violentes explosions \u00e0 Tel-Aviv et J\u00e9rusalem, un h\u00f4pital touch\u00e9"},"content":{"rendered":"<ul class=\"jsx-862013697 ArticleChapo__List\">\n<li class=\"jsx-862013697 ArticleChapo__List_Item flex\">De violentes explosions sourdes et continues ont \u00e9t\u00e9 entendues jeudi matin \u00e0 J\u00e9rusalem et \u00e0 Tel-Aviv, ont indiqu\u00e9 des journalistes de l&rsquo;AFP.<\/li>\n<li class=\"jsx-862013697 ArticleChapo__List_Item flex\">Les explosions entendues vers 7h10 heure locale (6h10 heure fran\u00e7aise) sont les plus impressionnantes \u00e0 J\u00e9rusalem depuis le d\u00e9but de la guerre d\u00e9but\u00e9e le 13 juin.<\/li>\n<li class=\"jsx-862013697 ArticleChapo__List_Item flex\">Suivez les derni\u00e8res informations sur ce conflit.<\/li>\n<\/ul>\n<p><a href=\"https:\/\/www.tf1info.fr\/actualite\/israel-frappe-l-iran-qui-promet-une-riposte-d-ampleur-operation-rising-lion-sites-civils-et-militaires-nucleaires-14305\/\" rel=\"noopener\" class=\"jsx-484472199 Link jsx-1428418400 jsx-554215408\" target=\"_blank\"><\/p>\n<p style=\"font-weight:400\" class=\"jsx-1837267516\">Suivez la couverture compl\u00e8te<\/p>\n<p style=\"font-weight:800\" class=\"jsx-1837267516\">Isra\u00ebl-Iran en guerre, la crainte de l&rsquo;escalade<\/p>\n<p><\/a>Les \u00e9l\u00e9ments marquants06:58UN H\u00d4PITAL TOUCH\u00c9 EN ISRA\u00cbL<\/p>\n<p>Un h\u00f4pital du sud d&rsquo;Isra\u00ebl, \u00ab\u00a0le plus grand\u00a0\u00bb de la r\u00e9gion selon Tsahal, a \u00e9t\u00e9 touch\u00e9, apr\u00e8s l&rsquo;envoi d&rsquo;une nouvelle salve de missiles par l&rsquo;Iran ce jeudi matin.\u00a0\u00ab\u00a0Une frappe a touch\u00e9 l&rsquo;h\u00f4pital, causant d\u2019importants d\u00e9g\u00e2ts dans plusieurs zones. Nous proc\u00e9dons actuellement \u00e0 une \u00e9valuation des dommages, y compris [du nombre \u00e9ventuel de] bless\u00e9s\u00a0\u00bb, indique un communiqu\u00e9 de l&rsquo;h\u00f4pital.\u00a0\u00ab\u00a0Nous vous demandons de ne pas venir \u00e0 l\u2019h\u00f4pital maintenant\u00a0\u00bb, est-il encore pr\u00e9cis\u00e9.\u00a0<\/p>\n<p>De nombre de soldats isra\u00e9liens bless\u00e9s dans la bande de Gaza sont notamment soign\u00e9s dans cet \u00e9tablissement r\u00e9put\u00e9.\u00a0<\/p>\n<blockquote data-testid=\"EmbedTwitter\" id=\"tweet-1935559869987528962-:R76keb6ij9n79m:\" class=\"jsx-aeff1a1c40f54d7a twitter-tweet flex justify-center items-center\"><p>Plusieurs impacts ont \u00e9t\u00e9 identifi\u00e9s suite \u00e0 la salve de missiles, dont l\u2019un a touch\u00e9 le plus grand h\u00f4pital du sud d\u2019Isra\u00ebl.  https:\/\/t.co\/evd4gr8n8a \u2014 Tsahal (@Tsahal_IDF)  June 19, 2025<\/p><\/blockquote>\n<p>Minute par minute07:44UN LOURD BILAN <\/p>\n<p>Au moins 32 personnes ont \u00e9t\u00e9 bless\u00e9es en Isra\u00ebl apr\u00e8s des tirs de missiles iraniens, indiquent les secours. Ce bilan est encore tr\u00e8s provisoire, et pourrait continuer de s&rsquo;alourdir.\u00a0<\/p>\n<p>07:20DES PHOTOS DE L&rsquo;H\u00d4PITAL TOUCH\u00c9<\/p>\n<p>Un journaliste du Times of Isra\u00ebl publie sur X de photo de l&rsquo;h\u00f4pital de Soroka, \u00e0 Beersheba, touch\u00e9 ce jeudi par un missile iranien.\u00a0\u00ab\u00a0Le toit de l&rsquo;\u00e9tablissement est actuellement en feu\u00a0\u00bb, pr\u00e9cise Emmanuel Fabian.\u00a0<\/p>\n<blockquote data-testid=\"EmbedTwitter\" id=\"tweet-1935559823334220274-:R3j14qqb6ij9n79m:\" class=\"jsx-aeff1a1c40f54d7a twitter-tweet flex justify-center items-center\"><p>Iranian ballistic missile impact at Soroka Hospital in Beersheba  https:\/\/t.co\/8ih9H2QXUf pic.twitter.com\/CxIfjLgMBq \u2014 Emanuel (Mannie) Fabian (@manniefabian)  June 19, 2025<\/p><\/blockquote>\n<p>07:16AU C\u0152UR D&rsquo;UN CENTRE DE SECOURS<\/p>\n<p>Apr\u00e8s la derni\u00e8re attaque de l&rsquo;Iran sur Isra\u00ebl, notre envoy\u00e9e sp\u00e9ciale s&rsquo;est rendue au centre de contr\u00f4le du Magen David Adom &#8211; l&rsquo;\u00e9quivalent du Samu &#8211; de Tel-Aviv. \u00ab\u00a0Il y a eu une alerte un peu apr\u00e8s 7h. Il semble qu&rsquo;un b\u00e2timent ait \u00e9t\u00e9 touch\u00e9. C&rsquo;est ce qu&rsquo;on nous dit en tout cas ici. Les diff\u00e9rents agents sont en train de r\u00e9partir les ambulances. Vous pouvez voir sur les \u00e9crans, l\u00e0 par exemple, il y a 17 appels en cours des personnes en d\u00e9tresse\u00a0\u00bb, d\u00e9crit Claire Cambier.\u00a0<\/p>\n<p>Violentes explosions \u00e0 Tel-Aviv et J\u00e9rusalem : notre envoy\u00e9e sp\u00e9ciale depuis un centre de secoursSource : TF1 Info<\/p>\n<p><img decoding=\"async\" src=\"https:\/\/www.europesays.com\/fr\/wp-content\/uploads\/2025\/06\/violentes-explosions-a-tel-aviv-et-jerusalem-notre-envoyee-speciale-depuis-un-centre-de-secours-98d1.jpeg\" alt=\"Violentes explosions \u00e0 Tel-Aviv et J\u00e9rusalem : notre envoy\u00e9e sp\u00e9ciale depuis un centre de secours\" loading=\"lazy\" importance=\"low\" fetchpriority=\"low\" class=\"\"\/><img decoding=\"async\" src=\"https:\/\/www.tf1info.fr\/images\/icons\/player-logo-play.svg\" alt=\"Logo lecture\" class=\"jsx-d0de44c05fe3042c PlayerLazyload__Play\"\/>07:14&Prime;DES DIZAINES\u00a0\u00bb DE MISSILES<\/p>\n<p>\u00a0Selon un responsable militaire isra\u00e9lien, dont l&rsquo;AFP rapporte les propos, l&rsquo;Iran a tir\u00e9 \u00ab\u00a0des dizaines\u00a0\u00bb de missiles au cours de sa derni\u00e8re attaque sur Isra\u00ebl.\u00a0<\/p>\n<p>07:12D\u00c9PART FACILIT\u00c9 <\/p>\n<p>Emmanuel Macron a tenu un Conseil de d\u00e9fense ce mercredi 18 juin avec plusieurs membres du gouvernement. \u00c0 son issue, le pr\u00e9sident a appel\u00e9 le Quai d&rsquo;Orsay \u00e0 prendre des mesures pour rapatrier les Fran\u00e7ais actuellement en Iran ou en Isra\u00ebl. Il a \u00e9galement plaid\u00e9 pour que T\u00e9h\u00e9ran accepte d&rsquo;entamer des n\u00e9gociations sur son programme nucl\u00e9aire.<\/p>\n<p>International<img decoding=\"async\" src=\"https:\/\/www.europesays.com\/fr\/wp-content\/uploads\/2025\/06\/elysee-illus-2-7a4229-0@1x.jpeg\" alt=\"La France va &quot;faciliter le d\u00e9part&quot; de ses ressortissants bloqu\u00e9s en Iran et en Isra\u00ebl\" loading=\"lazy\" importance=\"low\" fetchpriority=\"low\" class=\"\" aria-hidden=\"true\"\/>07:10FAIRE \u00ab\u00a0REGRETTER ET PAYER\u00a0\u00bb<\/p>\n<p>\u00ab\u00a0L&rsquo;Iran continuera \u00e0 exercer son droit \u00e0 l&rsquo;autod\u00e9fense, avec fiert\u00e9 et bravoure, et nous ferons regretter et payer \u00e0 l&rsquo;agresseur sa grave erreur\u00a0\u00bb, a \u00e9crit mercredi sur X le chef de la diplomatie iranienne, Abbas Araghchi, accusant Isra\u00ebl de chercher \u00e0 \u00ab\u00a0\u00e9tendre les flammes \u00e0 la r\u00e9gion et au-del\u00e0\u00a0\u00bb.<\/p>\n<blockquote data-testid=\"EmbedTwitter\" id=\"tweet-1935444641282719921-:R3j34qqb6ij9n79m:\" class=\"jsx-aeff1a1c40f54d7a twitter-tweet flex justify-center items-center\"><p>By now, the whole world should know that:  (1) Iran solely acts in self-defense. Even in the face of the most outrageous aggression against our people, Iran has so far only retaliated against the Israeli regime and not those who are aiding and abetting it. Just like Netanyahu\u2026  pic.twitter.com\/cEUCaLHpAL \u2014 Seyed Abbas Araghchi (@araghchi)  June 18, 2025<\/p><\/blockquote>\n<p>07:06APPEL \u00c0 RESTER EN RETRAIT<\/p>\n<p>\u00ab\u00a0Netanyahou n&rsquo;est pas le pr\u00e9sident des \u00c9tats-Unis. Il ne devrait pas d\u00e9terminer la politique \u00e9trang\u00e8re et militaire des \u00c9tats-Unis. Si le peuple isra\u00e9lien soutient sa d\u00e9cision de d\u00e9clencher une guerre contre l&rsquo;Iran, c&rsquo;est son affaire et sa guerre. Les \u00c9tats-Unis ne doivent pas y participer\u00a0\u00bb, a \u00e9crit le s\u00e9nateur am\u00e9ricain Bernie Sanders sur X, mercredi.\u00a0<\/p>\n<blockquote data-testid=\"EmbedTwitter\" id=\"tweet-1935358440500773065-:R3j3kqqb6ij9n79m:\" class=\"jsx-aeff1a1c40f54d7a twitter-tweet flex justify-center items-center\"><p>Netanyahu is not the President of the United States.  He should not be determining U.S. foreign and military policy.  If the people of Israel support his decision to start a war with Iran, that is their business and their war.  The United States must not be a part of it. \u2014 Bernie Sanders (@BernieSanders)  June 18, 2025<\/p><\/blockquote>\n<p>07:01&Prime;L\u00c9GITIME D\u00c9FENSE\u00a0\u00bb<\/p>\n<p>Le ministre iranien des Affaires \u00e9trang\u00e8res, Abbas Araghchi, a d\u00e9clar\u00e9 que son pays restait attach\u00e9 \u00e0 la diplomatie. Cependant, il a assur\u00e9 que l&rsquo;Iran continuerait d&rsquo;agir en \u00e9tat de l\u00e9gitime d\u00e9fense apr\u00e8s l&rsquo;attaque surprise d&rsquo;Isra\u00ebl il y a pr\u00e8s d&rsquo;une semaine. Suivez les derni\u00e8res informations.<\/p>\n<p>06:58UN H\u00d4PITAL TOUCH\u00c9 EN ISRA\u00cbL<\/p>\n<p>Un h\u00f4pital du sud d&rsquo;Isra\u00ebl, \u00ab\u00a0le plus grand\u00a0\u00bb de la r\u00e9gion selon Tsahal, a \u00e9t\u00e9 touch\u00e9, apr\u00e8s l&rsquo;envoi d&rsquo;une nouvelle salve de missiles par l&rsquo;Iran ce jeudi matin.\u00a0\u00ab\u00a0Une frappe a touch\u00e9 l&rsquo;h\u00f4pital, causant d\u2019importants d\u00e9g\u00e2ts dans plusieurs zones. Nous proc\u00e9dons actuellement \u00e0 une \u00e9valuation des dommages, y compris [du nombre \u00e9ventuel de] bless\u00e9s\u00a0\u00bb, indique un communiqu\u00e9 de l&rsquo;h\u00f4pital.\u00a0\u00ab\u00a0Nous vous demandons de ne pas venir \u00e0 l\u2019h\u00f4pital maintenant\u00a0\u00bb, est-il encore pr\u00e9cis\u00e9.\u00a0<\/p>\n<p>De nombre de soldats isra\u00e9liens bless\u00e9s dans la bande de Gaza sont notamment soign\u00e9s dans cet \u00e9tablissement r\u00e9put\u00e9.\u00a0<\/p>\n<blockquote data-testid=\"EmbedTwitter\" id=\"tweet-1935559869987528962-:R3j4kqqb6ij9n79m:\" class=\"jsx-aeff1a1c40f54d7a twitter-tweet flex justify-center items-center\"><p>Plusieurs impacts ont \u00e9t\u00e9 identifi\u00e9s suite \u00e0 la salve de missiles, dont l\u2019un a touch\u00e9 le plus grand h\u00f4pital du sud d\u2019Isra\u00ebl.  https:\/\/t.co\/evd4gr8n8a \u2014 Tsahal (@Tsahal_IDF)  June 19, 2025<\/p><\/blockquote>\n<p>06:53NIVEAU D&rsquo;ALERTE ABAISS\u00c9<\/p>\n<p>Apr\u00e8s l&rsquo;envoi de plusieurs missiles par l&rsquo;Iran, le niveau d&rsquo;alerte a \u00e9t\u00e9 abaiss\u00e9 en Isra\u00ebl. La population peut quitter les abris, a annonc\u00e9 l&rsquo;arm\u00e9e peu avant 8h, heure locale. \u00ab\u00a0Des \u00e9quipes de recherche et de sauvetage sont d\u00e9ploy\u00e9es dans plusieurs localit\u00e9s du pays o\u00f9 ont \u00e9t\u00e9 signal\u00e9es des chutes de projectiles\u00a0\u00bb, indique un communiqu\u00e9 militaire. Selon un responsable militaire, l&rsquo;Iran a tir\u00e9 \u00ab\u00a0des dizaines\u00a0\u00bb de missiles au cours de cette attaque.<\/p>\n<p>06:45L&rsquo;IRAN CONFIRME L&rsquo;ENVOI DE MISSILES<\/p>\n<p>L&rsquo;Iran a confirm\u00e9 jeudi l&rsquo;envoi d&rsquo;une nouvelle salve de missiles sur Isra\u00ebl, selon un m\u00e9dia local, au septi\u00e8me jour d&rsquo;une guerre in\u00e9dite par son intensit\u00e9 entre l&rsquo;Iran et Isra\u00ebl, son ennemi jur\u00e9.<\/p>\n<p>\u00ab\u00a0Des missiles de pointe vrombissent au-dessus de Tel-Aviv\u00a0\u00bb, a indiqu\u00e9 l&rsquo;agence Fars, tandis que la t\u00e9l\u00e9vision d&rsquo;\u00c9tat iranienne diffuse des images en direct de Tel-Aviv.<\/p>\n<p>06:40QUE VA FAIRE TRUMP ?<\/p>\n<p>Donald Trump aurait valid\u00e9 des plans d&rsquo;attaque de l&rsquo;Iran, sans toutefois donner son feu vert, explique dans la vid\u00e9o ci-dessous H\u00e9l\u00e8ne Bonnet, notre envoy\u00e9e sp\u00e9ciale aux \u00c9tats-Unis. Un projet pourrait \u00eatre mis en place d\u00e8s la fin de semaine, selon le m\u00e9dia Bloomberg.<\/p>\n<p>Trump : tout est pr\u00eat pour frapper l&rsquo;Iran ?Source : TF1 Info<\/p>\n<p><img decoding=\"async\" src=\"https:\/\/www.europesays.com\/fr\/wp-content\/uploads\/2025\/06\/trump-tout-est-pret-pour-frapper-l-iran-0adb3b-0@1x.jpeg\" alt=\"Trump : tout est pr\u00eat pour frapper l'Iran ?\" loading=\"lazy\" importance=\"low\" fetchpriority=\"low\" class=\"\"\/><img decoding=\"async\" src=\"https:\/\/www.tf1info.fr\/images\/icons\/player-logo-play.svg\" alt=\"Logo lecture\" class=\"jsx-d0de44c05fe3042c PlayerLazyload__Play\"\/>06:373 MORTS ET 74 BLESS\u00c9S EN ISRA\u00cbL<\/p>\n<p>De multiples bombardements ont eu lieu ces derni\u00e8res heures. Voici le point sur la situation.\u00a0<\/p>\n<p>Frappes sur Isra\u00ebl : 3 morts, 74 bless\u00e9sSource : TF1 Info<\/p>\n<p><img decoding=\"async\" src=\"https:\/\/www.europesays.com\/fr\/wp-content\/uploads\/2025\/06\/frappes-sur-israel-3-morts-74-blesses-1-a077db-0@1x.jpeg\" alt=\"Frappes sur Isra\u00ebl : 3 morts, 74 bless\u00e9s\" loading=\"lazy\" importance=\"low\" fetchpriority=\"low\" class=\"\"\/><img decoding=\"async\" src=\"https:\/\/www.tf1info.fr\/images\/icons\/player-logo-play.svg\" alt=\"Logo lecture\" class=\"jsx-d0de44c05fe3042c PlayerLazyload__Play\"\/>06:23EXPLOSIONS \u00c0 TEL-AVIV ET J\u00c9RUSALEM<\/p>\n<p>De violentes explosions sourdes et continues ont \u00e9t\u00e9 entendues jeudi matin \u00e0 J\u00e9rusalem et \u00e0 Tel-Aviv, indiquent des journalistes de l&rsquo;AFP apr\u00e8s que l&rsquo;arm\u00e9e isra\u00e9lienne a mis en garde contre des tirs de missiles iraniens ayant d\u00e9clench\u00e9 des alertes dans de nombreuses r\u00e9gions d&rsquo;Isra\u00ebl.<\/p>\n<p>Selon ces sources, les d\u00e9tonations entendues vers 7h10 heure locale sont les plus impressionnantes \u00e0 J\u00e9rusalem depuis le d\u00e9but de la guerre d\u00e9but\u00e9e le 13 juin.<\/p>\n<p>06:19&Prime;L&rsquo;IRAN VA AVOIR BEAUCOUP D&rsquo;ENNUIS\u00a0\u00bb<\/p>\n<p>Donald Trump a assur\u00e9 mercredi n&rsquo;avoir pas encore pris de d\u00e9cision sur une \u00e9ventuelle participation des \u00c9tats-Unis aux frappes d&rsquo;Isra\u00ebl contre l&rsquo;Iran, affirmant devant la presse : \u00ab\u00a0Je vais peut-\u00eatre le faire, peut-\u00eatre pas\u00a0\u00bb.<\/p>\n<p>\u00ab\u00a0Personne ne sait ce que je vais faire. Je peux vous dire ceci : l&rsquo;Iran va avoir beaucoup d&rsquo;ennuis\u00a0\u00bb, a ajout\u00e9 le pr\u00e9sident am\u00e9ricain, lanc\u00e9 dans un long \u00e9change avec les journalistes sur la pelouse de la Maison Blanche, o\u00f9 il \u00e9tait venu inspecter l&rsquo;installation d&rsquo;un monumental m\u00e2t de drapeau.<\/p>\n<p>Frapper l&rsquo;Iran : le plan de Trump d\u00e9j\u00e0 pr\u00eat ?Source : TF1 Info<\/p>\n<p><img decoding=\"async\" src=\"https:\/\/www.europesays.com\/fr\/wp-content\/uploads\/2025\/06\/frapper-l-iran-le-plan-de-trump-deja-pret-a12cc2-0@1x.jpeg\" alt=\"Frapper l'Iran : le plan de Trump d\u00e9j\u00e0 pr\u00eat ?\" loading=\"lazy\" importance=\"low\" fetchpriority=\"low\" class=\"\"\/><img decoding=\"async\" src=\"https:\/\/www.tf1info.fr\/images\/icons\/player-logo-play.svg\" alt=\"Logo lecture\" class=\"jsx-d0de44c05fe3042c PlayerLazyload__Play\"\/>06:15&Prime;UNE SOLUTION PEUT \u00caTRE TROUV\u00c9E\u00a0\u00bb, ESTIME POUTINE<\/p>\n<p>Vladimir Poutine estime qu&rsquo;une \u00ab\u00a0solution\u00a0\u00bb qui pourrait convenir \u00e0 Isra\u00ebl et l&rsquo;Iran, pays alli\u00e9 de la Russie, pouvait \u00eatre \u00ab\u00a0trouv\u00e9e\u00a0\u00bb, assurant que les frappes isra\u00e9liennes ne faisaient que \u00ab\u00a0consolider\u00a0\u00bb le soutien de la population iranienne au pouvoir.<\/p>\n<p>\u00ab\u00a0C&rsquo;est une question d\u00e9licate, et il faut bien s\u00fbr \u00eatre tr\u00e8s prudent, mais \u00e0 mon avis, dans l&rsquo;ensemble, une solution peut \u00eatre trouv\u00e9e\u00a0\u00bb, d\u00e9clare le pr\u00e9sident russe lors d&rsquo;un \u00e9change avec des repr\u00e9sentants d&rsquo;agences de presse \u00e9trang\u00e8res, au sujet d&rsquo;une \u00e9ventuelle issue diplomatique au conflit.\u00a0<\/p>\n<p>06:14L&rsquo;IRAN NE SE RENDRA \u00ab\u00a0JAMAIS\u00a0\u00bb, DIT KHAMENEI<\/p>\n<p>Le guide supr\u00eame iranien, Ali Khamenei, a proclam\u00e9 mercredi que son pays ne se rendrait \u00ab\u00a0jamais\u00a0\u00bb face \u00e0 Isra\u00ebl, qui a multipli\u00e9 mercredi les frappes a\u00e9riennes contre l&rsquo;Iran avant d&rsquo;\u00eatre vis\u00e9 par de nouveaux missiles hypersoniques.<\/p>\n<p>Au sixi\u00e8me jour de guerre, l&rsquo;ayatollah Khamenei, au pouvoir depuis 1989, a mis en garde les Etats-Unis contre des \u00ab\u00a0dommages irr\u00e9parables\u00a0\u00bb s&rsquo;ils intervenaient dans le conflit.<\/p>\n<p>Il r\u00e9agissait aux menaces du pr\u00e9sident am\u00e9ricain Donald Trump, alli\u00e9 d&rsquo;Isra\u00ebl, qui a appel\u00e9 mardi l&rsquo;Iran \u00ab\u00a0\u00e0 capituler sans conditions\u00a0\u00bb et entretient le doute sur l&rsquo;\u00e9ventualit\u00e9 de frappes am\u00e9ricaines contre l&rsquo;Iran.<\/p>\n<p>06:13BONJOUR<\/p>\n<p>Bienvenue dans ce direct consacr\u00e9 au conflit entre Isra\u00ebl et l&rsquo;Iran. Suivez ici les derni\u00e8res actualit\u00e9s tout au long de la journ\u00e9e, mais aussi les \u00e9clairages de nos invit\u00e9s et envoy\u00e9s sp\u00e9ciaux sur place.\u00a0<\/p>\n<p data-module=\"article-paragraph\" class=\"jsx-3046738180 Paragraph Paragraph__End\">Le flou est total. Donald Trump a assur\u00e9 mercredi n&rsquo;avoir pas encore pris de d\u00e9cisions sur une \u00e9ventuelle participation des \u00c9tats-Unis aux frappes d&rsquo;Isra\u00ebl contre l&rsquo;Iran, affirmant devant la presse : \u00ab\u00a0Je vais peut-\u00eatre le faire, peut-\u00eatre pas\u00a0\u00bb. \u00ab\u00a0Personne ne sait ce que je vais faire\u00a0\u00bb, a ajout\u00e9 le pr\u00e9sident am\u00e9ricain, lanc\u00e9 dans un long \u00e9change avec les journalistes sur la pelouse de la Maison Blanche, o\u00f9 il \u00e9tait venu inspecter l&rsquo;installation d&rsquo;un monumental m\u00e2t de drapeau.<\/p>\n<p><a href=\"https:\/\/www.tf1info.fr\/international\/video-je-vais-peut-etre-le-faire-donald-trump-entretien-le-doute-sur-concernant-son-action-militaire-en-iran-2377787.html\" rel=\"noopener\" class=\"jsx-3308031228 Link flex\" target=\"_blank\"><img decoding=\"async\" src=\"https:\/\/www.europesays.com\/fr\/wp-content\/uploads\/2025\/06\/donald-trump-maison-blanche-18-juin-2025-bfbfe0-0@1x.jpeg\" alt=\"Donald Trump sur la pelouse de la Maison Blanche le 18 juin 2025.\" loading=\"lazy\" importance=\"low\" fetchpriority=\"low\" class=\"\"\/><\/p>\n<p class=\"jsx-3657663356 ReadMoreArticle__Title\">Lire aussi<\/p>\n<p class=\"jsx-3657663356\">Des frappes am\u00e9ricaines en Iran ? \u00ab\u00a0Je vais peut-\u00eatre le faire, peut-\u00eatre pas\u00a0\u00bb, lance Donald Trump<\/p>\n<p><\/a><\/p>\n<p data-module=\"article-paragraph\" class=\"jsx-3046738180 Paragraph\">Alors que les sp\u00e9culations s&rsquo;intensifient sur <a href=\"https:\/\/www.tf1info.fr\/international\/iran-israel-donald-trump-a-t-il-les-coudees-franches-s-il-souhaitait-entrer-en-guerre-2377704.html\" target=\"_blank\" rel=\"noopener\">une \u00e9ventuelle participation directe des \u00c9tats-Unis \u00e0 la guerre entre Isra\u00ebl et Iran (nouvelle fen\u00eatre)<\/a>, apr\u00e8s plusieurs jours d&rsquo;\u00e9changes de tirs intenses entre les deux pays ennemis, Donald Trump a plus tard lanc\u00e9 : \u00ab\u00a0Je n&rsquo;ai pas pris (de d\u00e9cision) finale\u00a0\u00bb. Cette fois depuis le Bureau ovale o\u00f9 il recevait des footballeurs de la Juventus Turin. \u00ab\u00a0J&rsquo;aime prendre une d\u00e9cision finale une seconde avant la limite\u00a0\u00bb, a-t-il ajout\u00e9, indiquant qu&rsquo;il s&rsquo;appr\u00eatait \u00e0 participer \u00e0 une r\u00e9union dans la \u00ab\u00a0Situation Room\u00a0\u00bb, salle de crise en sous-sol de la Maison Blanche, o\u00f9 se prennent les d\u00e9cisions militaires les plus sensibles.<\/p>\n<p data-module=\"article-paragraph\" class=\"jsx-3046738180 Paragraph Paragraph__End\">\u00ab\u00a0Je ne cherche pas \u00e0 me battre. Mais si le choix c&rsquo;est de se battre ou qu&rsquo;ils aient la bombe nucl\u00e9aire, il faut faire ce qu&rsquo;il y a \u00e0 faire. Et peut-\u00eatre que nous n&rsquo;aurons pas \u00e0 nous battre\u00a0\u00bb, a-t-il encore dit, toujours de mani\u00e8re \u00e9nigmatique. Le pr\u00e9sident am\u00e9ricain, interrog\u00e9 sur une possible chute du pouvoir actuel \u00e0 T\u00e9h\u00e9ran, a estim\u00e9 que cela \u00ab\u00a0pourrait se produire\u00a0\u00bb.<\/p>\n<p data-module=\"article-paragraph\" class=\"jsx-3046738180 Paragraph\">Le dirigeant r\u00e9publicain a assur\u00e9 que l&rsquo;Iran \u00e9tait entr\u00e9 en contact avec les \u00c9tats-Unis pour n\u00e9gocier. \u00ab\u00a0Oui\u00a0\u00bb, a-t-il r\u00e9pondu \u00e0 la question de savoir si l&rsquo;Iran avait contact\u00e9 les \u00c9tats-Unis. \u00ab\u00a0Je leur ai dit que c&rsquo;\u00e9tait tr\u00e8s tard pour discuter (&#8230;). Il y a une grosse diff\u00e9rence entre maintenant et il y a une semaine, n&rsquo;est-ce pas ?\u00a0\u00bb. \u00ab\u00a0Ils ont m\u00eame sugg\u00e9r\u00e9 de venir \u00e0 la Maison Blanche\u00a0\u00bb, a ajout\u00e9 Donald Trump.<\/p>\n<p data-module=\"article-paragraph\" class=\"jsx-3046738180 Paragraph Paragraph__End\">L&rsquo;Iran a rapidement d\u00e9menti. \u00ab\u00a0Aucun responsable iranien n&rsquo;a jamais demand\u00e9 \u00e0 ramper aux portes de la Maison Blanche\u00a0\u00bb, a \u00e9crit sur X la mission iranienne aupr\u00e8s des Nations Unies. \u00ab\u00a0La seule chose plus m\u00e9prisable que ses mensonges est sa menace l\u00e2che de &lsquo;supprimer&rsquo; le guide supr\u00eame iranien\u00a0\u00bb, a-t-elle attaqu\u00e9. \u00ab\u00a0L&rsquo;Iran ne n\u00e9gocie PAS sous la contrainte\u00a0\u00bb et \u00ab\u00a0n&rsquo;acceptera PAS la paix sous la contrainte\u00a0\u00bb, a-t-elle encore r\u00e9pondu \u00e0 l'\u00a0\u00bbultime ultimatum\u00a0\u00bb d\u00e9crit par Donald Trump un peu plus t\u00f4t. \u00ab\u00a0Ils veulent n\u00e9gocier\u00a0\u00bb, a d\u00e9clar\u00e9 le pr\u00e9sident am\u00e9ricain. \u00ab\u00a0Je leur ai dit : &lsquo;Pourquoi n&rsquo;avez-vous pas n\u00e9goci\u00e9 avec moi avant tous ces morts et ces destructions ? Pourquoi n&rsquo;avez-vous pas n\u00e9goci\u00e9 avec moi il y a deux semaines ?'\u00a0\u00bb, a-t-il ajout\u00e9, estimant qu&rsquo;il n&rsquo;\u00e9tait \u00ab\u00a0pas trop tard\u00a0\u00bb.<\/p>\n<p>La r\u00e9daction de TF1info<\/p>\n<p><script async src=\"https:\/\/platform.twitter.com\/widgets.js\" charset=\"utf-8\"><\/script><\/p>\n","protected":false},"excerpt":{"rendered":"De violentes explosions sourdes et continues ont \u00e9t\u00e9 entendues jeudi matin \u00e0 J\u00e9rusalem et \u00e0 Tel-Aviv, ont indiqu\u00e9&hellip;\n","protected":false},"author":2,"featured_media":187673,"comment_status":"","ping_status":"","sticky":false,"template":"","format":"standard","meta":{"footnotes":""},"categories":[2],"tags":[1111,11,1921,952,75,73,1011,27,1922,3019,664,32447,32448,12,133,1920],"class_list":{"0":"post-187672","1":"post","2":"type-post","3":"status-publish","4":"format-standard","5":"has-post-thumbnail","7":"category-actualites","8":"tag-actu","9":"tag-actualites","10":"tag-article-video","11":"tag-benyamin-netanyahou","12":"tag-donald-trump","13":"tag-etats-unis","14":"tag-fr","15":"tag-france","16":"tag-info","17":"tag-iran","18":"tag-israel","19":"tag-israel-iran-en-guerre","20":"tag-la-crainte-de-lescalade","21":"tag-news","22":"tag-video","23":"tag-video-international"},"share_on_mastodon":{"url":"https:\/\/pubeurope.com\/@fr\/114708476611047551","error":""},"_links":{"self":[{"href":"https:\/\/www.europesays.com\/fr\/wp-json\/wp\/v2\/posts\/187672","targetHints":{"allow":["GET"]}}],"collection":[{"href":"https:\/\/www.europesays.com\/fr\/wp-json\/wp\/v2\/posts"}],"about":[{"href":"https:\/\/www.europesays.com\/fr\/wp-json\/wp\/v2\/types\/post"}],"author":[{"embeddable":true,"href":"https:\/\/www.europesays.com\/fr\/wp-json\/wp\/v2\/users\/2"}],"replies":[{"embeddable":true,"href":"https:\/\/www.europesays.com\/fr\/wp-json\/wp\/v2\/comments?post=187672"}],"version-history":[{"count":0,"href":"https:\/\/www.europesays.com\/fr\/wp-json\/wp\/v2\/posts\/187672\/revisions"}],"wp:featuredmedia":[{"embeddable":true,"href":"https:\/\/www.europesays.com\/fr\/wp-json\/wp\/v2\/media\/187673"}],"wp:attachment":[{"href":"https:\/\/www.europesays.com\/fr\/wp-json\/wp\/v2\/media?parent=187672"}],"wp:term":[{"taxonomy":"category","embeddable":true,"href":"https:\/\/www.europesays.com\/fr\/wp-json\/wp\/v2\/categories?post=187672"},{"taxonomy":"post_tag","embeddable":true,"href":"https:\/\/www.europesays.com\/fr\/wp-json\/wp\/v2\/tags?post=187672"}],"curies":[{"name":"wp","href":"https:\/\/api.w.org\/{rel}","templated":true}]}}