{"id":187692,"date":"2025-06-19T06:03:41","date_gmt":"2025-06-19T06:03:41","guid":{"rendered":"https:\/\/www.europesays.com\/fr\/187692\/"},"modified":"2025-06-19T06:03:41","modified_gmt":"2025-06-19T06:03:41","slug":"la-fraude-ecolo-politique-a-grenoble","status":"publish","type":"post","link":"https:\/\/www.europesays.com\/fr\/187692\/","title":{"rendered":"LA FRAUDE \u00c9COLO POLITIQUE \u00c0 GRENOBLE"},"content":{"rendered":"<p>Posted On 19 juin 2025 <\/p>\n<p style=\"text-align: justify;\">Juge et partie. \u00c0 Grenoble cette fraude est syst\u00e9matis\u00e9e sur tous les sujets. On n&rsquo;entend que des avis d&rsquo;organisations, d&rsquo;associations, d&rsquo;ONG compos\u00e9es d&rsquo;agents des Rouge\/Verts. Le dernier en date \u00e9tant le passage de C\u00e9cile Duflot, d\u00e9sormais directrice g\u00e9n\u00e9rale de l&rsquo;ONG Oxfam &#8211; car les vases communicants sont permanents de la politique aux ONG &#8211; <a href=\"https:\/\/grenoble-le-changement.fr\/2025\/06\/18\/25-de-logements-sociaux-piolle-jubile-pendant-que-grenoble-senfonce\/\" rel=\"nofollow noopener\" target=\"_blank\">venue f\u00e9liciter Piolle pour sa politique du logement<\/a> qu&rsquo;elle conduisait&#8230; comme Ministre Verts. Pourquoi se g\u00eaner.\u00a0<\/p>\n<p style=\"text-align: justify;\">Pareil sur toutes les questions relatives au racisme, aux discriminations. <a href=\"https:\/\/grenoble-le-changement.fr\/2023\/04\/12\/la-verite-sur-les-liens-secrets-de-piolle-avec-lextreme-gauche\/\" rel=\"nofollow noopener\" target=\"_blank\">Ceux qui tiennent le haut du pav\u00e9<\/a>, qui sont invit\u00e9s dans le cadre de la \u00ab\u00a0<a href=\"https:\/\/grenoble-le-changement.fr\/2025\/04\/04\/biennale-des-villes-en-transition-la-grande-arnaque\/\" rel=\"nofollow noopener\" target=\"_blank\">Biennale des villes en Transition<\/a>\u00ab\u00a0, s&rsquo;appellent Fatima Ouassak pour laquelle \u00ab\u00a0l&rsquo;\u00e9cologie est un outil contre\u00a0 le colonial\/capitalisme\u00a0\u00bb\u00a0(!) et \u00ab\u00a0le communautarisme n&rsquo;existe pas, c&rsquo;est une invention de l&rsquo;extr\u00eame droite\u00a0\u00bb.\u00a0<a href=\"https:\/\/grenoble-le-changement.fr\/2025\/03\/09\/8-mars-la-municipalite-abuse-de-la-ville-pour-son-ideologie\/\" rel=\"nofollow noopener\" target=\"_blank\">Ou dans le cadre de la journ\u00e9e internationale du 8 mars<\/a>, Douce Dibondo qui se d\u00e9finit comme \u00ab\u00a0une femme noire, queer et afrof\u00e9ministe radicale\u00a0\u00bb et\u00a0d\u00e9nonce l&rsquo;universalisme fran\u00e7ais qui n&rsquo;est qu&rsquo;un outil d&rsquo;assujettissement des\u00a0\u00ab\u00a0personnes racis\u00e9es\u00a0\u00bb. Jamais Vincent Tournier, chercheur, Maitre de Conf\u00e9rence \u00e0 Sciences Po q<a href=\"https:\/\/grenoble-le-changement.fr\/2025\/06\/13\/le-mythe-du-racisme-systemique-demonte-par-un-prof-de-sciences-po-grenoble\/\" rel=\"nofollow noopener\" target=\"_blank\">ui d\u00e9montre que le rejet du racialisme est consubstantiel \u00e0 l&rsquo;histoire de la France &#8230;<\/a><\/p>\n<p><img decoding=\"async\" data-id=\"28958\" src=\"https:\/\/i2.wp.com\/grenoble-le-changement.fr\/wp-content\/uploads\/2018\/06\/PiolleKermenDuflot-.jpg?w=678&amp;ssl=1\" alt=\"\" class=\"wp-image-28958 jetpack-lazy-image\" data-recalc-dims=\"1\" data-lazy-src=\"https:\/\/www.europesays.com\/fr\/wp-content\/uploads\/2025\/06\/PiolleKermenDuflot-.jpg\" \/><\/p>\n<p><img decoding=\"async\" data-id=\"17427\" src=\"https:\/\/i2.wp.com\/grenoble-le-changement.fr\/wp-content\/uploads\/2017\/07\/Bertrand-Dufflot.png?w=678&amp;ssl=1\" alt=\"\" class=\"wp-image-17427 jetpack-lazy-image\" data-recalc-dims=\"1\" data-lazy-src=\"https:\/\/www.europesays.com\/fr\/wp-content\/uploads\/2025\/06\/Bertrand-Dufflot.png\" \/><br \/>\nC\u00e9cile Duflot voyage et fait la propagande des Rouge\/Verts aux frais d&rsquo;OXFAM, une ONG dont elle est directrice g\u00e9n\u00e9rale, pay\u00e9e pour partie par le contribuable national et europ\u00e9en, apr\u00e8s l&rsquo;avoir faite dans le parti&#8230;. (ici avec Eric Piolle, Pierre Kermen, Olivier Bertrand..) <\/p>\n<p><strong>LA BIENVEILLANCE ET LE RESPECT, DEUX MAMELLES DE LA MAJORIT\u00c9 GRENOBLOISE<\/strong><\/p>\n<p style=\"text-align: justify;\">Cette confusion des sentiments, ce m\u00e9lange des genres, ces conflits d&rsquo;int\u00e9r\u00eats sont permanents et organis\u00e9s. Ainsi Alternatiba reproduit exactement &#8211; aux mots m\u00eames &#8211; le programme des rouge\/Verts : \u00abpour une soci\u00e9t\u00e9 \u00e9cologiquement soutenable, socialement juste et d\u00e9mocratique, bas\u00e9e sur des valeurs de solidarit\u00e9, de partage, d\u2019entraide et de coop\u00e9ration, une culture de la non-violence, de tol\u00e9rance, de bienveillance et de respect \u00bb. On sait ce qu&rsquo;il en est de la bienveillance et du respect de la part de la majorit\u00e9 municipale, mais peu importe.<\/p>\n<p style=\"text-align: justify;\"><strong>ALTERNATIBA LOG\u00c9E PAR LA VILLE, SA RESPONSABLE CANDIDATE VERTS<\/strong><\/p>\n<p style=\"text-align: justify;\">L&rsquo;association est log\u00e9e&#8230; par la ville \u00e0 l&rsquo;esplanade et \u00e0 l&rsquo;inauguration du si\u00e8ge seuls les \u00e9lus de la majorit\u00e9 municipale \u00e9taient invit\u00e9s ! Sa responsable Fabienne Mahrez n&rsquo;est plus mise en lumi\u00e8re depuis que nous avons rappel\u00e9 qu&rsquo;elle \u00e9tait m\u00eame candidate aux d\u00e9partementales sur la liste des Verts. Elle est de toutes les op\u00e9rations : r\u00e9seau citoyen (!), Alternatiba et m\u00eame le collectif Roosevelt 2012, celui qui engage les signataires sur l\u2019honneur \u00e0 n\u2019avoir aucun rapport avec les paradis fiscaux. Il s\u2019av\u00e8re qu\u2019Eric Piolle en est signataire \u00e9galement et <a href=\"https:\/\/grenoble-le-changement.fr\/2021\/02\/18\/f-mahrez-et-e-piolle-le-business-des-verts\/.%20https:\/\/grenoble-le-changement.fr\/2017\/01\/26\/demain-e-piolle-interpelle-sur-singapour-par-f-mahrez-collectif-roosevelt\/\" rel=\"nofollow noopener\" target=\"_blank\"><strong>qu\u2019elle ne demande aucun compte \u00e0 l\u2019actionnaire \u00e0 Singapour&#8230;<\/strong><\/a><\/p>\n<p style=\"text-align: justify;\"><strong>PIOLLE \u00c0 SINGAPOUR, JAMAIS DANS LE VISEUR<\/strong><\/p>\n<p style=\"text-align: justify;\">Une grande farce, une grande fraude \u00e0 grande \u00e9chelle en r\u00e9alit\u00e9. <a href=\"https:\/\/grenoble-le-changement.fr\/2018\/08\/07\/alternatiba-va-t-il-interpeller-e-piolle\/\" rel=\"nofollow noopener\" target=\"_blank\">N&rsquo;a t-elle pas organis\u00e9 des conf\u00e9rences contre &#8230; les paradis fiscaux<\/a> ? D\u00e9robant des chaises \u00e0 HSBC et BNPParibas pour d\u00e9montrer que \u00ab l\u2019argent existe, il est dans les paradis fiscaux \u00bb alors que la soci\u00e9t\u00e9 de Piolle \u00e0 Singapour vend des <a href=\"https:\/\/grenoble-le-changement.fr\/2021\/04\/21\/piolle-a-singapour-nouvelles-revelations-de-marianne\/\" rel=\"nofollow noopener\" target=\"_blank\">logiciels de s\u00e9curisation financi\u00e8re \u00e0 ces m\u00eames banques.\u00a0<\/a><\/p>\n<p style=\"text-align: justify;\">Quand serait-il avec Alternatiba si un Maire de droite avait \u00e9t\u00e9 actionnaire d&rsquo;une soci\u00e9t\u00e9 subventionn\u00e9e <a href=\"https:\/\/grenoble-le-changement.fr\/4524-2\/\" rel=\"nofollow noopener\" target=\"_blank\">sur fonds publics qui avait transport\u00e9 son si\u00e8ge \u00e0 Singapour<\/a> ? Les petits hommes verts camperaient devant l&rsquo;h\u00f4tel de ville<\/p>\n<p><a href=\"https:\/\/i0.wp.com\/grenoble-le-changement.fr\/wp-content\/uploads\/2025\/06\/Capture-de\u0301cran-2025-06-18-a\u0300-11.02.10.png?ssl=1\" rel=\"lightbox[82696] nofollow noopener\" target=\"_blank\"><img decoding=\"async\" data-id=\"82698\" src=\"https:\/\/i0.wp.com\/grenoble-le-changement.fr\/wp-content\/uploads\/2025\/06\/Capture-de\u0301cran-2025-06-18-a\u0300-11.02.10.png?resize=678%2C353&amp;ssl=1\" alt=\"\" class=\"wp-image-82698 jetpack-lazy-image\" data-recalc-dims=\"1\" data-lazy-src=\"https:\/\/i0.wp.com\/grenoble-le-changement.fr\/wp-content\/uploads\/2025\/06\/Capture-de\u0301cran-2025-06-18-a\u0300-11.02.10.png?resize=678%2C353&amp;is-pending-load=1#038;ssl=1\" \/><\/a><\/p>\n<p><a href=\"https:\/\/i1.wp.com\/grenoble-le-changement.fr\/wp-content\/uploads\/2025\/06\/Capture-de\u0301cran-2025-06-18-a\u0300-11.03.55.png?ssl=1\" rel=\"lightbox[82696] nofollow noopener\" target=\"_blank\"><img decoding=\"async\" data-id=\"82697\" src=\"https:\/\/i1.wp.com\/grenoble-le-changement.fr\/wp-content\/uploads\/2025\/06\/Capture-de\u0301cran-2025-06-18-a\u0300-11.03.55.png?w=678&amp;ssl=1\" alt=\"\" class=\"wp-image-82697 jetpack-lazy-image\" data-recalc-dims=\"1\" data-lazy-src=\"https:\/\/i1.wp.com\/grenoble-le-changement.fr\/wp-content\/uploads\/2025\/06\/Capture-de\u0301cran-2025-06-18-a\u0300-11.03.55.png?w=678&amp;is-pending-load=1#038;ssl=1\" \/><\/a><br \/>\nLaurence Ruffin, la candidate d\u00e9sign\u00e9e par Piolle \u00e0 gauche, Alternatiba, \u00e0 droite, le m\u00eame marketing de \u00ab\u00a0citoyens\u00a0\u00bb sans aucun nom de famille, derri\u00e8re lesquels est camoufl\u00e9 tout l&rsquo;appareil des Rouge\/Verts et de l&rsquo;ADES qui tient les manettes<\/p>\n<p><strong>\u00ab\u00a0CLAIREMENT \u00c0 GAUCHE &#8230;\u00a0\u00bb<\/strong><\/p>\n<p style=\"text-align: justify;\">Le DL (11\/6\/25) accorde une page \u00e0 Alternatiba qui \u00ab\u00a0juge\u00a0\u00bb l&rsquo;action des municipalit\u00e9s en mati\u00e8re d&rsquo;\u00e9cologie. Jean-Benoit Vigny pr\u00e9cise tout de m\u00eame, sans aller plus loin, que l&rsquo;association est \u00ab\u00a0clairement ancr\u00e9e \u00e0 gauche\u00a0\u00bb ce qui va mieux en le disant. Mais d&rsquo;une certaine gauche.\u00a0<\/p>\n<p style=\"text-align: justify;\"><strong>&#8230; F\u00c9LICITE LES MUNICIPALIT\u00c9S DE SON CAMP<\/strong><\/p>\n<p style=\"text-align: justify;\">Car ce sont \u00e9videmment les municipalit\u00e9s Rouge\/Verts de Grenoble, St Egr\u00e8ve et Eybens qui sont f\u00e9licit\u00e9es et la M\u00e9tropole et le SMMAG contre lesquels la majorit\u00e9 municipale est en guerre, point\u00e9s du doigt. En particulier \u00ab le manque d\u2019engagement financier pour les mobilit\u00e9s contrairement \u00e0 d\u2019autres m\u00e9tropoles fran\u00e7aises \u00bb. Et pan sur la b\u00eate noire des Rouge\/Verts : Sylvain Laval. Mais rien sur le SMMAG rendu exsangue par la gestion Mongaburu (Verts\/Ades), l&rsquo;absence de pr\u00e9vision du mat\u00e9riel roulant obsol\u00e8te en 2026\/27, contraignant de <a href=\"https:\/\/grenoble-le-changement.fr\/2024\/11\/11\/transports-en-communs-insecurite-et-une-nouvelle-bombe-financiere\/\" rel=\"nofollow noopener\" target=\"_blank\">changer toutes les rames (300 millions d&rsquo;euros)<\/a> sans avoir le premier sous. Rien sur le Plan de D\u00e9placement (PDU) vot\u00e9 en 2019 par les m\u00eames et pas financ\u00e9 au 2\/3 ! Alternatiba n&rsquo;a rien vu&#8230;<\/p>\n<p style=\"text-align: justify;\"><strong>FERRARI NE \u00ab\u00a0SOUTIENT PAS ASSEZ LE COMMERCE GRENOBLOIS\u00a0\u00bb<\/strong> (!)\u00a0<\/p>\n<p style=\"text-align: justify;\">Quand au malheureux Christophe Ferrari, le Pr\u00e9sident (Place Publique d\u00e9sormais) de la M\u00e9tropole, il est responsable de la chute du commerce grenoblois ! En effet il a appliqu\u00e9 avec discipline la politique de fermeture de la ville exig\u00e9e par la municipalit\u00e9 et soutenue par&#8230; Alternatiba. \u00ab\u00a0Il ne soutient pas assez le commerce grenoblois\u00a0\u00bb (!). Mais pas un mot sur Piolle&#8230;<\/p>\n<p><img decoding=\"async\" data-id=\"68914\" src=\"https:\/\/i2.wp.com\/grenoble-le-changement.fr\/wp-content\/uploads\/2023\/10\/Alternatiba-Namur-Belair-.png?w=678&amp;ssl=1\" alt=\"\" class=\"wp-image-68914 jetpack-lazy-image\" data-recalc-dims=\"1\" data-lazy-src=\"https:\/\/www.europesays.com\/fr\/wp-content\/uploads\/2025\/06\/Alternatiba-Namur-Belair-.png\" \/><\/p>\n<p><img decoding=\"async\" data-id=\"64371\" src=\"https:\/\/grenoble-le-changement.fr\/wp-content\/uploads\/2023\/07\/Alternatiba-Attac-BNP-Paribas-24-scaled-1.webp\" alt=\"\" class=\"wp-image-64371 jetpack-lazy-image\" data-lazy-src=\"https:\/\/www.europesays.com\/fr\/wp-content\/uploads\/2025\/04\/Alternatiba-Attac-BNP-Paribas-24-scaled-1.webp\" \/><\/p>\n<p><img decoding=\"async\" data-id=\"71429\" src=\"https:\/\/grenoble-le-changement.fr\/wp-content\/uploads\/2024\/01\/alternatiba-rue-H-berlioz-stationnement-interdit-.webp\" alt=\"\" class=\"wp-image-71429 jetpack-lazy-image\" data-lazy-src=\"https:\/\/www.europesays.com\/fr\/wp-content\/uploads\/2025\/04\/alternatiba-rue-H-berlioz-stationnement-interdit-.webp\" \/><br \/>\nAlternatiba inaugure son si\u00e8ge avec les seuls \u00e9lus de la majorit\u00e9, Gilles Namur et Margot Belair ; devant la BNPParibas \u00e0 Grenoble mais oubliant Piolle \u00e0 Singapour ; et rue Hector Berlioz les voitures en stationnement interdit pour installer les stands au jardin de ville pour sauver la plan\u00e8te sans voitures &#8230;. <\/p>\n<p><strong>&#8230; ET \u00ab\u00a0N&rsquo;A PAS MIS EN PLACE LA GRATUIT\u00c9 DES TRANSPORTS\u00a0\u00bb (!)\u00a0<\/strong><\/p>\n<p style=\"text-align: justify;\">Il lui est aussi reproch\u00e9\u00a0 de \u00ab\u00a0n&rsquo;avoir pas mis en place la gratuit\u00e9 des transports en communs le week end\u00a0\u00bb. Hasard, c&rsquo;est la revendication des \u00e9lus Rouge\/Verts. Il est \u00e9trange qu&rsquo;Alternatiba ne reproche pas d&rsquo;abord aux \u00e9lus grenoblois qui \u00e9taient aux responsabilit\u00e9s des transports publics de n&rsquo;avoir pas mis en place la gratuit\u00e9 des transports en communs au 18\/25 ans. Ils l&rsquo;avait promise dans leur programme de 2014. Tandis qu&rsquo; \u00e0 notre connaissance &#8211; sans le d\u00e9fendre ! &#8211; il n&rsquo;existait aucune promesse de gratuit\u00e9 dans le programme de Christophe Ferrari .\u00a0<\/p>\n<p style=\"text-align: justify;\"><strong>Y. MONGABURU (Verts\/Ades) AVAIT FIX\u00c9 \u00c0 31% LA PART DES USAGERS EN 2030<\/strong><\/p>\n<p style=\"text-align: justify;\">Et dans le PDU (Plan de D\u00e9placements) pr\u00e9sent\u00e9 par Yann Mongaburu et vot\u00e9 par la m\u00e9tropole en 2019, la contribution des usagers au financement des transports en communs \u00e9tait fix\u00e9e \u00e0 31 % en 2030. Elle n&rsquo;int\u00e9grait donc aucunement une baisse de recettes li\u00e9e \u00e0 la \u00ab\u00a0gratuit\u00e9\u00a0\u00bb m\u00eame partielle&#8230; Alternatiba n&rsquo;en dit rien.<\/p>\n<p style=\"text-align: justify;\"><strong>L. RUFFIN (Verts\/LFI) DEMANDE AUX GRENOBLOIS \u00ab\u00a0QUEL EST LEUR R\u00caVE\u00a0\u00bb ?<\/strong><\/p>\n<p style=\"text-align: justify;\">On est donc bien dans l&rsquo;imposture la plus totale. Le faux r\u00e8gne en maitre derri\u00e8re les gentils tee-shirts verts. La m\u00eame op\u00e9ration est effectu\u00e9e avec la candidate d\u00e9sign\u00e9e par Eric Piolle qui a pr\u00e9sent\u00e9 \u00ab\u00a0Gr\u00e9goire, Pascal, Apolline, Nicolas et Laurence\u00a0\u00bb (!) pour demander aux grenoblois \u00ab\u00a0quel est leur r\u00eave pour Grenoble\u00a0\u00bb . Pas de noms. Les grenoblois devraient faire comme elle, <a href=\"https:\/\/grenoble-le-changement.fr\/2024\/11\/23\/laurence-ruffin-verts-lfi-petits-mensonges-et-gros-sabots\/\" rel=\"nofollow noopener\" target=\"_blank\">partir un an en Afrique, faire une croisi\u00e8re en Asie pour y r\u00e9fl\u00e9chir.\u00a0<\/a><\/p>\n<p style=\"text-align: justify;\"><strong>DES GENTILS CITOYENS DES VERTS\/ADES FORMAT\u00c9S \u00c0 PARIS<\/strong><\/p>\n<p style=\"text-align: justify;\">Pas tout \u00e0 fait dupe, Eve Moulinier ( DL du 11\/6\/25) avait tout de m\u00eame relev\u00e9 que ces gentils citoyens se trouvent souvent \u00eatre \u00ab\u00a0des membres de l\u2019Ades\u00a0\u00bb,<a href=\"https:\/\/grenoble-le-changement.fr\/raymond-avrillier-le-tartuffe-rouge-verts-bouge-encore\/\" rel=\"nofollow noopener\" target=\"_blank\"> la secte politique de R. Avrillier,<\/a> form\u00e9s par une association parisienne. Format\u00e9s donc.\u00a0<\/p>\n<p><img decoding=\"async\" data-id=\"81551\" src=\"https:\/\/i2.wp.com\/grenoble-le-changement.fr\/wp-content\/uploads\/2025\/04\/grenoble-mag-ruffin.png?w=678&amp;ssl=1\" alt=\"\" class=\"wp-image-81551 jetpack-lazy-image\" data-recalc-dims=\"1\" data-lazy-src=\"https:\/\/www.europesays.com\/fr\/wp-content\/uploads\/2025\/06\/grenoble-mag-ruffin.png\" \/><br \/>\nLaurence Ruffin, la candidate d\u00e9sign\u00e9e par Eric Piolle, use du m\u00eame syst\u00e8me de tromperie organis\u00e9 <\/p>\n<p><strong>ILS VEULENT \u00caTRE JUGE ET PARTIE<\/strong><\/p>\n<p style=\"text-align: justify;\">Ces montages qui organisent une tromperie g\u00e9n\u00e9ralis\u00e9e en faisant passer des associations comme des d\u00e9fenseurs de l&rsquo;\u00e9cologie alors qu&rsquo;elles ne sont que des affid\u00e9es d&rsquo;un syst\u00e8me, trouble la d\u00e9mocratie et le pluralisme. Les citoyens devraient savoir \u00e0 qui ils ont \u00e0 faire. On ne peut en effet \u00eatre juge et partie. Il faut choisir. Le fait que Laurence Ruffin s&rsquo;inscrive pleinement dans cette fraude intellectuelle d\u00e9montre qu&rsquo;elle veut perp\u00e9tuer un proc\u00e9d\u00e9 qui est une arnaque pour les Grenoblois. Les r\u00e9sultats sont connus.<\/p>\n<p style=\"text-align: justify;\"><strong>P\u00c9N\u00c9TRER EN FRAUDE DANS LES CERVEAUX<\/strong><\/p>\n<p style=\"text-align: justify;\">Apr\u00e8s deux mandats de ce type les Grenoblois ne doivent pas \u00eatre dupes de la fa\u00e7on dont les Rouge\/Verts grenoblois veulent p\u00e9n\u00e9trer la partie disponible de leur cerveau : par tous les moyens, surtout en fraude.\u00a0<\/p>\n","protected":false},"excerpt":{"rendered":"Posted On 19 juin 2025 Juge et partie. \u00c0 Grenoble cette fraude est syst\u00e9matis\u00e9e sur tous les sujets.&hellip;\n","protected":false},"author":2,"featured_media":187693,"comment_status":"","ping_status":"","sticky":false,"template":"","format":"standard","meta":{"footnotes":""},"categories":[9566],"tags":[1111,11,10127,10128,2430,32316,32539,9607,1777,674,32540,10306,1011,27,10230,2731,10136,10613,12,15454,32541,28267,10140,25,13026,13027],"class_list":{"0":"post-187692","1":"post","2":"type-post","3":"status-publish","4":"format-standard","5":"has-post-thumbnail","7":"category-grenoble","8":"tag-actu","9":"tag-actualites","10":"tag-ades","11":"tag-alternatiba","12":"tag-auvergne-rhone-alpes","13":"tag-cecile-duflot","14":"tag-douce-dibondo","15":"tag-eric-piolle","16":"tag-eu","17":"tag-europe","18":"tag-fabienne-mahrez","19":"tag-fatima-ouassak","20":"tag-fr","21":"tag-france","22":"tag-gilles-namur","23":"tag-grenoble","24":"tag-laurence-ruffin","25":"tag-margot-belair","26":"tag-news","27":"tag-olivier-bertrand","28":"tag-oxfam","29":"tag-pierre-kermen","30":"tag-raymond-avrillier","31":"tag-republique-francaise","32":"tag-sylvain-laval","33":"tag-yann-mongaburu"},"share_on_mastodon":{"url":"https:\/\/pubeurope.com\/@fr\/114708519869955165","error":""},"_links":{"self":[{"href":"https:\/\/www.europesays.com\/fr\/wp-json\/wp\/v2\/posts\/187692","targetHints":{"allow":["GET"]}}],"collection":[{"href":"https:\/\/www.europesays.com\/fr\/wp-json\/wp\/v2\/posts"}],"about":[{"href":"https:\/\/www.europesays.com\/fr\/wp-json\/wp\/v2\/types\/post"}],"author":[{"embeddable":true,"href":"https:\/\/www.europesays.com\/fr\/wp-json\/wp\/v2\/users\/2"}],"replies":[{"embeddable":true,"href":"https:\/\/www.europesays.com\/fr\/wp-json\/wp\/v2\/comments?post=187692"}],"version-history":[{"count":0,"href":"https:\/\/www.europesays.com\/fr\/wp-json\/wp\/v2\/posts\/187692\/revisions"}],"wp:featuredmedia":[{"embeddable":true,"href":"https:\/\/www.europesays.com\/fr\/wp-json\/wp\/v2\/media\/187693"}],"wp:attachment":[{"href":"https:\/\/www.europesays.com\/fr\/wp-json\/wp\/v2\/media?parent=187692"}],"wp:term":[{"taxonomy":"category","embeddable":true,"href":"https:\/\/www.europesays.com\/fr\/wp-json\/wp\/v2\/categories?post=187692"},{"taxonomy":"post_tag","embeddable":true,"href":"https:\/\/www.europesays.com\/fr\/wp-json\/wp\/v2\/tags?post=187692"}],"curies":[{"name":"wp","href":"https:\/\/api.w.org\/{rel}","templated":true}]}}