{"id":187694,"date":"2025-06-19T06:04:15","date_gmt":"2025-06-19T06:04:15","guid":{"rendered":"https:\/\/www.europesays.com\/fr\/187694\/"},"modified":"2025-06-19T06:04:15","modified_gmt":"2025-06-19T06:04:15","slug":"grenoble-grosses-perturbations-en-vue-dans-les-transports-en-commun-mtag-a-quoi-sattendre","status":"publish","type":"post","link":"https:\/\/www.europesays.com\/fr\/187694\/","title":{"rendered":"Grenoble. Grosses perturbations en vue dans les transports en commun MTag, \u00e0 quoi s&rsquo;attendre"},"content":{"rendered":"<p>            Par<br \/>\n        <strong><br \/>\n            <a href=\"https:\/\/actu.fr\/auteur\/lisa-rodrigues\" title=\"Consulter tous les articles de Lisa Rodrigues\" target=\"_blank\" rel=\"noopener\">Lisa Rodrigues<\/a><br \/>\n        <\/strong><\/p>\n<p>        Publi\u00e9 le<\/p>\n<p>            19 juin 2025 \u00e0 6h02        <\/p>\n<p>L\u2019information est affich\u00e9e en rouge sur le site des transports en commun de Grenoble-Alpes M\u00e9tropole, MR\u00e9so : le <strong>trafic va \u00eatre \u00ab\u00a0tr\u00e8s fortement perturb\u00e9\u00a0\u00bb<\/strong> pour la <a href=\"https:\/\/actu.fr\/auvergne-rhone-alpes\/grenoble_38185\/grenoble-menace-d-une-greve-des-transports-mreso-la-recreation-est-terminee_62694034.html\" target=\"_blank\" rel=\"noopener\">gr\u00e8ve annonc\u00e9e<\/a> en fin de semaine dans les bus et tramways grenoblois du r\u00e9seau MTag.<br \/>La liste exacte des lignes impact\u00e9es doit \u00eatre pr\u00e9cis\u00e9e sur le <a href=\"https:\/\/www.reso-m.fr\/\" target=\"_blank\" rel=\"noopener\">site de MR\u00e9so<\/a>, qui ajoute que les \u00ab\u00a0lignes intra-Gr\u00e9sivaudan et intra-Voironnais ne sont pas concern\u00e9es par ces perturbations\u00a0\u00bb.<\/p>\n<p>    <a href=\"https:\/\/www.facebook.com\/plugins\/post.php?href=https%3A%2F%2Fwww.facebook.com%2FTransports.Mreso%2Fposts%2Fpfbid02s9JMsvSxuzssSvcSXcZYVFYPomZs5JurypzN5BdYunDhj1qG7EmadkHA5FWorcwQl&amp;show_text=true&amp;width=350\" title=\"Ouvrie le lien\" target=\"_blank\" rel=\"noopener\">Cliquez ici pour visualiser le contenu<\/a><\/p>\n<p>Contre un projet de r\u00e9organisation des services<\/p>\n<p class=\" wall-content\">L\u2019appel \u00e0 la gr\u00e8ve a \u00e9t\u00e9 lanc\u00e9 par l\u2019intersyndicale de MTag pour le <strong>vendredi 20 et le samedi 21 juin<\/strong>. Ils protestent contre \u00ab\u00a0un projet de r\u00e9organisation des services de conduite\u00a0\u00bb, impactant <strong>en particulier les conducteurs<\/strong>. Selon les syndicats, cette r\u00e9forme entra\u00eenerait davantage \u00ab d\u2019horaires d\u00e9cousus \u00bb et de journ\u00e9es rallong\u00e9es \u00e0 effectifs constants, alors que les <strong>taux d\u2019absent\u00e9isme<\/strong> atteignent les 15%.<\/p>\n<p class=\" wall-content\">Toujours selon l\u2019intersyndicale, une <strong>quarantaine de postes serait menac\u00e9e<\/strong> par cette r\u00e9organisation.<\/p>\n<p class=\" wall-content\">Du c\u00f4t\u00e9 de la direction, on souligne que ce projet \u00ab\u00a0vise \u00e0 se rapprocher des niveaux de performance des r\u00e9seaux de transport de tailles similaires, tout en maintenant une offre de transport de qualit\u00e9 \u00e0 destination des clients\u00a0\u00bb.\u00a0<\/p>\n<p>Les v\u00e9hicules bloqu\u00e9s aux d\u00e9p\u00f4ts ?\u00a0<\/p>\n<p class=\" wall-content\">\u00c0 deux jours du d\u00e9but de la gr\u00e8ve et \u00ab\u00a0au vu du nombre tr\u00e8s \u00e9lev\u00e9 de gr\u00e9vistes dans les services essentiels au bon fonctionnement et \u00e0 la s\u00e9curit\u00e9 du r\u00e9seau MTag\u00a0\u00bb, l\u2019intersyndicale envisage de <strong>d\u00e9poser un DGI (Danger grave et imminent)<\/strong> qui interdirait, de fait, la sortie de tous les v\u00e9hicules sur les deux jours de gr\u00e8ve.<\/p>\n<p class=\" wall-content\">Le but selon les syndicats est \u00ab\u00a0d\u2019\u00e9viter que les personnels int\u00e9rimaires et non titulaires soient expos\u00e9s \u00e0 des risques importants li\u00e9s \u00e0 l\u2019absence de dispositifs de s\u00e9curit\u00e9 et d\u2019encadrement habituels\u00a0\u00bb.<\/p>\n<p class=\" wall-content\">Une d\u00e9cision qui, si elle est appliqu\u00e9e, pourrait perturber un peu plus la soir\u00e9e de la <a href=\"https:\/\/actu.fr\/auvergne-rhone-alpes\/grenoble_38185\/fete-de-la-musique-2025-a-grenoble-cinq-concerts-gratuits-selectionnes-pour-vous_62764366.html\" target=\"_blank\" rel=\"noopener\">F\u00eate de la musique<\/a>. Et ce, alors que le SMMAG (Syndicat mixte des mobilit\u00e9s de l\u2019aire grenobloise) a annonc\u00e9, mercredi 18 juin, la <strong>gratuit\u00e9 des bus et tram<\/strong> de tout le r\u00e9seau <strong>d\u00e8s 17 heures<\/strong> le samedi 21 juin\u2026<\/p>\n<p class=\" wall-content\">Suivez toute l\u2019actualit\u00e9 de vos villes et m\u00e9dias favoris en vous inscrivant \u00e0 <a href=\"https:\/\/moncompte.actu.fr\" title=\"D\u00e9couvez Mon Actu\" rel=\"nofollow noopener\" data-trk=\"{&quot;cta&quot;:{&quot;action&quot;:&quot;https:\\\/\\\/moncompte.actu.fr&quot;,&quot;category&quot;:&quot;mon compte&quot;,&quot;from&quot;:&quot;article footer&quot;,&quot;name&quot;:&quot;Mon actu&quot;,&quot;type&quot;:&quot;cta&quot;}}\" target=\"_blank\">Mon Actu<\/a>.<\/p>\n","protected":false},"excerpt":{"rendered":"Par Lisa Rodrigues Publi\u00e9 le 19 juin 2025 \u00e0 6h02 L\u2019information est affich\u00e9e en rouge sur le site&hellip;\n","protected":false},"author":2,"featured_media":187695,"comment_status":"","ping_status":"","sticky":false,"template":"","format":"standard","meta":{"footnotes":""},"categories":[9566],"tags":[1111,11,2430,1777,674,1011,27,2731,6151,12,25,104,2803,8194],"class_list":{"0":"post-187694","1":"post","2":"type-post","3":"status-publish","4":"format-standard","5":"has-post-thumbnail","7":"category-grenoble","8":"tag-actu","9":"tag-actualites","10":"tag-auvergne-rhone-alpes","11":"tag-eu","12":"tag-europe","13":"tag-fr","14":"tag-france","15":"tag-grenoble","16":"tag-greve","17":"tag-news","18":"tag-republique-francaise","19":"tag-societe","20":"tag-transport","21":"tag-transport-de-lagglomeration-grenobloise-tag"},"share_on_mastodon":{"url":"https:\/\/pubeurope.com\/@fr\/114708523670009707","error":""},"_links":{"self":[{"href":"https:\/\/www.europesays.com\/fr\/wp-json\/wp\/v2\/posts\/187694","targetHints":{"allow":["GET"]}}],"collection":[{"href":"https:\/\/www.europesays.com\/fr\/wp-json\/wp\/v2\/posts"}],"about":[{"href":"https:\/\/www.europesays.com\/fr\/wp-json\/wp\/v2\/types\/post"}],"author":[{"embeddable":true,"href":"https:\/\/www.europesays.com\/fr\/wp-json\/wp\/v2\/users\/2"}],"replies":[{"embeddable":true,"href":"https:\/\/www.europesays.com\/fr\/wp-json\/wp\/v2\/comments?post=187694"}],"version-history":[{"count":0,"href":"https:\/\/www.europesays.com\/fr\/wp-json\/wp\/v2\/posts\/187694\/revisions"}],"wp:featuredmedia":[{"embeddable":true,"href":"https:\/\/www.europesays.com\/fr\/wp-json\/wp\/v2\/media\/187695"}],"wp:attachment":[{"href":"https:\/\/www.europesays.com\/fr\/wp-json\/wp\/v2\/media?parent=187694"}],"wp:term":[{"taxonomy":"category","embeddable":true,"href":"https:\/\/www.europesays.com\/fr\/wp-json\/wp\/v2\/categories?post=187694"},{"taxonomy":"post_tag","embeddable":true,"href":"https:\/\/www.europesays.com\/fr\/wp-json\/wp\/v2\/tags?post=187694"}],"curies":[{"name":"wp","href":"https:\/\/api.w.org\/{rel}","templated":true}]}}