{"id":187696,"date":"2025-06-19T06:05:08","date_gmt":"2025-06-19T06:05:08","guid":{"rendered":"https:\/\/www.europesays.com\/fr\/187696\/"},"modified":"2025-06-19T06:05:08","modified_gmt":"2025-06-19T06:05:08","slug":"pres-de-rennes-un-incendie-se-declare-dans-une-chambre-dun-immeuble-une-famille-relogee","status":"publish","type":"post","link":"https:\/\/www.europesays.com\/fr\/187696\/","title":{"rendered":"Pr\u00e8s de Rennes, un incendie se d\u00e9clare dans une chambre d&rsquo;un immeuble : une famille relog\u00e9e"},"content":{"rendered":"<p>            Par<br \/>\n        <strong><br \/>\n            <a href=\"https:\/\/actu.fr\/auteur\/laurene-fertin\" title=\"Consulter tous les articles de Laur\u00e8ne Fertin\" rel=\"nofollow noopener\" target=\"_blank\">Laur\u00e8ne Fertin<\/a><br \/>\n        <\/strong><\/p>\n<p>        Publi\u00e9 le<\/p>\n<p>            19 juin 2025 \u00e0 7h51        <\/p>\n<p>Dans la nuit de mercredi 18\u00a0juin \u00e0 jeudi 19\u00a0juin 2025, <strong>un feu<\/strong> s\u2019est d\u00e9clar\u00e9 \u00e0 <strong>4h50<\/strong> au <strong>2\u1d49 \u00e9tage d\u2019un immeuble<\/strong> de quatre \u00e9tages, indique le Codis, le Centre op\u00e9rationnel d\u2019incendie et de secours d\u2019Ille-et-Vilaine \u00e0 la r\u00e9daction d\u2019<a href=\"https:\/\/actu.fr\/rennes\/\" rel=\"nofollow noopener\" target=\"_blank\">actu Rennes<\/a>.<\/p>\n<p class=\" wall-content\">Les faits se sont d\u00e9roul\u00e9s au <strong>9, rue Henri-Sellier \u00e0 Saint-Jacques-de-la-Lande<\/strong>. L\u2019incendie a concern\u00e9, au total, <strong>six personnes<\/strong>\u2009: deux adultes et quatre enfants. Ces derniers ont \u00e9t\u00e9 laiss\u00e9s sur place et ont \u00e9t\u00e9 <strong>relog\u00e9s<\/strong> par la famille.<\/p>\n<p>    <a href=\"https:\/\/www.google.com\/maps\/embed?pb=!1m17!1m11!1m3!1d126.8637920945285!2d-1.7067293433008188!3d48.08591015535965!2m2!1f274.77686!2f45!3m2!1i1024!2i768!4f35!3m3!1m2!1s0x480ee0131e8ffd1d%3A0x10aaabc90d3aa68!2s9%20Rue%20Henri%20Sellier!5e1!3m2!1sfr!2sfr!4v1750311882489!5m2!1sfr!2sfr\" title=\"Ouvrie le lien\" rel=\"nofollow noopener\" target=\"_blank\">Cliquez ici pour visualiser le contenu<\/a><\/p>\n<p class=\" wall-content\">Au plus fort de l\u2019intervention, les sapeurs-pompiers \u00e9taient <strong>23.<\/strong> Ils ont \u00e9teints l\u2019incendie au moyen d\u2019<strong>une<\/strong> <strong>lance.<\/strong><\/p>\n<p class=\" wall-content\">Suivez toute l\u2019actualit\u00e9 de vos villes et m\u00e9dias favoris en vous inscrivant \u00e0 <a href=\"https:\/\/moncompte.actu.fr\" title=\"D\u00e9couvez Mon Actu\" rel=\"nofollow noopener\" data-trk=\"{&quot;cta&quot;:{&quot;action&quot;:&quot;https:\\\/\\\/moncompte.actu.fr&quot;,&quot;category&quot;:&quot;mon compte&quot;,&quot;from&quot;:&quot;article footer&quot;,&quot;name&quot;:&quot;Mon actu&quot;,&quot;type&quot;:&quot;cta&quot;}}\" target=\"_blank\">Mon Actu<\/a>.<\/p>\n","protected":false},"excerpt":{"rendered":"Par Laur\u00e8ne Fertin Publi\u00e9 le 19 juin 2025 \u00e0 7h51 Dans la nuit de mercredi 18\u00a0juin \u00e0 jeudi&hellip;\n","protected":false},"author":2,"featured_media":187697,"comment_status":"","ping_status":"","sticky":false,"template":"","format":"standard","meta":{"footnotes":""},"categories":[2821],"tags":[1111,11,829,1777,674,118,1011,27,1310,12,1311,584,25],"class_list":{"0":"post-187696","1":"post","2":"type-post","3":"status-publish","4":"format-standard","5":"has-post-thumbnail","7":"category-rennes","8":"tag-actu","9":"tag-actualites","10":"tag-bretagne","11":"tag-eu","12":"tag-europe","13":"tag-faits-divers","14":"tag-fr","15":"tag-france","16":"tag-incendie","17":"tag-news","18":"tag-pompiers","19":"tag-rennes","20":"tag-republique-francaise"},"share_on_mastodon":{"url":"https:\/\/pubeurope.com\/@fr\/114708527554497479","error":""},"_links":{"self":[{"href":"https:\/\/www.europesays.com\/fr\/wp-json\/wp\/v2\/posts\/187696","targetHints":{"allow":["GET"]}}],"collection":[{"href":"https:\/\/www.europesays.com\/fr\/wp-json\/wp\/v2\/posts"}],"about":[{"href":"https:\/\/www.europesays.com\/fr\/wp-json\/wp\/v2\/types\/post"}],"author":[{"embeddable":true,"href":"https:\/\/www.europesays.com\/fr\/wp-json\/wp\/v2\/users\/2"}],"replies":[{"embeddable":true,"href":"https:\/\/www.europesays.com\/fr\/wp-json\/wp\/v2\/comments?post=187696"}],"version-history":[{"count":0,"href":"https:\/\/www.europesays.com\/fr\/wp-json\/wp\/v2\/posts\/187696\/revisions"}],"wp:featuredmedia":[{"embeddable":true,"href":"https:\/\/www.europesays.com\/fr\/wp-json\/wp\/v2\/media\/187697"}],"wp:attachment":[{"href":"https:\/\/www.europesays.com\/fr\/wp-json\/wp\/v2\/media?parent=187696"}],"wp:term":[{"taxonomy":"category","embeddable":true,"href":"https:\/\/www.europesays.com\/fr\/wp-json\/wp\/v2\/categories?post=187696"},{"taxonomy":"post_tag","embeddable":true,"href":"https:\/\/www.europesays.com\/fr\/wp-json\/wp\/v2\/tags?post=187696"}],"curies":[{"name":"wp","href":"https:\/\/api.w.org\/{rel}","templated":true}]}}