{"id":187700,"date":"2025-06-19T06:07:10","date_gmt":"2025-06-19T06:07:10","guid":{"rendered":"https:\/\/www.europesays.com\/fr\/187700\/"},"modified":"2025-06-19T06:07:10","modified_gmt":"2025-06-19T06:07:10","slug":"strasbourg-un-homme-grievement-blesse-a-larme-blanche-en-pleine-nuit","status":"publish","type":"post","link":"https:\/\/www.europesays.com\/fr\/187700\/","title":{"rendered":"Strasbourg. Un homme gri\u00e8vement bless\u00e9 \u00e0 l\u2019arme blanche en pleine nuit"},"content":{"rendered":"<p>Dans la nuit du mardi 18 \u00e0 mercredi 19 juin, vers 1h30 du matin, les secours sont intervenus rue des Grandes Arcades, en plein centre de Strasbourg, pour venir en aide \u00e0 un homme de 36 ans gri\u00e8vement bless\u00e9.<\/p>\n<p>La victime pr\u00e9sentait de multiples plaies caus\u00e9es par une arme blanche. Apr\u00e8s une premi\u00e8re prise en charge sur place, l\u2019homme a \u00e9t\u00e9 transport\u00e9 en urgence absolue vers l\u2019h\u00f4pital de Strasbourg-Hautepierre.<\/p>\n<p>La police a s\u00e9curis\u00e9 la zone pendant l\u2019intervention des secours. Selon les informations du Sis 67, l\u2019agresseur avait quitt\u00e9 les lieux avant l\u2019arriv\u00e9e des forces de l\u2019ordre.<\/p>\n","protected":false},"excerpt":{"rendered":"Dans la nuit du mardi 18 \u00e0 mercredi 19 juin, vers 1h30 du matin, les secours sont intervenus&hellip;\n","protected":false},"author":2,"featured_media":187701,"comment_status":"","ping_status":"","sticky":false,"template":"","format":"standard","meta":{"footnotes":""},"categories":[2820],"tags":[1111,11,2649,271,272,1777,674,274,107,1011,27,775,12,25,640],"class_list":{"0":"post-187700","1":"post","2":"type-post","3":"status-publish","4":"format-standard","5":"has-post-thumbnail","7":"category-strasbourg","8":"tag-actu","9":"tag-actualites","10":"tag-bas-rhin","11":"tag-crime","12":"tag-delit-et-contravention","13":"tag-eu","14":"tag-europe","15":"tag-faits-divers-justice","16":"tag-fil-info","17":"tag-fr","18":"tag-france","19":"tag-grand-est","20":"tag-news","21":"tag-republique-francaise","22":"tag-strasbourg"},"share_on_mastodon":{"url":"https:\/\/pubeurope.com\/@fr\/114708535310676802","error":""},"_links":{"self":[{"href":"https:\/\/www.europesays.com\/fr\/wp-json\/wp\/v2\/posts\/187700","targetHints":{"allow":["GET"]}}],"collection":[{"href":"https:\/\/www.europesays.com\/fr\/wp-json\/wp\/v2\/posts"}],"about":[{"href":"https:\/\/www.europesays.com\/fr\/wp-json\/wp\/v2\/types\/post"}],"author":[{"embeddable":true,"href":"https:\/\/www.europesays.com\/fr\/wp-json\/wp\/v2\/users\/2"}],"replies":[{"embeddable":true,"href":"https:\/\/www.europesays.com\/fr\/wp-json\/wp\/v2\/comments?post=187700"}],"version-history":[{"count":0,"href":"https:\/\/www.europesays.com\/fr\/wp-json\/wp\/v2\/posts\/187700\/revisions"}],"wp:featuredmedia":[{"embeddable":true,"href":"https:\/\/www.europesays.com\/fr\/wp-json\/wp\/v2\/media\/187701"}],"wp:attachment":[{"href":"https:\/\/www.europesays.com\/fr\/wp-json\/wp\/v2\/media?parent=187700"}],"wp:term":[{"taxonomy":"category","embeddable":true,"href":"https:\/\/www.europesays.com\/fr\/wp-json\/wp\/v2\/categories?post=187700"},{"taxonomy":"post_tag","embeddable":true,"href":"https:\/\/www.europesays.com\/fr\/wp-json\/wp\/v2\/tags?post=187700"}],"curies":[{"name":"wp","href":"https:\/\/api.w.org\/{rel}","templated":true}]}}