{"id":187704,"date":"2025-06-19T06:09:10","date_gmt":"2025-06-19T06:09:10","guid":{"rendered":"https:\/\/www.europesays.com\/fr\/187704\/"},"modified":"2025-06-19T06:09:10","modified_gmt":"2025-06-19T06:09:10","slug":"fac-de-medecine-de-nice-sans-classement-les-etudiants-de-premiere-annee-peinent-a-choisir-leur-specialite","status":"publish","type":"post","link":"https:\/\/www.europesays.com\/fr\/187704\/","title":{"rendered":"Fac de m\u00e9decine de Nice: sans classement, les \u00e9tudiants de premi\u00e8re ann\u00e9e peinent \u00e0 choisir leur sp\u00e9cialit\u00e9"},"content":{"rendered":"<p>Dans quelle sp\u00e9cialit\u00e9 iront-ils l\u2019ann\u00e9e prochaine? Les \u00e9tudiants de premi\u00e8re ann\u00e9e \u00e0 la facult\u00e9 de m\u00e9decine de Nice ne le savent pas. Ils ont pass\u00e9 les \u00e9crits de leurs concours le 23 avril et doivent d\u00e9sormais affronter l\u2019oral, \u00e0 l\u2019issue duquel ils devront choisir leur fili\u00e8re pour la deuxi\u00e8me ann\u00e9e. Mais ce choix d\u00e9pend de leur classement par rapport aux autres \u00e9tudiants. Et pour l\u2019heure, il n\u2019a pas \u00e9t\u00e9 communiqu\u00e9 comme il aurait d\u00fb l\u2019\u00eatre.<\/p>\n<p>En r\u00e9alit\u00e9, selon St\u00e9phane (1), le p\u00e8re d\u2019une \u00e9tudiante de premi\u00e8re ann\u00e9e, la fac a communiqu\u00e9 bri\u00e8vement les notes et le classement via l\u2019espace num\u00e9rique. Quelques heures plus tard, tout a disparu. Dans la soir\u00e9e, les r\u00e9sultats ont \u00e9t\u00e9 remis en ligne, sans le classement. \u00ab\u00a0Depuis, c\u2019est un flou artistique, il n\u2019y a aucune communication. Pourtant, ce classement permet de savoir si les \u00e9tudiants ont une chance d\u2019int\u00e9grer la fili\u00e8re qu\u2019ils souhaitent\u00a0\u00bb, d\u00e9plore le p\u00e8re de l\u2019\u00e9tudiante.<\/p>\n<p>Tr\u00e8s peu de places pour de nombreuses demandes<\/p>\n<p>Des fili\u00e8res, il y en a cinq en m\u00e9decine \u00e0 Nice, avec des places limit\u00e9es: m\u00e9decine (176 places), ma\u00efeutique\/sage-femme (13), odontologie (30), pharmacie (13) et kin\u00e9sith\u00e9rapie (30), selon des chiffres de l\u2019\u00e9cole pr\u00e9paratoire aux \u00e9tudes de sant\u00e9 M\u00e9dical Nice. En clair, un \u00e9tudiant souhaitant s\u2019orienter en pharmacie doit \u00eatre dans les treize meilleurs \u00e9tudiants postulant pour cette fili\u00e8re. \u00ab\u00a0Certains, s\u2019ils sont loin dans le classement apr\u00e8s l\u2019\u00e9crit, n\u2019iront m\u00eame pas passer l\u2019oral. \u00c7a ne sert \u00e0 rien\u00a0\u00bb, consent le parent d\u2019\u00e9l\u00e8ve.<\/p>\n<p>Les places dans les fili\u00e8res \u00e9tant peu nombreuses pour un grand nombre de candidats, les \u00e9tudiants restent discrets sur leur note. \u00ab\u00a0Ils ne communiquent pas entre eux, ils sont en concurrence\u00a0\u00bb, rel\u00e8ve St\u00e9phane. Pourtant, au 1er juillet, lorsqu\u2019ils obtiendront les r\u00e9sultats de leurs oraux, ils devront rapidement se positionner. Pour le moment, impossible de faire un pronostic de classement et donc de r\u00e9fl\u00e9chir \u00e0 un choix de fili\u00e8re, ce qui g\u00e9n\u00e8re du stress.<\/p>\n<p>\u00ab\u00a0L\u2019impression d\u2019avoir des gens inhumains en face\u00a0\u00bb<\/p>\n<p>St\u00e9phane a contact\u00e9 l\u2019universit\u00e9 pour demander des explications. Selon lui, l\u2019\u00e9tablissement reste particuli\u00e8rement \u00e9vasif: \u00ab\u00a0On a l\u2019impression d\u2019avoir des gens inhumains en face.\u00a0\u00bb<\/p>\n<p>Sollicit\u00e9e, l\u2019Universit\u00e9 C\u00f4te d\u2019Azur assure que \u00ab\u00a0les \u00e9l\u00e9ments d\u2019information ont \u00e9t\u00e9 communiqu\u00e9s aux \u00e9tudiants concern\u00e9s\u00a0\u00bb, mais n\u2019a pas souhait\u00e9 s\u2019exprimer davantage.<\/p>\n<p>(1) Pour ne pas porter pr\u00e9judice \u00e0 sa fille, son pr\u00e9nom a \u00e9t\u00e9 modifi\u00e9 \u00e0 sa demande.<\/p>\n","protected":false},"excerpt":{"rendered":"Dans quelle sp\u00e9cialit\u00e9 iront-ils l\u2019ann\u00e9e prochaine? Les \u00e9tudiants de premi\u00e8re ann\u00e9e \u00e0 la facult\u00e9 de m\u00e9decine de Nice&hellip;\n","protected":false},"author":2,"featured_media":187705,"comment_status":"","ping_status":"","sticky":false,"template":"","format":"standard","meta":{"footnotes":""},"categories":[2819],"tags":[1111,11,1057,1777,674,1011,27,4075,12,2401,882,25],"class_list":{"0":"post-187704","1":"post","2":"type-post","3":"status-publish","4":"format-standard","5":"has-post-thumbnail","7":"category-nice","8":"tag-actu","9":"tag-actualites","10":"tag-education","11":"tag-eu","12":"tag-europe","13":"tag-fr","14":"tag-france","15":"tag-jeunesse","16":"tag-news","17":"tag-nice","18":"tag-provence-alpes-cote-dazur","19":"tag-republique-francaise"},"share_on_mastodon":{"url":"https:\/\/pubeurope.com\/@fr\/114708543299757367","error":""},"_links":{"self":[{"href":"https:\/\/www.europesays.com\/fr\/wp-json\/wp\/v2\/posts\/187704","targetHints":{"allow":["GET"]}}],"collection":[{"href":"https:\/\/www.europesays.com\/fr\/wp-json\/wp\/v2\/posts"}],"about":[{"href":"https:\/\/www.europesays.com\/fr\/wp-json\/wp\/v2\/types\/post"}],"author":[{"embeddable":true,"href":"https:\/\/www.europesays.com\/fr\/wp-json\/wp\/v2\/users\/2"}],"replies":[{"embeddable":true,"href":"https:\/\/www.europesays.com\/fr\/wp-json\/wp\/v2\/comments?post=187704"}],"version-history":[{"count":0,"href":"https:\/\/www.europesays.com\/fr\/wp-json\/wp\/v2\/posts\/187704\/revisions"}],"wp:featuredmedia":[{"embeddable":true,"href":"https:\/\/www.europesays.com\/fr\/wp-json\/wp\/v2\/media\/187705"}],"wp:attachment":[{"href":"https:\/\/www.europesays.com\/fr\/wp-json\/wp\/v2\/media?parent=187704"}],"wp:term":[{"taxonomy":"category","embeddable":true,"href":"https:\/\/www.europesays.com\/fr\/wp-json\/wp\/v2\/categories?post=187704"},{"taxonomy":"post_tag","embeddable":true,"href":"https:\/\/www.europesays.com\/fr\/wp-json\/wp\/v2\/tags?post=187704"}],"curies":[{"name":"wp","href":"https:\/\/api.w.org\/{rel}","templated":true}]}}