{"id":18771,"date":"2025-04-12T01:41:15","date_gmt":"2025-04-12T01:41:15","guid":{"rendered":"https:\/\/www.europesays.com\/fr\/18771\/"},"modified":"2025-04-12T01:41:15","modified_gmt":"2025-04-12T01:41:15","slug":"comment-le-projet-canopia-veut-reconstruire-pierre-par-pierre-une-partie-des-facades-deconstruites","status":"publish","type":"post","link":"https:\/\/www.europesays.com\/fr\/18771\/","title":{"rendered":"Comment le projet Canopia veut reconstruire \u00ab\u00a0pierre par pierre\u00a0\u00bb une partie des fa\u00e7ades d\u00e9construites"},"content":{"rendered":"<p>C\u2019est sur le site de l\u2019ancien b\u00e2timent de l\u2019Insee, enti\u00e8rement ras\u00e9, que la premi\u00e8re pierre symbolique du <a href=\"https:\/\/www.20minutes.fr\/bordeaux\/4061700-20231110-bordeaux-projet-canopia-entre-phase-concrete-va-commencer-voir-annonce-promoteur-apsys\" class=\"color-ultramarine c-link\" target=\"_blank\" rel=\"noopener\">projet Canopia<\/a> a \u00e9t\u00e9 pos\u00e9e ce vendredi. Apr\u00e8s sept mois de <a href=\"https:\/\/www.20minutes.fr\/dossier\/travaux\" class=\"color-ultramarine c-link\" target=\"_blank\" rel=\"noopener\">travaux<\/a> de d\u00e9construction qui ont modifi\u00e9 l\u2019aspect de tout le quartier, le <a href=\"https:\/\/www.20minutes.fr\/dossier\/chantier\" class=\"color-ultramarine c-link\" target=\"_blank\" rel=\"noopener\">chantier<\/a> va en effet d\u00e9marrer dans les tout prochains jours.<\/p>\n<p class=\"mb-m@xs text-l@xs\">En cliquant sur\u00ab J\u2019accepte \u00bb, vous acceptez le d\u00e9p\u00f4t de cookies par des services externes et aurez ainsi acc\u00e8s aux contenus de nos partenaires.<\/p>\n<p class=\"mb-xl@xs text-s@xs\">Plus d\u2019informations sur la page<a href=\"https:\/\/www.20minutes.fr\/gestion-cookies\" class=\"mx-xxs@xs color-ultramarine\" target=\"_blank\" rel=\"noopener\">Politique de gestion des cookies<\/a><\/p>\n<p>J\u2019accepte<\/p>\n<p>Le projet Canopia consiste en la cr\u00e9ation d\u2019un \u00ab\u00a0quartier pi\u00e9ton\u00a0\u00bb, avec le percement d\u2019un \u00ab\u00a0m\u00e9ridien\u00a0\u00bb central de 600 m\u00e8tres de long entre la gare de <a href=\"https:\/\/www.20minutes.fr\/bordeaux\/\" class=\"color-ultramarine c-link\" target=\"_blank\" rel=\"noopener\">Bordeaux<\/a> et la <a href=\"https:\/\/www.20minutes.fr\/dossier\/garonne\" class=\"color-ultramarine c-link\" target=\"_blank\" rel=\"noopener\">Garonne<\/a>. Sur les 70.000 m2 qui seront am\u00e9nag\u00e9s, il est pr\u00e9vu, entre autres, 30.000 m2 de <a href=\"https:\/\/www.20minutes.fr\/economie\/commerce\/\" class=\"color-ultramarine c-link\" target=\"_blank\" rel=\"noopener\">commerces<\/a> &#8211; avec 140 boutiques &#8211; et 6.500 m2 de <a href=\"https:\/\/www.20minutes.fr\/dossier\/logement\" class=\"color-ultramarine c-link\" target=\"_blank\" rel=\"noopener\">logements<\/a>. Sur le p\u00e9rim\u00e8tre total de quatre hectares sur lequel il va s\u2019implanter, il ne reste aujourd\u2019hui plus grand-chose. Les b\u00e2timents compris entre la rue de Tauzia, la rue de Saget et une partie du quai de Paludate ont \u00e9t\u00e9 pour la plupart d\u00e9molis.<\/p>\n<p>\u00ab\u00a0Le d\u00e9monstrateur de la mani\u00e8re de reconstruire la ville sur elle-m\u00eame\u00a0\u00bb<\/p>\n<p>Mais la particularit\u00e9 de Canopia repose sur la volont\u00e9 de conserver un maximum de fa\u00e7ades en pierre existante. C\u2019est ainsi que \u00ab\u00a02.500 m2 d\u2019entre elles seront conserv\u00e9es, dont la moiti\u00e9 ont \u00e9t\u00e9 d\u00e9pos\u00e9es pierre par pierre, num\u00e9rot\u00e9es, et seront repos\u00e9es pierre par pierre lors de la reconstruction\u00a0\u00bb, explique Simon Brouck, directeur du projet Canopia. \u00ab\u00a0C\u2019est sans pr\u00e9c\u00e9dent\u00a0\u00bb assure Maurice Bansay, le PDG du promoteur de l\u2019op\u00e9ration, Apsys. L\u2019autre moiti\u00e9 a pu \u00eatre maintenue en place gr\u00e2ce \u00e0 un syst\u00e8me de contreforts, qui permettent de soutenir la fa\u00e7ade et de d\u00e9truire le reste du b\u00e2timent. \u00ab\u00a095\u00a0% des mat\u00e9riaux de d\u00e9construction seront revaloris\u00e9s\u00a0\u00bb ajoute Maurice Bansay.<\/p>\n<p>\u00ab\u00a0Ce projet est consid\u00e9r\u00e9 par les professionnels comme l\u2019une des plus belles op\u00e9rations de requalification urbaine en France, poursuit le PDG d\u2019Apsys. C\u2019est le d\u00e9monstrateur parfait de la mani\u00e8re de reconstruire la ville sur elle-m\u00eame.\u00a0\u00bb Tout n\u2019a toutefois pas pu \u00eatre conserv\u00e9, loin de l\u00e0. Certains b\u00e2timents ne repr\u00e9sentaient pas, aux yeux du promoteur et de l\u2019architecte Edouard Fran\u00e7ois, d\u2019int\u00e9r\u00eat particulier pour ce projet. \u00ab\u00a0Ensuite, cela se d\u00e9cide en fonction de la qualit\u00e9 des fa\u00e7ades et de la massivit\u00e9 des pierres &#8211; on ne peut pas r\u00e9utiliser du parement en pierre\u00a0\u00bb pr\u00e9cise Simon Brouck.<\/p>\n<p>\u00ab\u00a0R\u00e9interpr\u00e9tation contemporaine des fa\u00e7ades\u00a0\u00bb<\/p>\n<p>La majeure partie du projet sera ainsi r\u00e9alis\u00e9e avec de la pierre neuve. La ligne de Canopia sera toutefois le \u00ab\u00a0respect des codes architecturaux et des gabarits bordelais\u00a0\u00bb insiste Maurice Bansay. \u00ab\u00a0L\u2019objectif est d\u2019avoir une r\u00e9interpr\u00e9tation contemporaine de ces fa\u00e7ades avec une architecture qui conserve la pierre blonde de Bordeaux, poursuit-il. Et l\u2019ambition est de travailler au maximum avec de la pierre locale.\u00a0\u00bb<\/p>\n<p>C\u2019\u00e9tait en effet un des souhaits d\u2019<a href=\"https:\/\/www.20minutes.fr\/dossier\/alain-juppe\" class=\"color-ultramarine c-link\" target=\"_blank\" rel=\"noopener\">Alain Jupp\u00e9<\/a>, le projet ayant \u00e9t\u00e9 lanc\u00e9 il y a maintenant une dizaine d\u2019ann\u00e9es, lorsque l\u2019ex-Premier ministre, pr\u00e9sent ce vendredi, \u00e9tait encore maire de Bordeaux.<\/p>\n<p><img decoding=\"async\" alt=\"Alain Jupp\u00e9, ici avec l'architecte du projet Edouard Fran\u00e7ois, \u00e9tait pr\u00e9sent pour le lancement officiel du chantier.\" class=\"c-img\" loading=\"lazy\" fetchpriority=\"auto\" width=\"718\"  src=\"https:\/\/www.europesays.com\/fr\/wp-content\/uploads\/2025\/04\/1744422075_620_718x0.jpeg; charset=utf-8\" \/>Alain Jupp\u00e9, ici avec l&rsquo;architecte du projet Edouard Fran\u00e7ois, \u00e9tait pr\u00e9sent pour le lancement officiel du chantier.\u2002-\u00a0Micka\u00ebl Bosredon<\/p>\n<p>Mais le maire aujourd\u2019hui aux affaires, c\u2019est <a href=\"https:\/\/www.20minutes.fr\/dossier\/pierre-hurmic\" class=\"color-ultramarine c-link\" target=\"_blank\" rel=\"noopener\">Pierre Hurmic<\/a>. Et l\u2019\u00e9cologiste avait plusieurs fois critiqu\u00e9 ce projet, annon\u00e7ant m\u00eame durant la campagne des municipales de\u00a02020 qu\u2019il le stopperait s\u2019il \u00e9tait \u00e9lu. \u00ab\u00a0Quand je suis arriv\u00e9 [\u00e0 la t\u00eate de la mairie], le coup \u00e9tait d\u00e9j\u00e0 largement parti, mon souci a donc \u00e9t\u00e9 qu\u2019il soit le plus en phase avec les orientations de la nouvelle majorit\u00e9 municipale, explique-t-il aujourd\u2019hui. Nous avons r\u00e9ussi, autant que faire se peut, \u00e0 l\u2019amender, pour qu\u2019il soit exemplaire en mati\u00e8re d&rsquo;int\u00e9gration d\u2019\u00e9nergies renouvelables et de modes de d\u00e9placement doux, poursuit le maire. Nous sommes aussi pass\u00e9s de 1.000 m\u00b2 \u00e0 2.000 m\u00b2 de commerces d\u00e9di\u00e9s \u00e0 l\u2019\u00e9conomie sociale et solidaire.\u00a0\u00bb<\/p>\n<p><img decoding=\"async\" alt=\"Le maire de Bordeaux Pierre Hurmic, ici avec le PDG d'Apsys Maurice Bansay (\u00e0 gauche), se dit satisfait des amendements obtenus au projet Canopia.\" class=\"c-img\" loading=\"lazy\" fetchpriority=\"auto\" width=\"718\"  src=\"https:\/\/www.europesays.com\/fr\/wp-content\/uploads\/2025\/04\/1744422075_908_718x0.jpeg; charset=utf-8\" \/>Le maire de Bordeaux Pierre Hurmic, ici avec le PDG d&rsquo;Apsys Maurice Bansay (\u00e0 gauche), se dit satisfait des amendements obtenus au projet Canopia.\u2002-\u00a0Micka\u00ebl Bosredon\u00ab\u00a0Ne pas cannibaliser le commerce de centre-ville\u00a0\u00bb<\/p>\n<p>L\u2019\u00e9lu insiste sur la cr\u00e9ation d\u2019un \u00ab\u00a0comit\u00e9 d\u2019enseignes\u00a0\u00bb, une structure \u00ab\u00a0innovante\u00a0\u00bb, \u00ab\u00a0que nous avons obtenu d\u00e8s\u00a02020, pour \u00e9viter \u00e0 tout prix que cette rue commer\u00e7ante cannibalise les commerces traditionnels qui font vivre le centre-ville de Bordeaux.\u00a0\u00bb<\/p>\n<\/p>\n<p>Pierre Hurmic rappelle en effet que \u00ab\u00a0nous avons un commerce qui traverse un moment difficile, comme dans d\u2019autres villes en France. Ce n\u2019est pas le moment de le fragiliser avec une offre commerciale concurrente. Nous discuterons donc ensemble des enseignes qui seront accueillies \u00e0 Canopia, m\u00eame si le dernier mot reviendra au propri\u00e9taire.\u00a0\u00bb Un propri\u00e9taire, Apsys, qui investit dans cette op\u00e9ration quelque 500\u00a0millions d\u2019euros, et qui aura donc n\u00e9cessairement besoin d\u2019un espace commercial rentable.<\/p>\n","protected":false},"excerpt":{"rendered":"C\u2019est sur le site de l\u2019ancien b\u00e2timent de l\u2019Insee, enti\u00e8rement ras\u00e9, que la premi\u00e8re pierre symbolique du projet&hellip;\n","protected":false},"author":2,"featured_media":18772,"comment_status":"","ping_status":"","sticky":false,"template":"","format":"standard","meta":{"footnotes":""},"categories":[2817],"tags":[1111,11,7394,3177,1350,1997,215,1777,674,1011,27,2905,1908,12,2219,4860,1306,25,1352],"class_list":{"0":"post-18771","1":"post","2":"type-post","3":"status-publish","4":"format-standard","5":"has-post-thumbnail","7":"category-bordeaux","8":"tag-actu","9":"tag-actualites","10":"tag-alain-juppe","11":"tag-aquitaine","12":"tag-architecture","13":"tag-bordeaux","14":"tag-commerce","15":"tag-eu","16":"tag-europe","17":"tag-fr","18":"tag-france","19":"tag-gironde","20":"tag-logement","21":"tag-news","22":"tag-nouvelle-aquitaine","23":"tag-pierre-hurmic","24":"tag-regions","25":"tag-republique-francaise","26":"tag-urbanisme"},"share_on_mastodon":{"url":"https:\/\/pubeurope.com\/@fr\/114322452245990947","error":""},"_links":{"self":[{"href":"https:\/\/www.europesays.com\/fr\/wp-json\/wp\/v2\/posts\/18771","targetHints":{"allow":["GET"]}}],"collection":[{"href":"https:\/\/www.europesays.com\/fr\/wp-json\/wp\/v2\/posts"}],"about":[{"href":"https:\/\/www.europesays.com\/fr\/wp-json\/wp\/v2\/types\/post"}],"author":[{"embeddable":true,"href":"https:\/\/www.europesays.com\/fr\/wp-json\/wp\/v2\/users\/2"}],"replies":[{"embeddable":true,"href":"https:\/\/www.europesays.com\/fr\/wp-json\/wp\/v2\/comments?post=18771"}],"version-history":[{"count":0,"href":"https:\/\/www.europesays.com\/fr\/wp-json\/wp\/v2\/posts\/18771\/revisions"}],"wp:featuredmedia":[{"embeddable":true,"href":"https:\/\/www.europesays.com\/fr\/wp-json\/wp\/v2\/media\/18772"}],"wp:attachment":[{"href":"https:\/\/www.europesays.com\/fr\/wp-json\/wp\/v2\/media?parent=18771"}],"wp:term":[{"taxonomy":"category","embeddable":true,"href":"https:\/\/www.europesays.com\/fr\/wp-json\/wp\/v2\/categories?post=18771"},{"taxonomy":"post_tag","embeddable":true,"href":"https:\/\/www.europesays.com\/fr\/wp-json\/wp\/v2\/tags?post=18771"}],"curies":[{"name":"wp","href":"https:\/\/api.w.org\/{rel}","templated":true}]}}