{"id":187710,"date":"2025-06-19T06:12:13","date_gmt":"2025-06-19T06:12:13","guid":{"rendered":"https:\/\/www.europesays.com\/fr\/187710\/"},"modified":"2025-06-19T06:12:13","modified_gmt":"2025-06-19T06:12:13","slug":"banc-dallaitement-mixite-choisie-comment-la-ville-de-nantes-amenage-des-espaces-publics-pour-lutter-contre-le-sexisme","status":"publish","type":"post","link":"https:\/\/www.europesays.com\/fr\/187710\/","title":{"rendered":"Banc d\u2019allaitement, \u00abmixit\u00e9 choisie\u00bb&#8230; Comment la ville de Nantes am\u00e9nage des espaces publics pour lutter \u00abcontre le sexisme\u00bb"},"content":{"rendered":"<p>Un \u00abbanc parental\u00bb a \u00e9t\u00e9 inaugur\u00e9 mercredi dans la cit\u00e9 des Ducs. Cet \u00e9quipement s\u2019inscrit dans la d\u00e9marche de la mairie socialiste qui vise \u00e0 penser l\u2019urbanisme \u00e0 travers la question du genre.<\/p>\n<p class=\"fig-paragraph\">Une voyageuse pri\u00e9e de quitter l\u2019espace vente de la SNCF, alors qu\u2019elle\u00a0<a href=\"http:\/\/www.lefigaro.fr\/nantes\/une-mere-qui-allaitait-son-bebe-expulsee-de-l-espace-de-vente-sncf-en-gare-de-nantes-20250207\" target=\"_blank\" data-fig-type=\"NewsFlash\" rel=\"noopener\" data-gtm-custom-categorie=\"navigation\" data-gtm-custom-action=\"crossclick\" data-gtm-custom-label=\"Contextuel\" data-gtm-event=\"customEventSPE\" data-fig-domain=\"LEFIGARO\">allaitait son b\u00e9b\u00e9<\/a>. Cette sc\u00e8ne, survenue le 17 janvier en\u00a0<a href=\"http:\/\/www.lefigaro.fr\/nantes\/nantes-suspecte-d-agression-sexuelle-sur-sa-voisine-dans-le-train-un-homme-interpelle-a-son-arrivee-en-gare-20250523\" target=\"_blank\" data-fig-type=\"NewsFlash\" rel=\"noopener\" data-gtm-custom-categorie=\"navigation\" data-gtm-custom-action=\"crossclick\" data-gtm-custom-label=\"Contextuel\" data-gtm-event=\"customEventSPE\" data-fig-domain=\"LEFIGARO\">gare de Nantes<\/a>, n\u2019a pas que fait pol\u00e9mique. Elle a aussi inspir\u00e9 le nouveau \u00abmobilier premiers pas\u00bb inaugur\u00e9 dans la\u00a0<a href=\"http:\/\/www.lefigaro.fr\/nantes\/nantes-la-ville-socialiste-veut-rendre-ses-rues-moins-sexistes-20250130\" target=\"_blank\" data-fig-type=\"NewsFlash\" rel=\"noopener\" data-gtm-custom-categorie=\"navigation\" data-gtm-custom-action=\"crossclick\" data-gtm-custom-label=\"Contextuel\" data-gtm-event=\"customEventSPE\" data-fig-domain=\"LEFIGARO\">cit\u00e9 des Ducs<\/a>\u00a0le 14 juin. Derri\u00e8re un arr\u00eat de tram, sur le site Gloriette Petite-Hollande o\u00f9\u00a0<a href=\"http:\/\/www.lefigaro.fr\/nantes\/disparition-de-1200-places-de-parking-plantation-de-600-arbres-a-nantes-la-petite-hollande-bientot-transformee-20230604\" target=\"_blank\" data-fig-type=\"Article\" rel=\"noopener\" data-gtm-custom-categorie=\"navigation\" data-gtm-custom-action=\"crossclick\" data-gtm-custom-label=\"Contextuel\" data-gtm-event=\"customEventSPE\" data-fig-domain=\"LEFIGARO\">le parking est en train d\u2019\u00eatre remplac\u00e9<\/a>\u00a0par de la verdure, ce nouvel \u00e9quipement dot\u00e9 de deux bancs et d\u2019une table \u00e0 langer a \u00e9t\u00e9 pr\u00e9sent\u00e9 \u00e0 la presse mercredi.<\/p>\n<p class=\"fig-paragraph\">Avec des dossiers inclin\u00e9s, il doit permettre aux femmes\u00a0<a href=\"http:\/\/sante.lefigaro.fr\/social\/enfance-famille\/comment-l-allaitement-protege-les-bebes-de-l-asthme-en-faisant-lentement-murir-leur-microbiote-20240930\" target=\"_blank\" data-fig-type=\"Article\" rel=\"noopener\" data-gtm-custom-categorie=\"navigation\" data-gtm-custom-action=\"crossclick\" data-gtm-custom-label=\"Contextuel\" data-gtm-event=\"customEventSPE\" data-fig-domain=\"SANTE\">d\u2019allaiter<\/a>, mais \u00e9galement \u00e0 tout un chacun de donner le biberon ou changer les couches. \u00abCe n\u2019est pas qu\u2019un mobilier, c\u2019est un espace de rencontres qui permet de faire communaut\u00e9. Il vise aussi \u00e0 aider les familles \u00e0 sortir de l\u2019isolement qu\u2019elles vivent apr\u00e8s avoir eu un b\u00e9b\u00e9 et \u00e0 ce qu\u2019elles se sentent l\u00e9gitimes d\u2019utiliser l\u2019espace public\u00bb, explique Julia Goula, architecte et cofondatrice d\u2019Equal Saree, agence f\u00e9ministe espagnole sp\u00e9cialis\u00e9e dans la prise en compte des enjeux de genre dans l\u2019espace public, missionn\u00e9e par la m\u00e9tropole pour le projet. Exp\u00e9riment\u00e9 pendant un an, ce banc parental sera potentiellement p\u00e9rennis\u00e9 et dupliqu\u00e9 d\u2019ici 2026 \u00e0 Nantes, qui ambitionne toujours de devenir d\u2019ici 2030 la\u00a0<a href=\"http:\/\/www.lefigaro.fr\/nantes\/journees-du-matrimoine-cours-d-ecoles-non-genrees-nantes-veut-devenir-la-premiere-ville-non-sexiste-de-france-20230620\" target=\"_blank\" data-fig-type=\"Article\" rel=\"noopener\" data-gtm-custom-categorie=\"navigation\" data-gtm-custom-action=\"crossclick\" data-gtm-custom-label=\"Contextuel\" data-gtm-event=\"customEventSPE\" data-fig-domain=\"LEFIGARO\">premi\u00e8re \u00abville non sexiste\u00bb de France<\/a>.<\/p>\n<p>Volont\u00e9 politique<\/p>\n<p class=\"fig-paragraph\">\u00abL\u2019objectif est d\u2019avoir des actions correctives l\u00e0 o\u00f9 il y a des in\u00e9galit\u00e9s entre les femmes et les hommes, et de voir si chaque nouvelle d\u00e9cision prise va favoriser l\u2019\u00e9galit\u00e9\u00bb, rappelle Mahaut Bertu, adjointe au maire, \u00e0 propos de l\u2019engagement \u00abville non-sexiste\u00bb dont elle est en charge. Pour ce faire, en plus du\u00a0<a href=\"http:\/\/www.lefigaro.fr\/nantes\/nantes-les-budgets-vert-et-sensible-au-genre-reconduits-en-2024-20240131\" target=\"_blank\" data-fig-type=\"NewsFlash\" rel=\"noopener\" data-gtm-custom-categorie=\"navigation\" data-gtm-custom-action=\"crossclick\" data-gtm-custom-label=\"Contextuel\" data-gtm-event=\"customEventSPE\" data-fig-domain=\"LEFIGARO\">budget \u00absensible au genre\u00bb<\/a>\u00a0d\u00e9j\u00e0 mis en place, m\u00e9tropole et mairie veulent d\u00e9sormais int\u00e9grer la th\u00e9matique \u00e0 davantage de sujets, dont l\u2019urbanisme.<\/p>\n<p class=\"fig-paragraph\">De septembre 2024 \u00e0 avril 2025, une communaut\u00e9 citoyenne compos\u00e9e de femmes et de personnes LGBTQIA+, en lien avec le r\u00e9seau non-sexiste de la ville, a particip\u00e9 \u00e0 une d\u00e9marche d\u2019\u00e9valuation intitul\u00e9e \u00abContre le sexisme, imaginons ensemble les espaces publics de demain\u00bb. \u00abL\u2019espace public n\u2019est pas neutre\u00a0: les am\u00e9nagements ont un impact direct sur l\u2019appropriation par les habitantes et les habitants\u00bb, assure l\u2019\u00e9lue Mahaut Bertu. L\u2019inauguration du banc parental t\u00e9moigne ainsi de la volont\u00e9 municipale de donner plus de place aux femmes. Dans le m\u00eame style, la conseill\u00e8re municipale nantaise cite l\u2019exemple d\u2019une planche de danse install\u00e9e quartier Botti\u00e8re, permettant aux jeunes filles de s\u2019approprier les lieux.<\/p>\n<p>Des \u00abcr\u00e9neaux r\u00e9serv\u00e9s aux femmes\u00bb<\/p>\n<p class=\"fig-paragraph\">Ces installations ont vocation \u00e0 se multiplier. La d\u00e9marche \u00e9valuative genre et espaces publics a permis \u00e9galement d\u2019\u00e9laborer dix pr\u00e9conisations. Parmi elles, se trouvent notamment, d\u2019apr\u00e8s le dossier de presse commun \u00e0 la m\u00e9tropole et \u00e0 la municipalit\u00e9, les points suivants\u00a0: \u00abfaire de la culture un vecteur de changement des repr\u00e9sentations et des symboles dans l\u2019espace public\u00bb, \u00abd\u00e9velopper la pratique du v\u00e9lo par les femmes\u00bb ou encore \u00abproposer des toilettes publiques accueillantes et adapt\u00e9es aux besoins des femmes et personnes LGBTQIA+\u00bb.<\/p>\n<p class=\"fig-paragraph\">Plus concr\u00e8tement, les collectivit\u00e9s ont d\u00e9fini cinq grandes actions \u00e0 mettre en \u0153uvre \u00e0 court terme, si ce n\u2019est d\u00e9j\u00e0 fait. Cela passe par exemple par la formation d\u2019agents du service public au harc\u00e8lement de rue, l\u2019exp\u00e9rimentation de cr\u00e9neaux en mixit\u00e9 choisie, \u00abc\u2019est-\u00e0-dire des cr\u00e9neaux r\u00e9serv\u00e9s pour des femmes ou des personnes se d\u00e9finissant comme femmes\u00bb dans certains \u00e9quipements et espaces, l\u2019instauration de parcours \u00abplus s\u00e9curisants sur des trajets tr\u00e8s emprunt\u00e9s\u00bb avec par exemple un \u00e9clairage revu ou une signal\u00e9tique adapt\u00e9e, ou encore la production \u00abde nouvelles \u0153uvres d\u2019art repr\u00e9sentant des femmes et des personnes LGBTQIA+ (statues, art urbain, fresques au sol\u2026)\u00bb. En mars dernier, lors d\u2019une conf\u00e9rence de presse, la maire socialiste Johanna Rolland s\u2019\u00e9tait targu\u00e9e d\u2019avoir\u00a0<a href=\"http:\/\/www.lefigaro.fr\/nantes\/nantes-en-moins-de-10-ans-la-ville-a-davantage-feminise-ses-noms-de-rue-que-dans-le-reste-de-son-histoire-20250325\" target=\"_blank\" data-fig-type=\"NewsFlash\" rel=\"noopener\" data-gtm-custom-categorie=\"navigation\" data-gtm-custom-action=\"crossclick\" data-gtm-custom-label=\"Contextuel\" data-gtm-event=\"customEventSPE\" data-fig-domain=\"LEFIGARO\">f\u00e9minis\u00e9 davantage de noms de rues \u00e0 Nantes<\/a>\u00a0au cours des dix derni\u00e8res ann\u00e9es, que dans le reste de l\u2019histoire.<\/p>\n","protected":false},"excerpt":{"rendered":"Un \u00abbanc parental\u00bb a \u00e9t\u00e9 inaugur\u00e9 mercredi dans la cit\u00e9 des Ducs. Cet \u00e9quipement s\u2019inscrit dans la d\u00e9marche&hellip;\n","protected":false},"author":2,"featured_media":187711,"comment_status":"","ping_status":"","sticky":false,"template":"","format":"standard","meta":{"footnotes":""},"categories":[2818],"tags":[1111,11,1777,674,462,1011,27,2640,2642,766,2638,2643,2637,2639,2646,2645,2641,2635,2644,2647,12,2636,25],"class_list":{"0":"post-187710","1":"post","2":"type-post","3":"status-publish","4":"format-standard","5":"has-post-thumbnail","7":"category-nantes","8":"tag-actu","9":"tag-actualites","10":"tag-eu","11":"tag-europe","12":"tag-fc-nantes","13":"tag-fr","14":"tag-france","15":"tag-hauts-paves-saint-felix","16":"tag-ile-de-nantes","17":"tag-nantes","18":"tag-nantes-bellevue-chantenay-sainte-anne","19":"tag-nantes-breil-barberie","20":"tag-nantes-centre-ville","21":"tag-nantes-dervallieres-zola","22":"tag-nantes-doulon-bottiere","23":"tag-nantes-erdre","24":"tag-nantes-malakoff-saint-donatien","25":"tag-nantes-metropole","26":"tag-nantes-nord","27":"tag-nantes-sud","28":"tag-news","29":"tag-pays-de-la-loire","30":"tag-republique-francaise"},"share_on_mastodon":{"url":"https:\/\/pubeurope.com\/@fr\/114708555274592540","error":""},"_links":{"self":[{"href":"https:\/\/www.europesays.com\/fr\/wp-json\/wp\/v2\/posts\/187710","targetHints":{"allow":["GET"]}}],"collection":[{"href":"https:\/\/www.europesays.com\/fr\/wp-json\/wp\/v2\/posts"}],"about":[{"href":"https:\/\/www.europesays.com\/fr\/wp-json\/wp\/v2\/types\/post"}],"author":[{"embeddable":true,"href":"https:\/\/www.europesays.com\/fr\/wp-json\/wp\/v2\/users\/2"}],"replies":[{"embeddable":true,"href":"https:\/\/www.europesays.com\/fr\/wp-json\/wp\/v2\/comments?post=187710"}],"version-history":[{"count":0,"href":"https:\/\/www.europesays.com\/fr\/wp-json\/wp\/v2\/posts\/187710\/revisions"}],"wp:featuredmedia":[{"embeddable":true,"href":"https:\/\/www.europesays.com\/fr\/wp-json\/wp\/v2\/media\/187711"}],"wp:attachment":[{"href":"https:\/\/www.europesays.com\/fr\/wp-json\/wp\/v2\/media?parent=187710"}],"wp:term":[{"taxonomy":"category","embeddable":true,"href":"https:\/\/www.europesays.com\/fr\/wp-json\/wp\/v2\/categories?post=187710"},{"taxonomy":"post_tag","embeddable":true,"href":"https:\/\/www.europesays.com\/fr\/wp-json\/wp\/v2\/tags?post=187710"}],"curies":[{"name":"wp","href":"https:\/\/api.w.org\/{rel}","templated":true}]}}