{"id":187718,"date":"2025-06-19T06:16:08","date_gmt":"2025-06-19T06:16:08","guid":{"rendered":"https:\/\/www.europesays.com\/fr\/187718\/"},"modified":"2025-06-19T06:16:08","modified_gmt":"2025-06-19T06:16:08","slug":"percute-par-un-train-a-un-passage-a-niveau-un-pieton-trouve-la-mort","status":"publish","type":"post","link":"https:\/\/www.europesays.com\/fr\/187718\/","title":{"rendered":"percut\u00e9 par un train \u00e0 un passage \u00e0 niveau, un pi\u00e9ton trouve la mort"},"content":{"rendered":"<p>            Par<br \/>\n        <strong><br \/>\n            <a href=\"https:\/\/actu.fr\/auteur\/guillaume-laurens\" title=\"Consulter tous les articles de Guillaume Laurens\" target=\"_blank\" rel=\"noopener\">Guillaume Laurens<\/a><br \/>\n        <\/strong><\/p>\n<p>        Publi\u00e9 le<\/p>\n<p>            19 juin 2025 \u00e0 7h47        <\/p>\n<p>Il \u00e9tait environ 18h20, mercredi 18\u00a0juin 2025, quand l\u2019alerte a \u00e9t\u00e9 donn\u00e9e. Un \u00ab\u2009accident de personne\u2009\u00bb venait d\u2019\u00eatre signal\u00e9 par la SNCF sur la ligne de chemin de fer reliant <a href=\"https:\/\/actu.fr\/toulouse\/\" target=\"_blank\" rel=\"noopener\"><strong>Toulouse<\/strong> <\/a>\u00e0 <strong>Muret<\/strong> (Haute-Garonne).<\/p>\n<p>Percut\u00e9 par le train, l\u2019homme est d\u00e9c\u00e9d\u00e9<\/p>\n<p class=\" wall-content\">Quelques minutes plus t\u00f4t, un <strong>pi\u00e9ton<\/strong> avait en effet \u00e9t\u00e9 <strong>percut\u00e9<\/strong> par un train \u00e0 hauteur du passage \u00e0 niveau n\u00b05, situ\u00e9 sur la commune de Toulouse.<\/p>\n<p class=\" wall-content\">Malgr\u00e9 leur intervention rapide, les <strong>sept pompiers<\/strong> du <strong>centre de secours Toulouse-Carsalade<\/strong> envoy\u00e9s par le SDIS de la Haute-Garonne sur place, n\u2019ont rien pu faire pour sauver la victime. Cet <strong>homme<\/strong> adulte, d\u2019\u00e2ge encore \u00ab\u2009ind\u00e9termin\u00e9\u2009\u00bb selon les secours, a \u00e9t\u00e9 d\u00e9clar\u00e9 <strong>d\u00e9c\u00e9d\u00e9<\/strong>.<\/p>\n<p class=\" wall-content\"><strong>Aucun autre bless\u00e9<\/strong>, notamment dans le train, n\u2019est \u00e0 d\u00e9plorer. Les <strong>circonstances<\/strong> de ce dramatique accident restent \u00e0 \u00e9claircir.<\/p>\n<p class=\" wall-content\">\n<p>La circulation interrompue puis perturb\u00e9e en soir\u00e9e<\/p>\n<p class=\" wall-content\">Bien \u00e9videmment, le <strong>trafic ferroviaire<\/strong> s\u2019en est ressenti autour de la Ville rose. La circulation a \u00e9t\u00e9 totalement interrompue pendant plus de deux heures entre Toulouse et Muret (lignes vers Pau, mais aussi vers Latour-de-Carol), avant de reprendre progressivement en soir\u00e9e.<\/p>\n<p>Vid\u00e9os : en ce moment sur Actu<\/p>\n<p class=\" wall-content\">Suivez toute l\u2019actualit\u00e9 de vos villes et m\u00e9dias favoris en vous inscrivant \u00e0 <a href=\"https:\/\/moncompte.actu.fr\" title=\"D\u00e9couvez Mon Actu\" rel=\"nofollow noopener\" data-trk=\"{&quot;cta&quot;:{&quot;action&quot;:&quot;https:\\\/\\\/moncompte.actu.fr&quot;,&quot;category&quot;:&quot;mon compte&quot;,&quot;from&quot;:&quot;article footer&quot;,&quot;name&quot;:&quot;Mon actu&quot;,&quot;type&quot;:&quot;cta&quot;}}\" target=\"_blank\">Mon Actu<\/a>.<\/p>\n","protected":false},"excerpt":{"rendered":"Par Guillaume Laurens Publi\u00e9 le 19 juin 2025 \u00e0 7h47 Il \u00e9tait environ 18h20, mercredi 18\u00a0juin 2025, quand&hellip;\n","protected":false},"author":2,"featured_media":187719,"comment_status":"","ping_status":"","sticky":false,"template":"","format":"standard","meta":{"footnotes":""},"categories":[2816],"tags":[1111,11,1777,674,1011,27,12,2680,25,2215,104,2312],"class_list":{"0":"post-187718","1":"post","2":"type-post","3":"status-publish","4":"format-standard","5":"has-post-thumbnail","7":"category-toulouse","8":"tag-actu","9":"tag-actualites","10":"tag-eu","11":"tag-europe","12":"tag-fr","13":"tag-france","14":"tag-news","15":"tag-occitanie","16":"tag-republique-francaise","17":"tag-sncf","18":"tag-societe","19":"tag-toulouse"},"share_on_mastodon":{"url":"https:\/\/pubeurope.com\/@fr\/114708570806394554","error":""},"_links":{"self":[{"href":"https:\/\/www.europesays.com\/fr\/wp-json\/wp\/v2\/posts\/187718","targetHints":{"allow":["GET"]}}],"collection":[{"href":"https:\/\/www.europesays.com\/fr\/wp-json\/wp\/v2\/posts"}],"about":[{"href":"https:\/\/www.europesays.com\/fr\/wp-json\/wp\/v2\/types\/post"}],"author":[{"embeddable":true,"href":"https:\/\/www.europesays.com\/fr\/wp-json\/wp\/v2\/users\/2"}],"replies":[{"embeddable":true,"href":"https:\/\/www.europesays.com\/fr\/wp-json\/wp\/v2\/comments?post=187718"}],"version-history":[{"count":0,"href":"https:\/\/www.europesays.com\/fr\/wp-json\/wp\/v2\/posts\/187718\/revisions"}],"wp:featuredmedia":[{"embeddable":true,"href":"https:\/\/www.europesays.com\/fr\/wp-json\/wp\/v2\/media\/187719"}],"wp:attachment":[{"href":"https:\/\/www.europesays.com\/fr\/wp-json\/wp\/v2\/media?parent=187718"}],"wp:term":[{"taxonomy":"category","embeddable":true,"href":"https:\/\/www.europesays.com\/fr\/wp-json\/wp\/v2\/categories?post=187718"},{"taxonomy":"post_tag","embeddable":true,"href":"https:\/\/www.europesays.com\/fr\/wp-json\/wp\/v2\/tags?post=187718"}],"curies":[{"name":"wp","href":"https:\/\/api.w.org\/{rel}","templated":true}]}}