{"id":187720,"date":"2025-06-19T06:17:15","date_gmt":"2025-06-19T06:17:15","guid":{"rendered":"https:\/\/www.europesays.com\/fr\/187720\/"},"modified":"2025-06-19T06:17:15","modified_gmt":"2025-06-19T06:17:15","slug":"lille-le-superbe-bar-restaurant-coucou-fait-son-nid-sur-la-grand-place","status":"publish","type":"post","link":"https:\/\/www.europesays.com\/fr\/187720\/","title":{"rendered":"Lille. Le superbe bar-restaurant Coucou fait son nid sur la Grand Place"},"content":{"rendered":"<p>            Par<br \/>\n        <strong><br \/>\n            <a href=\"https:\/\/actu.fr\/auteur\/hervine-mahaud\" title=\"Consulter tous les articles de Hervine Mahaud\" target=\"_blank\" rel=\"noopener\">Hervine Mahaud<\/a><br \/>\n        <\/strong><\/p>\n<p>        Publi\u00e9 le<\/p>\n<p>            19 juin 2025 \u00e0 7h46        <\/p>\n<p>C\u2019est sans conteste dans l\u2019un des plus beaux emplacements de la capitale des Flandres qu\u2019ouvre <b>Coucou<\/b>. Install\u00e9 sur la <b>Grand Place de Lille<\/b>, ce nouveau <b>bar-restaurant<\/b> est le \u00ab\u2009petit\u2009\u00bb fr\u00e8re du Caf\u00e9 Peacock et de <a href=\"https:\/\/actu.fr\/hauts-de-france\/lille_59350\/lille-paloma-le-nouveau-bar-et-restaurant-sur-2-etages-de-la-place-rihour_56867566.html\" target=\"_blank\" rel=\"noopener\">Paloma, place Rihour<\/a>. Un joli nom d\u2019oiseau qui invite touristes et Lillois \u00e0 venir prendre un <b>caf\u00e9<\/b>, trinquer en <b>terrasse<\/b>, d\u00e9guster un <b>plat du Nord<\/b>, une <b>pizza<\/b>, ou encore une belle viande. La carte est compos\u00e9e par un chef qui ne jure que par les <b>produits frais<\/b> et le <b>fait maison<\/b>. Le but\u2009: faire oublier les mauvaises exp\u00e9riences que l\u2019on vit trop souvent dans les \u00e9tablissements situ\u00e9s en zone touristique. Apr\u00e8s trois semaines d\u2019ouverture partielle avec la terrasse et le rez-de-chauss\u00e9e, le lieu est pleinement accessible \u00e0 partir de ce 19\u00a0juin 2025.<\/p>\n<p>\u00c0 la place de l\u2019ancien Marionnaud<\/p>\n<p class=\" wall-content\">La fratrie Delcroix frappe une nouvelle fois un grand coup avec Coucou. Romain et son fr\u00e8re Thomas poss\u00e8dent, comme dit plus haut, le <b>Caf\u00e9 Peacock<\/b> et <b>Paloma<\/b> \u00e0 <b>Rihour<\/b>, ainsi que le <b>Caf\u00e9 Society<\/b> (rue des Trois Couronnes), des boutiques de souvenirs et <b>Ministry of Beer<\/b>. C\u2019est donc une nouvelle fois dans le <b>secteur ultra-pris\u00e9 de la Grand Place<\/b>, et \u00e0 l\u2019un des plus beaux emplacements (l\u2019ancien Marionnaud), qu\u2019ils ouvrent Coucou.<\/p>\n<p>    <img   decoding=\"async\" loading=\"lazy\" class=\"size-large\" src=\"https:\/\/www.europesays.com\/fr\/wp-content\/uploads\/2025\/06\/0794003cc25862b94003cc2582f940v-960x640.jpg\" alt=\"coucou bar restaurant grand place lille\" width=\"960\" height=\"640\"\/><br \/>\n    Coucou a fait son nid dans cette superbe b\u00e2tisse, qui abritait autrefois Marionnaud. \u00a9Hervine Mahaud<\/p>\n<p class=\" wall-content\">\u00ab\u2009On a cette opportunit\u00e9 qui s\u2019est pr\u00e9sent\u00e9e car les propri\u00e9taires voulaient un <b>locataire sur le long terme apr\u00e8s avoir eu plein de magasins \u00e9ph\u00e9m\u00e8res<\/b> (comme <a href=\"https:\/\/actu.fr\/hauts-de-france\/lille_59350\/shein-ouvre-une-boutique-ephemere-a-lille-est-ce-que-ca-vaut-le-coup-dy-aller_60234068.html\" target=\"_blank\" rel=\"noopener\">Shein<\/a>, <a href=\"https:\/\/actu.fr\/hauts-de-france\/lille_59350\/goodies-ateliers-formats-xxl-le-pop-up-store-paix-dieu-a-ouvert-a-lille_60292060.html\" target=\"_blank\" rel=\"noopener\">Paix Dieu<\/a> ou encore <a href=\"https:\/\/actu.fr\/hauts-de-france\/lille_59350\/une-celebre-marque-de-deco-ouvre-une-boutique-de-600-m%C2%B2-sur-la-grand-place-de-lille_60485005.html\" target=\"_blank\" rel=\"noopener\">Bobochic<\/a>, ndlr)\u2009\u00bb, explique Romain, qui a r\u00e9cup\u00e9r\u00e9 les cl\u00e9s \u00ab\u2009il y a un an. Les travaux ont commenc\u00e9 en octobre.\u2009\u00bb<\/p>\n<p class=\" wall-content\">Le duo d\u2019associ\u00e9s voit aussi une jolie carte \u00e0 jouer\u2009: redorer le blason de la Grand Place du point de vue de l\u2019exp\u00e9rience client en proposant une adresse qualitative. Il suffit de regarder les avis Google des \u00e9tablissements voisins pour comprendre l\u2019\u00e9tendue de la mission.<\/p>\n<p>\u00ab\u2009Des plats simples, bien faits et en bonne quantit\u00e9\u2009\u00bb<\/p>\n<p class=\" wall-content\">Le but est bien s\u00fbr de <b>contenter la client\u00e8le de passage que sont les touristes<\/b>. Mais aussi <b>convaincre les Lillois de venir, et surtout revenir<\/b>.<\/p>\n<p class=\" wall-content\">Pour y parvenir, Coucou peut compter sur le chef qui officie depuis 3\u00a0ans dans les cuisines de Paloma et du Caf\u00e9 Society. \u00ab<b>\u2009Nous avons les meilleures notes \u00e0 Rihour<\/b>\u2009\u00bb, assure Romain Delcroix.<\/p>\n<p>    <img   decoding=\"async\" loading=\"lazy\" class=\"size-large\" src=\"https:\/\/www.europesays.com\/fr\/wp-content\/uploads\/2025\/06\/fe4a003cc2586135a003cc258175a0v-960x640.jpg\" alt=\"coucou bar restaurant grand place lille\" width=\"960\" height=\"640\"\/><br \/>\n    Des couleurs chaudes ont \u00e9t\u00e9 choisies pour habiller Coucou. \u00a9Hervine Mahaud<\/p>\n<p class=\" wall-content\">Chez Coucou, la carte est dans la m\u00eame veine, avec \u00ab\u2009que du <b>frais<\/b> et du <b>fait maison<\/b>\u2009\u00bb. En plus des trois plats r\u00e9gionaux que sont le <b>welsh<\/b>, la <b>carbonade<\/b> et le <b>poulet maroilles<\/b>, on retrouve des <b>burgers<\/b>, des <b>p\u00e2tes<\/b>, des <b>poissons<\/b> (p\u00eache du jour et tartare de thon), des <b>viandes<\/b> et des <b>salades<\/b>. \u00ab<b>\u2009Ce sont des plats simples mais bien faits<\/b>, et en bonne quantit\u00e9.\u2009\u00bb<\/p>\n<p class=\" wall-content\">Une nouveaut\u00e9 aussi\u2009: dans la grande cuisine de Coucou, on retrouve un <b>four \u00e0 pizza<\/b>. Ce qui a permis au chef d\u2019\u00e9laborer 8 recettes, dont celle avec de la burrata, de la mortadelle et des \u00e9clats de pistache.<\/p>\n<p class=\" wall-content\">C\u00f4t\u00e9 prix, ils se veulent tr\u00e8s raisonnables, compte tenu de l\u2019emplacement. \u00ab<b>\u2009On est les moins chers<\/b> et on propose une meilleure qualit\u00e9\u2009\u00bb, avance Romain Delcroix. Comptez ainsi de 13,90 \u00e0 18,90\u00a0\u20ac pour les pizzas\u2009; de 16,90 \u00e0 17,90\u00a0\u20ac les plats du Nord\u2009; 18,90\u00a0\u20ac pour les burgers. Avec un prix de 14,90\u00a0\u20ac, le plat du jour fait office de produit d\u2019appel.<\/p>\n<p>Bi\u00e8res locales, cocktails signature<\/p>\n<p class=\" wall-content\">Pour accompagner les plats, ou pour simplement trinquer, un large choix de boissons est propos\u00e9. \u00ab\u2009On a <b>10 bi\u00e8res locales en pression<\/b>, dont deux qui sont brass\u00e9es sp\u00e9cialement pour nous par Moulins d\u2019Ascq\u2009: les Mob Ipa et Triple.\u2009\u00bb Coucou aussi <b>7 cocktails signature<\/b>, sans compter les classiques.\u00a0Ajoutez \u00e0 cela des <b>vins<\/b>, des <b>softs<\/b> et des <b>boissons chaudes<\/b>\u2026 De quoi contenter tout le monde.<\/p>\n<p>    <img   decoding=\"async\" loading=\"lazy\" class=\"size-large\" src=\"https:\/\/www.europesays.com\/fr\/wp-content\/uploads\/2025\/06\/823bef2cc2586f04bef2cc2581d5bev-960x640.jpg\" alt=\"coucou bar restaurant grand place lille\" width=\"960\" height=\"640\"\/><br \/>\n    Le deuxi\u00e8me \u00e9tage est privatisable pour des \u00e9v\u00e9nements (anniversaires ou autres). \u00a9Hervine MahaudUne d\u00e9co lumineuse et color\u00e9e<\/p>\n<p class=\" wall-content\">Pour ne rien g\u00e2cher \u00e0 ces propositions d\u00e9j\u00e0 all\u00e9chantes, le cadre est particuli\u00e8rement soign\u00e9. Sans compter la fa\u00e7ade class\u00e9e qui ajoute un cachet \u00e9vident, l\u2019int\u00e9rieur tranche avec certains bistrots voisins, rest\u00e9s dans leur jus. Chez Coucou, c\u2019est \u00e0 la fois <b>lumineux, joyeux, et cosy<\/b>, gr\u00e2ce au m\u00e9lange r\u00e9ussi des <b>couleurs<\/b>, les <b>jeux de lumi\u00e8re<\/b>, les miroirs\u2026 La direction artistique a \u00e9t\u00e9 confi\u00e9e \u00e0 <a href=\"https:\/\/bureaubarbara.com\/\" target=\"_blank\" rel=\"noopener\">Bureau Barbara, un bureau cr\u00e9atif lillois<\/a>.<\/p>\n<p>    <img   decoding=\"async\" loading=\"lazy\" class=\"size-large\" src=\"https:\/\/www.europesays.com\/fr\/wp-content\/uploads\/2025\/06\/6ea7003cc258682b7003cc25866b70v-960x640.jpg\" alt=\"coucou bar restaurant grand place lille\" width=\"960\" height=\"640\"\/><br \/>\n    C\u00f4t\u00e9 restaurant, le chef a con\u00e7u une carte faisant la part belle aux produits frais et au fait maison. \u00a9Hervine Mahaud<br \/>\n    <img   decoding=\"async\" loading=\"lazy\" class=\"size-large\" src=\"https:\/\/www.europesays.com\/fr\/wp-content\/uploads\/2025\/06\/64a5003cc258668a5003cc2584ca50v-960x640.jpg\" alt=\"coucou bar restaurant grand place lille\" width=\"960\" height=\"640\"\/><br \/>\n    Chaque niveau compte 70 places. \u00a9Hervine Mahaud<\/p>\n<p class=\" wall-content\">Les ambiances \u00e9voluent en fonction des niveaux, du rez-de-chauss\u00e9e au 2e \u00e9tage, qui est privatisable pour des \u00e9v\u00e9nements.<\/p>\n<p class=\" wall-content\">Enfin, l\u2019espace ne devrait pas manquer car le lieu compte environ <b>200 places<\/b>. \u00c0 cela, s\u2019ajoutent les <b>deux terrasses\u2009<\/b>: l\u2019une c\u00f4t\u00e9 Grand Place, l\u2019autre rue des Trois Couronnes.<\/p>\n<p class=\" wall-content\">Coucou a tout ce qu\u2019il faut pour devenir le nouveau \u00ab\u2009the place to be\u2009\u00bb de la Grand Place.<\/p>\n<p>Infos pratiques\u2009: Coucou, 38-40 place du G\u00e9n\u00e9ral de Gaulle \u00e0 Lille. Ouverts 7\u00a0J\/7, d\u00e8s 10\u2009h. Plus d\u2019infos sur <a href=\"https:\/\/www.instagram.com\/coucou.lille\/?hl=fr\" target=\"_blank\" rel=\"noopener\">le compte Instagram de Coucou.<\/a><\/p>\n<p class=\" wall-content\">Suivez toute l\u2019actualit\u00e9 de vos villes et m\u00e9dias favoris en vous inscrivant \u00e0 <a href=\"https:\/\/moncompte.actu.fr\" title=\"D\u00e9couvez Mon Actu\" rel=\"nofollow noopener\" data-trk=\"{&quot;cta&quot;:{&quot;action&quot;:&quot;https:\\\/\\\/moncompte.actu.fr&quot;,&quot;category&quot;:&quot;mon compte&quot;,&quot;from&quot;:&quot;article footer&quot;,&quot;name&quot;:&quot;Mon actu&quot;,&quot;type&quot;:&quot;cta&quot;}}\" target=\"_blank\">Mon Actu<\/a>.<\/p>\n<ul class=\"ac-article-tag wall-content\">\n<li><a href=\"https:\/\/actu.fr\/tag\/nouveaux-commerces\" data-trk=\"{&quot;cta&quot;:{&quot;action&quot;:&quot;Nouveaux commerces&quot;,&quot;category&quot;:&quot;tag&quot;,&quot;from&quot;:&quot;article footer&quot;,&quot;name&quot;:&quot;Nouveaux commerces&quot;,&quot;type&quot;:&quot;cta&quot;}}\" target=\"_blank\" rel=\"noopener\">#Nouveaux commerces<\/a><\/li>\n<li><a href=\"https:\/\/actu.fr\/tag\/restaurant\" data-trk=\"{&quot;cta&quot;:{&quot;action&quot;:&quot;Restaurant&quot;,&quot;category&quot;:&quot;tag&quot;,&quot;from&quot;:&quot;article footer&quot;,&quot;name&quot;:&quot;Restaurant&quot;,&quot;type&quot;:&quot;cta&quot;}}\" target=\"_blank\" rel=\"noopener\">#Restaurant<\/a><\/li>\n<\/ul>\n<p>                    <script async src=\"\/\/www.instagram.com\/embed.js\"><\/script><\/p>\n","protected":false},"excerpt":{"rendered":"Par Hervine Mahaud Publi\u00e9 le 19 juin 2025 \u00e0 7h46 C\u2019est sans conteste dans l\u2019un des plus beaux&hellip;\n","protected":false},"author":2,"featured_media":187721,"comment_status":"","ping_status":"","sticky":false,"template":"","format":"standard","meta":{"footnotes":""},"categories":[2815],"tags":[1111,11,33,1777,674,1011,27,811,1307,12,3147,25,1340],"class_list":{"0":"post-187720","1":"post","2":"type-post","3":"status-publish","4":"format-standard","5":"has-post-thumbnail","7":"category-lille","8":"tag-actu","9":"tag-actualites","10":"tag-economie","11":"tag-eu","12":"tag-europe","13":"tag-fr","14":"tag-france","15":"tag-hauts-de-france","16":"tag-lille","17":"tag-news","18":"tag-nouveaux-commerces","19":"tag-republique-francaise","20":"tag-restaurant"},"share_on_mastodon":{"url":"https:\/\/pubeurope.com\/@fr\/114708574881688268","error":""},"_links":{"self":[{"href":"https:\/\/www.europesays.com\/fr\/wp-json\/wp\/v2\/posts\/187720","targetHints":{"allow":["GET"]}}],"collection":[{"href":"https:\/\/www.europesays.com\/fr\/wp-json\/wp\/v2\/posts"}],"about":[{"href":"https:\/\/www.europesays.com\/fr\/wp-json\/wp\/v2\/types\/post"}],"author":[{"embeddable":true,"href":"https:\/\/www.europesays.com\/fr\/wp-json\/wp\/v2\/users\/2"}],"replies":[{"embeddable":true,"href":"https:\/\/www.europesays.com\/fr\/wp-json\/wp\/v2\/comments?post=187720"}],"version-history":[{"count":0,"href":"https:\/\/www.europesays.com\/fr\/wp-json\/wp\/v2\/posts\/187720\/revisions"}],"wp:featuredmedia":[{"embeddable":true,"href":"https:\/\/www.europesays.com\/fr\/wp-json\/wp\/v2\/media\/187721"}],"wp:attachment":[{"href":"https:\/\/www.europesays.com\/fr\/wp-json\/wp\/v2\/media?parent=187720"}],"wp:term":[{"taxonomy":"category","embeddable":true,"href":"https:\/\/www.europesays.com\/fr\/wp-json\/wp\/v2\/categories?post=187720"},{"taxonomy":"post_tag","embeddable":true,"href":"https:\/\/www.europesays.com\/fr\/wp-json\/wp\/v2\/tags?post=187720"}],"curies":[{"name":"wp","href":"https:\/\/api.w.org\/{rel}","templated":true}]}}