{"id":187722,"date":"2025-06-19T06:18:16","date_gmt":"2025-06-19T06:18:16","guid":{"rendered":"https:\/\/www.europesays.com\/fr\/187722\/"},"modified":"2025-06-19T06:18:16","modified_gmt":"2025-06-19T06:18:16","slug":"mercato-losc-un-jeune-ailier-norvegien-debarque-a-lille-sport-3","status":"publish","type":"post","link":"https:\/\/www.europesays.com\/fr\/187722\/","title":{"rendered":"Mercato Losc. Un jeune ailier norv\u00e9gien d\u00e9barque \u00e0 Lille . Sport"},"content":{"rendered":"<p>Un petit nouveau au Losc. L\u2019ailier international Espoirs norv\u00e9gien, Marius Broholm, s\u2019est engag\u00e9 cinq ans \u00e0 Lille ce mercredi 18\u00a0juin. C\u2019est le club nordiste qui l\u2019a annonc\u00e9 dans un communiqu\u00e9.<\/p>\n<p>Ailier droit mais gaucher, le joueur de vingt ans a <strong>\u00ab\u00a0des qualit\u00e9s individuelles, de dribbles, de d\u00e9s\u00e9quilibre et d\u2019\u00e9limination\u00a0\u00bb<\/strong> selon le pr\u00e9sident du Losc Olivier L\u00e9tang, cit\u00e9 dans le communiqu\u00e9 du club. Broholm arrive de Rosenborg, club de son pays d\u2019origine.<\/p>\n<\/p>\n<p>Le rempla\u00e7ant de Zhegrova\u00a0?<\/p>\n<p>Auteur de six buts et une passe d\u00e9cisive en douze rencontres depuis le d\u00e9but de la saison &#8211; en mars &#8211; en Norv\u00e8ge, Broholm rejoint son compatriote Osame Sahraoui, ainsi qu\u2019un autre Scandinave, le Su\u00e9dois Gabriel Gudmundsson.<\/p>\n<p>Son arriv\u00e9e anticipe le d\u00e9part probable d\u2019un autre gaucher jouant sur l\u2019aile droite\u00a0: l\u2019international kosovar <a href=\"https:\/\/lille.maville.com\/sport\/detail_-mercato-lille-osc.-en-fin-de-contrat-en-juin-2026-edon-zhegrova-ne-prolongera-pas-_53066-6692062_actu.Htm\" target=\"_blank\" rel=\"noopener\">Edon Zhegrova<\/a>, qui devrait quitter le Nord cet \u00e9t\u00e9.<\/p>\n<p>L\u2019entra\u00eeneur Bruno Genesio a souvent regrett\u00e9 lors de la saison \u00e9coul\u00e9e l\u2019absence de Zhegrova, \u00e9cart\u00e9 des terrains \u00e0 cause d\u2019une pubalgie \u00e0 partir de la mi-d\u00e9cembre.<\/p>\n<p><strong>Lire aussi :<\/strong>\u00a0<a href=\"https:\/\/rennes.maville.com\/sport\/detail_-ligue-1.-bruno-genesio-restera-l-entraineur-de-lille-pour-la-saison-2025-2026-_54135-6814890_actu.Htm\" target=\"_blank\" rel=\"noopener\">Ligue 1. Bruno Genesio restera l\u2019entra\u00eeneur de Lille pour la saison 2025-2026<\/a><\/p>\n<p>L\u2019arriv\u00e9e de Broholm lance le mercato lillois, dont la priorit\u00e9 reste <a href=\"https:\/\/rennes.maville.com\/sport\/detail_-mercato-lille.-jonathan-david-confirme-son-depart-du-losc-_54135-6807335_actu.Htm\" target=\"_blank\" rel=\"noopener\">le recrutement d\u2019un buteur<\/a> pour remplacer Jonathan David.<\/p>\n<p>\u00a0<\/p>\n","protected":false},"excerpt":{"rendered":"Un petit nouveau au Losc. L\u2019ailier international Espoirs norv\u00e9gien, Marius Broholm, s\u2019est engag\u00e9 cinq ans \u00e0 Lille ce&hellip;\n","protected":false},"author":2,"featured_media":186636,"comment_status":"","ping_status":"","sticky":false,"template":"","format":"standard","meta":{"footnotes":""},"categories":[2815],"tags":[1111,11,3809,1465,1777,674,63,1011,27,1792,811,1922,1307,2047,12,25,479,517,1470],"class_list":{"0":"post-187722","1":"post","2":"type-post","3":"status-publish","4":"format-standard","5":"has-post-thumbnail","7":"category-lille","8":"tag-actu","9":"tag-actualites","10":"tag-ball","11":"tag-basket","12":"tag-eu","13":"tag-europe","14":"tag-football","15":"tag-fr","16":"tag-france","17":"tag-handball","18":"tag-hauts-de-france","19":"tag-info","20":"tag-lille","21":"tag-mans","22":"tag-news","23":"tag-republique-francaise","24":"tag-rugby","25":"tag-sport","26":"tag-volley"},"share_on_mastodon":{"url":"https:\/\/pubeurope.com\/@fr\/114708582511763839","error":""},"_links":{"self":[{"href":"https:\/\/www.europesays.com\/fr\/wp-json\/wp\/v2\/posts\/187722","targetHints":{"allow":["GET"]}}],"collection":[{"href":"https:\/\/www.europesays.com\/fr\/wp-json\/wp\/v2\/posts"}],"about":[{"href":"https:\/\/www.europesays.com\/fr\/wp-json\/wp\/v2\/types\/post"}],"author":[{"embeddable":true,"href":"https:\/\/www.europesays.com\/fr\/wp-json\/wp\/v2\/users\/2"}],"replies":[{"embeddable":true,"href":"https:\/\/www.europesays.com\/fr\/wp-json\/wp\/v2\/comments?post=187722"}],"version-history":[{"count":0,"href":"https:\/\/www.europesays.com\/fr\/wp-json\/wp\/v2\/posts\/187722\/revisions"}],"wp:featuredmedia":[{"embeddable":true,"href":"https:\/\/www.europesays.com\/fr\/wp-json\/wp\/v2\/media\/186636"}],"wp:attachment":[{"href":"https:\/\/www.europesays.com\/fr\/wp-json\/wp\/v2\/media?parent=187722"}],"wp:term":[{"taxonomy":"category","embeddable":true,"href":"https:\/\/www.europesays.com\/fr\/wp-json\/wp\/v2\/categories?post=187722"},{"taxonomy":"post_tag","embeddable":true,"href":"https:\/\/www.europesays.com\/fr\/wp-json\/wp\/v2\/tags?post=187722"}],"curies":[{"name":"wp","href":"https:\/\/api.w.org\/{rel}","templated":true}]}}