{"id":187723,"date":"2025-06-19T06:19:09","date_gmt":"2025-06-19T06:19:09","guid":{"rendered":"https:\/\/www.europesays.com\/fr\/187723\/"},"modified":"2025-06-19T06:19:09","modified_gmt":"2025-06-19T06:19:09","slug":"weathering-un-tableau-vivant-de-la-choregraphe-faye-driscoll-au-festival-de-marseille","status":"publish","type":"post","link":"https:\/\/www.europesays.com\/fr\/187723\/","title":{"rendered":"\u00ab\u00a0Weathering\u00a0\u00bb, un tableau vivant de la chor\u00e9graphe Faye Driscoll au Festival de Marseille"},"content":{"rendered":"<p>Originaire de Californie et vivant entre New York et Los Angeles, <a href=\"https:\/\/www.laprovence.com\/article\/culture-loisirs\/315684246676414\/festival-de-marseille-les-spectacles-a-ne-pas-manquer-du-12-juin-au-6-juillet\" target=\"_blank\" rel=\"nofollow noopener\">la chor\u00e9graphe am\u00e9ricaine Faye Driscoll<\/a> a con\u00e7u une pi\u00e8ce \u00e0 la jonction du th\u00e9\u00e2tre et de la danse. Cette \u00ab\u00a0sculpture de chair\u00a0\u00bb, comme la qualifie l\u2019artiste, entend faire \u00ab\u00a0ressentir notre interd\u00e9pendance\u00a0\u00bb. Nous l\u2019avons rencontr\u00e9e \u00e0 la Friche.<\/p>\n<p>Une r\u00e9flexion sur les images et les corps<\/p>\n<p>Ses bras imitent de grands cercles qui se tournent autour et s\u2019entrem\u00ealent. C\u2019est comme cela qu\u2019elle traduit les mouvements des danseurs au cours de la pi\u00e8ce, qui op\u00e8rent des \u00ab\u00a0rotations\u00a0\u00bb. Cet amas de corps qui s\u2019enchev\u00eatrent repr\u00e9sente une \u00ab\u00a0structure vivante, \u00e0 l\u2019image des \u00eatres humains\u00a0\u00bb, explique Faye Driscoll. En imaginant une sorte de \u00ab\u00a0mise en mouvement de peintures c\u00e9l\u00e8bres\u00a0\u00bb, son travail est le fruit de longues ann\u00e9es \u00ab\u00a0d\u2019observation de tableaux qui retracent le cours d\u2019histoire et la mani\u00e8re dont le corps y est repr\u00e9sent\u00e9\u00a0\u00bb, qui l\u2019ont impr\u00e9gn\u00e9e et dont \u00ab\u00a0l\u2019influence \u00e9tait inconsciente, sans intention particuli\u00e8re\u00a0\u00bb.<\/p>\n","protected":false},"excerpt":{"rendered":"Originaire de Californie et vivant entre New York et Los Angeles, la chor\u00e9graphe am\u00e9ricaine Faye Driscoll a con\u00e7u&hellip;\n","protected":false},"author":2,"featured_media":187724,"comment_status":"","ping_status":"","sticky":false,"template":"","format":"standard","meta":{"footnotes":""},"categories":[2814],"tags":[17,1111,11,5783,251,32544,1777,674,32543,849,1011,27,884,12,882,25,3898,2036,24145],"class_list":{"0":"post-187723","1":"post","2":"type-post","3":"status-publish","4":"format-standard","5":"has-post-thumbnail","7":"category-marseille","8":"tag-17","9":"tag-actu","10":"tag-actualites","11":"tag-choregraphe","12":"tag-culture","13":"tag-driscoll","14":"tag-eu","15":"tag-europe","16":"tag-faye","17":"tag-festival","18":"tag-fr","19":"tag-france","20":"tag-marseille","21":"tag-news","22":"tag-provence-alpes-cote-dazur","23":"tag-republique-francaise","24":"tag-tableau","25":"tag-vivant","26":"tag-weathering"},"share_on_mastodon":{"url":"https:\/\/pubeurope.com\/@fr\/114708582595045384","error":""},"_links":{"self":[{"href":"https:\/\/www.europesays.com\/fr\/wp-json\/wp\/v2\/posts\/187723","targetHints":{"allow":["GET"]}}],"collection":[{"href":"https:\/\/www.europesays.com\/fr\/wp-json\/wp\/v2\/posts"}],"about":[{"href":"https:\/\/www.europesays.com\/fr\/wp-json\/wp\/v2\/types\/post"}],"author":[{"embeddable":true,"href":"https:\/\/www.europesays.com\/fr\/wp-json\/wp\/v2\/users\/2"}],"replies":[{"embeddable":true,"href":"https:\/\/www.europesays.com\/fr\/wp-json\/wp\/v2\/comments?post=187723"}],"version-history":[{"count":0,"href":"https:\/\/www.europesays.com\/fr\/wp-json\/wp\/v2\/posts\/187723\/revisions"}],"wp:featuredmedia":[{"embeddable":true,"href":"https:\/\/www.europesays.com\/fr\/wp-json\/wp\/v2\/media\/187724"}],"wp:attachment":[{"href":"https:\/\/www.europesays.com\/fr\/wp-json\/wp\/v2\/media?parent=187723"}],"wp:term":[{"taxonomy":"category","embeddable":true,"href":"https:\/\/www.europesays.com\/fr\/wp-json\/wp\/v2\/categories?post=187723"},{"taxonomy":"post_tag","embeddable":true,"href":"https:\/\/www.europesays.com\/fr\/wp-json\/wp\/v2\/tags?post=187723"}],"curies":[{"name":"wp","href":"https:\/\/api.w.org\/{rel}","templated":true}]}}