{"id":187725,"date":"2025-06-19T06:20:18","date_gmt":"2025-06-19T06:20:18","guid":{"rendered":"https:\/\/www.europesays.com\/fr\/187725\/"},"modified":"2025-06-19T06:20:18","modified_gmt":"2025-06-19T06:20:18","slug":"insultes-punitions-violences-a-marseille-6-parents-portent-plainte-pour-violences-contre-une-creche-privee","status":"publish","type":"post","link":"https:\/\/www.europesays.com\/fr\/187725\/","title":{"rendered":"Insultes, punitions, violences\u2026 \u00e0 Marseille, 6 parents portent plainte pour violences contre une cr\u00e8che priv\u00e9e"},"content":{"rendered":"<p>L\u2019effectif a fondu comme neige au soleil. Dans la section des Acacias, qui regroupe les b\u00e9b\u00e9s \u00e0 partir de 18 mois au sein des Petits Chaperons rouges, \u00e0 l\u2019Estaque, \u00e0 <a href=\"https:\/\/www.laprovence.com\/bouches-du-rhone\/marseille-13055\" target=\"_blank\" rel=\"noopener\">Marseille<\/a> (16e), le groupe est pass\u00e9 de 23\u00a0enfants \u00e0 10 en quelques jours. La raison\u00a0? Un enregistrement sonore capt\u00e9 \u00e0 l\u2019int\u00e9rieur de la cr\u00e8che sur lequel on entend une employ\u00e9e qui crie sur les enfants afin de leur intimer de s\u2019endormir plus vite \u00e0 l\u2019heure de la sieste. Et promet \u00ab\u00a0un bonbon\u00a0\u00bb aux petits qui suivent ses ordres. Les parents, eux, ne tombent pas de haut\u00a0: ils suspectaient des \u00ab\u00a0maltraitances\u00a0\u00bb depuis plusieurs mois.<\/p>\n<p>Retour le 27\u00a0mai dernier. Un mail envoy\u00e9 par la directrice de la cr\u00e8che, Alia B., et la responsable des Acacias, Nelsie R., avertit les parents que trois salari\u00e9es sont licenci\u00e9es parce qu\u2019elles n\u2019adh\u00e8rent pas aux \u00ab\u00a0valeurs\u00a0\u00bb de la structure, \u00e9crivent-elles. La direction reproche \u00e0 ces professionnelles \u00ab\u00a0une communication inadapt\u00e9e, un ton \u00e9lev\u00e9\u00a0\u00bb, mais la cr\u00e8che l\u2019assure\u00a0: \u00ab\u00a0Aucun fait plus grave n\u2019a \u00e9t\u00e9 rapport\u00e9.\u00a0\u00bb<\/p>\n","protected":false},"excerpt":{"rendered":"L\u2019effectif a fondu comme neige au soleil. Dans la section des Acacias, qui regroupe les b\u00e9b\u00e9s \u00e0 partir&hellip;\n","protected":false},"author":2,"featured_media":187726,"comment_status":"","ping_status":"","sticky":false,"template":"","format":"standard","meta":{"footnotes":""},"categories":[2814],"tags":[17,1111,11,1777,674,1011,27,152,884,12,3306,2634,32546,882,32545,16,25,2949],"class_list":{"0":"post-187725","1":"post","2":"type-post","3":"status-publish","4":"format-standard","5":"has-post-thumbnail","7":"category-marseille","8":"tag-17","9":"tag-actu","10":"tag-actualites","11":"tag-eu","12":"tag-europe","13":"tag-fr","14":"tag-france","15":"tag-insultes","16":"tag-marseille","17":"tag-news","18":"tag-parents","19":"tag-plainte","20":"tag-portent","21":"tag-provence-alpes-cote-dazur","22":"tag-punitions","23":"tag-region","24":"tag-republique-francaise","25":"tag-violences"},"share_on_mastodon":{"url":"https:\/\/pubeurope.com\/@fr\/114708586443932981","error":""},"_links":{"self":[{"href":"https:\/\/www.europesays.com\/fr\/wp-json\/wp\/v2\/posts\/187725","targetHints":{"allow":["GET"]}}],"collection":[{"href":"https:\/\/www.europesays.com\/fr\/wp-json\/wp\/v2\/posts"}],"about":[{"href":"https:\/\/www.europesays.com\/fr\/wp-json\/wp\/v2\/types\/post"}],"author":[{"embeddable":true,"href":"https:\/\/www.europesays.com\/fr\/wp-json\/wp\/v2\/users\/2"}],"replies":[{"embeddable":true,"href":"https:\/\/www.europesays.com\/fr\/wp-json\/wp\/v2\/comments?post=187725"}],"version-history":[{"count":0,"href":"https:\/\/www.europesays.com\/fr\/wp-json\/wp\/v2\/posts\/187725\/revisions"}],"wp:featuredmedia":[{"embeddable":true,"href":"https:\/\/www.europesays.com\/fr\/wp-json\/wp\/v2\/media\/187726"}],"wp:attachment":[{"href":"https:\/\/www.europesays.com\/fr\/wp-json\/wp\/v2\/media?parent=187725"}],"wp:term":[{"taxonomy":"category","embeddable":true,"href":"https:\/\/www.europesays.com\/fr\/wp-json\/wp\/v2\/categories?post=187725"},{"taxonomy":"post_tag","embeddable":true,"href":"https:\/\/www.europesays.com\/fr\/wp-json\/wp\/v2\/tags?post=187725"}],"curies":[{"name":"wp","href":"https:\/\/api.w.org\/{rel}","templated":true}]}}