{"id":187733,"date":"2025-06-19T06:25:08","date_gmt":"2025-06-19T06:25:08","guid":{"rendered":"https:\/\/www.europesays.com\/fr\/187733\/"},"modified":"2025-06-19T06:25:08","modified_gmt":"2025-06-19T06:25:08","slug":"des-perturbations-attendues-sur-plusieurs-lignes","status":"publish","type":"post","link":"https:\/\/www.europesays.com\/fr\/187733\/","title":{"rendered":"des perturbations attendues sur plusieurs lignes"},"content":{"rendered":"<p>            Par<br \/>\n        <strong><br \/>\n            <a href=\"https:\/\/actu.fr\/auteur\/redaction-paris\" title=\"Consulter tous les articles de R\u00e9daction Paris\" target=\"_blank\" rel=\"noopener\">R\u00e9daction Paris<\/a><br \/>\n        <\/strong><\/p>\n<p>        Publi\u00e9 le<\/p>\n<p>            19 juin 2025 \u00e0 6h16        <\/p>\n<p>Les usagers du m\u00e9tro parisien devront s\u2019armer de patience ce vendredi 20 juin 2025. En raison d\u2019un mouvement social, la <a href=\"https:\/\/actu.fr\/tag\/ratp\" target=\"_blank\" rel=\"noopener\">RATP<\/a> pr\u00e9voit des <strong>perturbations sur plusieurs lignes de son r\u00e9seau<\/strong>. Le syndicat La Base RATP d\u00e9nonce \u00ab\u00a0une direction d\u2019unit\u00e9 qui, sans vergogne, s\u2019ent\u00eate \u00e0 poursuivre ses pressions et intimidations\u00a0\u00bb, des pratiques qui, selon lui, d\u00e9gradent fortement <strong>les conditions de travail des conducteurs<\/strong>. Ces derniers ont donc d\u00e9cid\u00e9 de faire gr\u00e8ve pour d\u00e9noncer cette situation devenue. <a href=\"https:\/\/actu.fr\/paris\/\" target=\"_blank\" rel=\"noopener\">actu Paris<\/a> fait le point.<\/p>\n<p>Les lignes touch\u00e9es par le mouvement<\/p>\n<p class=\" wall-content\">Trois lignes de m\u00e9tro sont particuli\u00e8rement concern\u00e9es par cette mobilisation :<\/p>\n<ul class=\" wall-content\">\n<li>Ligne 13 : <strong>trafic l\u00e9g\u00e8rement perturb\u00e9<\/strong>, avec 3 trains sur 4 en circulation ;<\/li>\n<li>Ligne 3 : <strong>perturbations plus marqu\u00e9es<\/strong>, avec seulement 1 train sur 2 en moyenne ;<\/li>\n<li>Ligne 3bis : le trafic sera <strong>totalement interrompu<\/strong> sur l\u2019ensemble de la journ\u00e9e.<\/li>\n<\/ul>\n<p class=\" wall-content\">\n<p class=\" wall-content\">\n<p class=\" wall-content\">La RATP appelle les voyageurs \u00e0 \u00ab\u00a0anticiper leurs d\u00e9placements\u00a0\u00bb sur ces lignes et \u00ab\u00a0pr\u00e9sente ses excuses pour les d\u00e9sagr\u00e9ments occasionn\u00e9s\u00a0\u00bb.<\/p>\n<p class=\" wall-content\">Suivez toute l\u2019actualit\u00e9 de vos villes et m\u00e9dias favoris en vous inscrivant \u00e0 <a href=\"https:\/\/moncompte.actu.fr\" title=\"D\u00e9couvez Mon Actu\" rel=\"nofollow noopener\" data-trk=\"{&quot;cta&quot;:{&quot;action&quot;:&quot;https:\\\/\\\/moncompte.actu.fr&quot;,&quot;category&quot;:&quot;mon compte&quot;,&quot;from&quot;:&quot;article footer&quot;,&quot;name&quot;:&quot;Mon actu&quot;,&quot;type&quot;:&quot;cta&quot;}}\" target=\"_blank\">Mon Actu<\/a>.<\/p>\n","protected":false},"excerpt":{"rendered":"Par R\u00e9daction Paris Publi\u00e9 le 19 juin 2025 \u00e0 6h16 Les usagers du m\u00e9tro parisien devront s\u2019armer de&hellip;\n","protected":false},"author":2,"featured_media":187734,"comment_status":"","ping_status":"","sticky":false,"template":"","format":"standard","meta":{"footnotes":""},"categories":[1888],"tags":[1111,1928,11,1927,1777,674,1011,27,4047,12,1926,626,1925,625,25,104,2803],"class_list":{"0":"post-187733","1":"post","2":"type-post","3":"status-publish","4":"format-standard","5":"has-post-thumbnail","7":"category-paris","8":"tag-actu","9":"tag-actu-paris","10":"tag-actualites","11":"tag-actualites-paris","12":"tag-eu","13":"tag-europe","14":"tag-fr","15":"tag-france","16":"tag-metro","17":"tag-news","18":"tag-news-paris","19":"tag-paris","20":"tag-paris-news","21":"tag-ratp","22":"tag-republique-francaise","23":"tag-societe","24":"tag-transport"},"share_on_mastodon":{"url":"https:\/\/pubeurope.com\/@fr\/114708606167695664","error":""},"_links":{"self":[{"href":"https:\/\/www.europesays.com\/fr\/wp-json\/wp\/v2\/posts\/187733","targetHints":{"allow":["GET"]}}],"collection":[{"href":"https:\/\/www.europesays.com\/fr\/wp-json\/wp\/v2\/posts"}],"about":[{"href":"https:\/\/www.europesays.com\/fr\/wp-json\/wp\/v2\/types\/post"}],"author":[{"embeddable":true,"href":"https:\/\/www.europesays.com\/fr\/wp-json\/wp\/v2\/users\/2"}],"replies":[{"embeddable":true,"href":"https:\/\/www.europesays.com\/fr\/wp-json\/wp\/v2\/comments?post=187733"}],"version-history":[{"count":0,"href":"https:\/\/www.europesays.com\/fr\/wp-json\/wp\/v2\/posts\/187733\/revisions"}],"wp:featuredmedia":[{"embeddable":true,"href":"https:\/\/www.europesays.com\/fr\/wp-json\/wp\/v2\/media\/187734"}],"wp:attachment":[{"href":"https:\/\/www.europesays.com\/fr\/wp-json\/wp\/v2\/media?parent=187733"}],"wp:term":[{"taxonomy":"category","embeddable":true,"href":"https:\/\/www.europesays.com\/fr\/wp-json\/wp\/v2\/categories?post=187733"},{"taxonomy":"post_tag","embeddable":true,"href":"https:\/\/www.europesays.com\/fr\/wp-json\/wp\/v2\/tags?post=187733"}],"curies":[{"name":"wp","href":"https:\/\/api.w.org\/{rel}","templated":true}]}}