{"id":187737,"date":"2025-06-19T06:27:13","date_gmt":"2025-06-19T06:27:13","guid":{"rendered":"https:\/\/www.europesays.com\/fr\/187737\/"},"modified":"2025-06-19T06:27:13","modified_gmt":"2025-06-19T06:27:13","slug":"depuis-30-ans-lindustrie-du-cinema-prend-le-pouls-de-la-carriere-des-films-a-lugc-des-halles-a-paris","status":"publish","type":"post","link":"https:\/\/www.europesays.com\/fr\/187737\/","title":{"rendered":"Depuis 30 ans, l&rsquo;industrie du cin\u00e9ma prend \u00ab\u00a0le pouls de la carri\u00e8re des films\u00a0\u00bb \u00e0 l&rsquo;UGC des Halles \u00e0 Paris"},"content":{"rendered":"<p>            Par<br \/>\n        <strong><br \/>\n            <a href=\"https:\/\/actu.fr\/auteur\/augustin-delaporte\" title=\"Consulter tous les articles de Augustin Delaporte\" target=\"_blank\" rel=\"noopener\">Augustin Delaporte<\/a><br \/>\n        <\/strong><\/p>\n<p>        Publi\u00e9 le<\/p>\n<p>            19 juin 2025 \u00e0 7h16        <\/p>\n<p>Il n\u2019a pas la c\u00e9l\u00e9brit\u00e9 du <a href=\"https:\/\/actu.fr\/ile-de-france\/paris_75056\/temple-art-deco-de-paris-ce-cinema-est-le-plus-beau-du-monde-selon-le-classement-time-out_62305320.html\" target=\"_blank\" rel=\"noopener\">Grand Rex<\/a> ou du <a href=\"https:\/\/actu.fr\/ile-de-france\/paris_75056\/a-paris-le-cinema-le-louxor-diffuse-les-films-du-festival-de-cannes_51952589.html\" target=\"_blank\" rel=\"noopener\">Louxor<\/a>, mais <strong>l\u2019UGC Cin\u00e9 Cit\u00e9 des Halles<\/strong> \u00e0 Paris (1e) est le plus fr\u00e9quent\u00e9 au monde. Officiellement ouvert en 1995, en lieu et place du parc oc\u00e9anique Cousteau qui avait d\u00e9pos\u00e9 le bilan d\u00e8s l\u2019\u00e9t\u00e9 91, le multiplex parisien a trust\u00e9 la premi\u00e8re place des deux derniers palmar\u00e8s de l\u2019institut Comscore, en 2018 et 2023. <br \/>L\u2019an pass\u00e9, avec <strong>2,8 millions de spectateurs<\/strong>, il devan\u00e7ait encore ses deux principaux rivaux, le Lotte Cinema World \u00e0 S\u00e9oul (Cor\u00e9e du Sud) et l\u2019AMC Empire 25 \u00e0 New York (\u00c9tats-Unis). \u00ab\u00a0C\u2019est un tampon, une mani\u00e8re de valider, mais il est presque s\u00fbr que c\u2019\u00e9tait d\u00e9j\u00e0 le cin\u00e9ma faisant le plus d\u2019entr\u00e9es au monde avant 2018. Il n\u2019y avait juste pas de palmar\u00e8s\u00a0\u00bb, nous confie-t-on fi\u00e8rement au service presse. Mais ce n\u2019est pas tout. C\u2019est \u00e9galement dans ce cin\u00e9ma que tous les <strong>distributeurs de films prennent le pouls de la carri\u00e8re d\u2019un film<\/strong>. Explications.<\/p>\n<p>\u00ab\u00a0On propose tous les films\u00a0\u00bb<\/p>\n<p class=\" wall-content\">Dans l\u2019une des plus belles villes du monde d\u2019un point de vu architecturale, certains penseront que c\u2019est un comble que les gens se ruent dans cet UGC. Parce qu\u2019il est dissimul\u00e9 dans les souterrains du <a href=\"https:\/\/actu.fr\/tag\/paris-les-halles\" target=\"_blank\" rel=\"noopener\">Forum Des Halles<\/a>, ou bien \u00e0 cause de son aspect \u00e9triqu\u00e9 ? \u00ab\u00a0Des gens se prom\u00e8nent sous La Canop\u00e9e ou dans les jardins, sans savoir qu\u2019en dessous d\u2019eux se trouve un cin\u00e9ma\u00a0\u00bb, admet son directeur adjoint, Romain Grandemange.\u00a0 \u00a0 \u00a0<\/p>\n<p class=\" wall-content\">Son apparence un peu tentaculaire s\u2019explique, elle, par l\u2019histoire du lieu. Initialement dot\u00e9 de 15 salles, le cin\u00e9ma est pass\u00e9 \u00e0 19 en 97, puis \u00e0 27 en 2014. \u00ab\u00a0On s\u2019est progressivement \u00e9tendu l\u00e0 o\u00f9 on le pouvait\u00a0\u00bb, argue celui qui est dans le groupe depuis 2012. Depuis ce dernier agrandissement, le multiplex poss\u00e8de <strong>3800 fauteuils au total<\/strong>, et des salles allant d\u2019une jauge de 47 personnes \u00e0 500 spectateurs.\u00a0 \u00a0 \u00a0<\/p>\n<p>    <img   decoding=\"async\" loading=\"lazy\" src=\"https:\/\/www.europesays.com\/fr\/wp-content\/uploads\/2025\/06\/20250618-095606-960x640.jpg\" alt=\"cin\u00e9ma le plus fr\u00e9quent\u00e9 de la plan\u00e8te\" width=\"960\" height=\"640\"\/><br \/>\n    L\u2019UGC Cin\u00e9 Cit\u00e9 des Halles tourne, chaque jour, gr\u00e2ce \u00e0 90 employ\u00e9s. (\u00a9AD \/ actu Paris)<\/p>\n<p class=\" wall-content\">Ce qui permet de mettre \u00e0 l\u2019affiche pr\u00e8s de 500 films par an et de proposer une programmation particuli\u00e8rement \u00e9clectique, avec des films d\u2019une soixantaine de nationalit\u00e9s, et entre 150 et <strong>160 avant-premi\u00e8res chaque ann\u00e9e<\/strong>. Une offre extr\u00eamement diversifi\u00e9e, qui attire un large panel de clients, finalement assez repr\u00e9sentatif de la tendance g\u00e9n\u00e9rale. Romain Grandemange s\u2019essaie au jeu des m\u00e9taphores :\u00a0<\/p>\n<blockquote class=\"ac-article-quote wall-content\">\n<p>On est sous terre, comme enterr\u00e9s, mais on se situe dans le ventre de Paris. Peu importe ou vous vivez dans Paris, ou dans le Grand Paris, vous \u00eates proches<\/p>\n<p>    <strong>Romain Grandemange<\/strong>\n            <\/p><\/blockquote>\n<p class=\" wall-content\">Effectivement, en plus des lignes de m\u00e9tro 1, 4, 7, 11 et 14, la gare Ch\u00e2telet \u2013 Les Halles est aussi desservie par les lignes de RER A, B et D, ce qui en fait l\u2019une des plus grandes gares de la plan\u00e8te en terme de fr\u00e9quentation. La directeur adjoint poursuit : \u00ab\u00a0On propose tous les films et \u00e0 des prix accessibles, gr\u00e2ce, notamment, \u00e0 nos cartes UGC Illimit\u00e9. Cela cr\u00e9e de la demande\u00a0\u00bb. Central g\u00e9ographiquement donc, mais \u00e9galement dans la carri\u00e8re d\u2019un film\u2026<\/p>\n<p>\u00ab\u00a0Le 9h des Halles\u00a0\u00bb : le rendez-vous incontournable de l\u2019industrie du cin\u00e9ma<\/p>\n<p class=\" wall-content\">En effet, au-del\u00e0 de ces chiffres d\u00e9mesur\u00e9s, c\u2019est la s\u00e9ance du mercredi matin, 9 heures, qui fait le sel du cin\u00e9ma des Halles, parce qu\u2019il s\u2019agit de <strong>la plus matinale de tout le pays<\/strong>. Une sorte de galop d\u2019essai pour les films, qui permet de d\u00e9gager une tendance avant qu\u2019ils ne soient projet\u00e9s ailleurs, \u00e0 partir de 10, 11 heures.\u00a0<\/p>\n<p class=\" wall-content\">Le rendez-vous est m\u00eame devenu un incontournable pour les <strong>distributeurs de films <\/strong>depuis la fin des ann\u00e9es 90. \u00ab\u00a0Apr\u00e8s le lancement des premi\u00e8res s\u00e9ances, ils se r\u00e9unissent en silence et je leur lis \u00e0 voix haute les r\u00e9sultats, par ordre alphab\u00e9tique. Puis ils les prennent tous en photo\u00a0\u00bb, relate Romain Grandemange, notamment en charge de remplir la \u00ab\u00a0planche du 9h\u00a0\u00bb, o\u00f9 les entr\u00e9es sont recens\u00e9es. Et dont le <strong>caract\u00e8re pr\u00e9monitoire est pris avec le plus grand s\u00e9rieux<\/strong> dans le milieu. \u00ab\u00a0Ils sont aussi aux premi\u00e8res loges pour aller \u00e0 la rencontre des spectateurs\u00a0\u00bb, fait remarquer Romain Grandemange.<\/p>\n<p>    <img   decoding=\"async\" loading=\"lazy\" src=\"https:\/\/www.europesays.com\/fr\/wp-content\/uploads\/2025\/06\/20250618-103422-960x640.jpg\" alt=\"cin\u00e9ma le plus fr\u00e9quent\u00e9 de la plan\u00e8te\" width=\"960\" height=\"640\"\/><br \/>\n    Le directeur adjoint, Romain Grandemange, compile les r\u00e9sultats du \u00ab\u00a09h des Halles\u00a0\u00bb, s\u00e9ance la plus matinale de France. (\u00a9AD \/ actu Paris)<\/p>\n<p class=\" wall-content\">Il ajoute : \u00ab\u00a0Je continue de faire le compte tout au long de la journ\u00e9e. Cela permet d\u2019ajuster d\u00e8s le lendemain et de mettre les films avec le plus de demande dans les salles avec une plus grande jauge. Mon job, c\u2019est de ne pas frustrer un client qui veut voir un film.\u00a0\u00bb<\/p>\n<p class=\" wall-content\">De nombreux habitu\u00e9s sont \u00e9galement de la partie, chaque mercredi. \u00ab\u00a0C\u2019est assez fou \u00e0 voir, \u00e0 force, ils connaissent les agents d\u2019accueil, c\u2019est un peu comme leur seconde maison\u00a0\u00bb, d\u00e9taille encore le directeur adjoint.\u00a0<\/p>\n<p>    <img   decoding=\"async\" loading=\"lazy\" src=\"https:\/\/www.europesays.com\/fr\/wp-content\/uploads\/2025\/06\/20250618-103433-960x640.jpg\" alt=\"cin\u00e9ma le plus fr\u00e9quent\u00e9 de la plan\u00e8te\" width=\"960\" height=\"640\"\/><br \/>\n    Les films 28 ans plus tard, Avignon et Enzo ont r\u00e9alis\u00e9, sans grande surprise, un tr\u00e8s bon d\u00e9marrage en salle mercredi 18 juin 2025. (\u00a9AD \/ actu Paris)<\/p>\n<p class=\" wall-content\">Il arrive, d\u2019ailleurs, qu\u2019ils croisent la route d\u2019un producteur, d\u2019un talent, et que la discussion s\u2019engage. Ou qu\u2019ils demandent les chiffres. D\u00e9sormais c\u00e9l\u00e8bre, la \u00ab\u00a0planche du 9h\u00a0\u00bb est, elle, partag\u00e9e sur les r\u00e9seaux sociaux par la communication du cin\u00e9ma.\u00a0\u00a0<\/p>\n<p>Le multiplex souffle sa 30\u00e8me bougie\u00a0<\/p>\n<p class=\" wall-content\">Le lieu, qui a tir\u00e9 le portrait \u00e0 certains de ses habitu\u00e9s, avant d\u2019accrocher leurs photos en grand format \u00e0 c\u00f4t\u00e9 de celles de stars du septi\u00e8me art, f\u00eate, entre juin et le 31 ao\u00fbt 2025, ses 30 ans d\u2019existence.\u00a0<\/p>\n<p class=\" wall-content\">\u00c0 cette occasion, 30 films cultes vont y \u00eatre projet\u00e9s. C\u2019est Jacques Audiard qui ouvrait le bal ce mercredi 18 juin, avec De battre mon c\u0153ur s\u2019est arr\u00eat\u00e9.\u00a0\u00a0<\/p>\n<p>    <img   decoding=\"async\" loading=\"lazy\" src=\"https:\/\/www.europesays.com\/fr\/wp-content\/uploads\/2025\/06\/20250618-103130-960x640.jpg\" alt=\"cin\u00e9ma le plus fr\u00e9quent\u00e9 de la plan\u00e8te\" width=\"960\" height=\"640\"\/><br \/>\n    Catherine Deneuve au c\u00f4t\u00e9s de Nathalie, abonn\u00e9e UGC illimit\u00e9 depuis l\u2019an 2000. (\u00a9AD \/ actu Paris)<\/p>\n<p class=\" wall-content\">Il y aura ensuite, notamment, le 27 juin, deux films de Spike Lee, avec BlacKkKlansman : J\u2019ai infiltr\u00e9 le Ku Klux Klan et le thriller Inside Man : L\u2019Homme de l\u2019int\u00e9rieur.\u00a0<\/p>\n<p class=\" wall-content\">Les titres des prochains films projet\u00e9s devraient, eux, \u00eatre r\u00e9v\u00e9l\u00e9s au compte-goutte.<\/p>\n<p class=\" wall-content\">Suivez toute l\u2019actualit\u00e9 de vos villes et m\u00e9dias favoris en vous inscrivant \u00e0 <a href=\"https:\/\/moncompte.actu.fr\" title=\"D\u00e9couvez Mon Actu\" rel=\"nofollow noopener\" data-trk=\"{&quot;cta&quot;:{&quot;action&quot;:&quot;https:\\\/\\\/moncompte.actu.fr&quot;,&quot;category&quot;:&quot;mon compte&quot;,&quot;from&quot;:&quot;article footer&quot;,&quot;name&quot;:&quot;Mon actu&quot;,&quot;type&quot;:&quot;cta&quot;}}\" target=\"_blank\">Mon Actu<\/a>.<\/p>\n<ul class=\"ac-article-tag wall-content\">\n<li><a href=\"https:\/\/actu.fr\/tag\/cinema\" data-trk=\"{&quot;cta&quot;:{&quot;action&quot;:&quot;Cin\\u00e9ma&quot;,&quot;category&quot;:&quot;tag&quot;,&quot;from&quot;:&quot;article footer&quot;,&quot;name&quot;:&quot;Cin\\u00e9ma&quot;,&quot;type&quot;:&quot;cta&quot;}}\" target=\"_blank\" rel=\"noopener\">#Cin\u00e9ma<\/a><\/li>\n<li><a href=\"https:\/\/actu.fr\/tag\/paris-les-halles\" data-trk=\"{&quot;cta&quot;:{&quot;action&quot;:&quot;Paris Les Halles&quot;,&quot;category&quot;:&quot;tag&quot;,&quot;from&quot;:&quot;article footer&quot;,&quot;name&quot;:&quot;Paris Les Halles&quot;,&quot;type&quot;:&quot;cta&quot;}}\" target=\"_blank\" rel=\"noopener\">#Paris Les Halles<\/a><\/li>\n<\/ul>\n","protected":false},"excerpt":{"rendered":"Par Augustin Delaporte Publi\u00e9 le 19 juin 2025 \u00e0 7h16 Il n\u2019a pas la c\u00e9l\u00e9brit\u00e9 du Grand Rex&hellip;\n","protected":false},"author":2,"featured_media":187738,"comment_status":"","ping_status":"","sticky":false,"template":"","format":"standard","meta":{"footnotes":""},"categories":[1888],"tags":[11,650,1777,674,1011,27,1652,12,626,29989,25],"class_list":{"0":"post-187737","1":"post","2":"type-post","3":"status-publish","4":"format-standard","5":"has-post-thumbnail","7":"category-paris","8":"tag-actualites","9":"tag-cinema","10":"tag-eu","11":"tag-europe","12":"tag-fr","13":"tag-france","14":"tag-loisirs-culture","15":"tag-news","16":"tag-paris","17":"tag-paris-les-halles","18":"tag-republique-francaise"},"share_on_mastodon":{"url":"https:\/\/pubeurope.com\/@fr\/114708614047577269","error":""},"_links":{"self":[{"href":"https:\/\/www.europesays.com\/fr\/wp-json\/wp\/v2\/posts\/187737","targetHints":{"allow":["GET"]}}],"collection":[{"href":"https:\/\/www.europesays.com\/fr\/wp-json\/wp\/v2\/posts"}],"about":[{"href":"https:\/\/www.europesays.com\/fr\/wp-json\/wp\/v2\/types\/post"}],"author":[{"embeddable":true,"href":"https:\/\/www.europesays.com\/fr\/wp-json\/wp\/v2\/users\/2"}],"replies":[{"embeddable":true,"href":"https:\/\/www.europesays.com\/fr\/wp-json\/wp\/v2\/comments?post=187737"}],"version-history":[{"count":0,"href":"https:\/\/www.europesays.com\/fr\/wp-json\/wp\/v2\/posts\/187737\/revisions"}],"wp:featuredmedia":[{"embeddable":true,"href":"https:\/\/www.europesays.com\/fr\/wp-json\/wp\/v2\/media\/187738"}],"wp:attachment":[{"href":"https:\/\/www.europesays.com\/fr\/wp-json\/wp\/v2\/media?parent=187737"}],"wp:term":[{"taxonomy":"category","embeddable":true,"href":"https:\/\/www.europesays.com\/fr\/wp-json\/wp\/v2\/categories?post=187737"},{"taxonomy":"post_tag","embeddable":true,"href":"https:\/\/www.europesays.com\/fr\/wp-json\/wp\/v2\/tags?post=187737"}],"curies":[{"name":"wp","href":"https:\/\/api.w.org\/{rel}","templated":true}]}}