{"id":187739,"date":"2025-06-19T06:28:11","date_gmt":"2025-06-19T06:28:11","guid":{"rendered":"https:\/\/www.europesays.com\/fr\/187739\/"},"modified":"2025-06-19T06:28:11","modified_gmt":"2025-06-19T06:28:11","slug":"32-c-a-paris-35-c-dans-le-sud-ouest-quelles-temperatures-sont-prevues-chez-vous-ce-jeudi","status":"publish","type":"post","link":"https:\/\/www.europesays.com\/fr\/187739\/","title":{"rendered":"32 \u00b0C \u00e0 Paris, 35 \u00b0C dans le sud-ouest\u2026 Quelles temp\u00e9ratures sont pr\u00e9vues chez vous ce jeudi ?"},"content":{"rendered":"<p class=\"article-p mdl\">Les temp\u00e9ratures pr\u00e9vues pour le 19 juin 2025 s&rsquo;inscrivent dans le registre d&rsquo;un \u00e9t\u00e9 tr\u00e8s chaud, avec un ciel d\u00e9gag\u00e9 presque partout dans l&rsquo;hexagone. On attendra pr\u00e8s de 35 \u00b0C\u00a0dans le sud-ouest autour de la vall\u00e9e de la Garonne. On notera d&rsquo;ailleurs quelques brouillards, \u00e0 Saint-Brieuc ou encore \u00e0 Caen, des ph\u00e9nom\u00e8nes devant vite dispara\u00eetre.\u00a0<\/p>\n<p class=\"article-p mdl\">N\u00e9anmoins, en fin d&rsquo;apr\u00e8s-midi, peut-\u00eatre sur les Alpes, sur le relief Corse, quelques d\u00e9veloppements nuageux sont \u00e0 anticiper, ces derniers pouvant aller jusqu&rsquo;\u00e0 l&rsquo;averse, voire l&rsquo;orage. Pour le reste du territoire, le ciel bleu va faire grimper les temp\u00e9ratures de fa\u00e7on cons\u00e9quente. Ce matin, on note 24 \u00b0C\u00a0\u00e0 Nice, \u00e0 S\u00e8te ou encore 23 \u00b0C \u00e0 Bastia, 10 \u00b0C\u00a0\u00e0 Gu\u00e9ret, 11 \u00b0C au Puy, 12 \u00b0C \u00e0 Caen, \u00e0 Romorantin ou encore \u00e0 Beauvais.\u00a0<\/p>\n<p>            Une m\u00e9t\u00e9o riche en soleil et en temp\u00e9ratures estivales<\/p>\n<p class=\"article-p mdl\"><strong>L&rsquo;apr\u00e8s-midi<\/strong>, le mercure va grimper partout avec 26 \u00b0C \u00e0 30<\/p>\n<p>\u00b0C\u00a0pr\u00e8s de la Manche et 30 \u00b0C \u00e0 35<\/p>\n<p>\u00b0C\u00a0dans toutes les autres r\u00e9gions. On aura 35 \u00b0C \u00e0 Limoges ainsi qu&rsquo;\u00e0 Bordeaux et on ira jusqu&rsquo;\u00e0 36<\/p>\n<p>\u00b0C\u00a0\u00e0 Agen et 32 \u00b0C \u00e0 Paris par exemple, 26<\/p>\n<p>\u00b0C\u00a0du c\u00f4t\u00e9 de Lille ou encore 33<\/p>\n<p>\u00b0C\u00a0\u00e0 Lyon.<\/p>\n<p class=\"article-p mdl\">Si la nuit permettra au ciel de se rafraichir, la journ\u00e9e du<strong> vendredi 20 juin<\/strong> risque bien de suivre la continuit\u00e9 de cette vague de chaleur.\u00a0<a class=\"link\" href=\"https:\/\/meteofrance.com\/\" target=\"_blank\" rel=\"noopener\">M\u00e9t\u00e9o-France<\/a>\u00a0anticipe d\u00e9j\u00e0 des temp\u00e9ratures matinales allant de 27 \u00b0C \u00e0 Paris, 24 \u00b0C \u00e0 Strasbourg, Lille et Amiens ainsi que 28 \u00b0C \u00e0 Lyon, Nice et Tours. Un temps \u00e0 plus de 30 \u00b0C est \u00e0 anticiper \u00e0 Montpellier et Nantes \u00e9galement.\u00a0<\/p>\n<p class=\"article-p mdl\">L&rsquo;apr\u00e8s-midi continuera d&rsquo;apporter une chaleur cons\u00e9quente avec 33 \u00b0C \u00e0 Paris, Limoges, Bourges et Axerre, 34 \u00b0C \u00e0 Montpellier et Tours et au moins 35 \u00b0C \u00e0 Perpignan, Mont\u00e9limar, Toulouse, Rennes et Bordeaux. Le soleil sera malgr\u00e9 tout couvert par des nuages sur la partie Est de l&rsquo;hexagone, avec notamment des risques de pr\u00e9cipitations en Provence-Alpes-C\u00f4te d&rsquo;Azur.<\/p>\n<p>    La r\u00e9daction vous recommande<\/p>\n<p class=\"s-newsletter__title\">\n                L\u2019actualit\u00e9 par la r\u00e9daction de RTL dans votre bo\u00eete mail.\n            <\/p>\n<p class=\"s-newsletter__subtitle\">\n                Gr\u00e2ce \u00e0 votre compte RTL abonnez-vous \u00e0 la newsletter RTL info pour suivre toute l&rsquo;actualit\u00e9 au quotidien\n            <\/p>\n<p>\n                                    Lire la suite\n                                <\/p>\n","protected":false},"excerpt":{"rendered":"Les temp\u00e9ratures pr\u00e9vues pour le 19 juin 2025 s&rsquo;inscrivent dans le registre d&rsquo;un \u00e9t\u00e9 tr\u00e8s chaud, avec un&hellip;\n","protected":false},"author":2,"featured_media":187740,"comment_status":"","ping_status":"","sticky":false,"template":"","format":"standard","meta":{"footnotes":""},"categories":[1888],"tags":[11,6698,1777,674,107,1011,27,1922,3059,2487,12,4594,626,362,25,2648],"class_list":{"0":"post-187739","1":"post","2":"type-post","3":"status-publish","4":"format-standard","5":"has-post-thumbnail","7":"category-paris","8":"tag-actualites","9":"tag-canicule","10":"tag-eu","11":"tag-europe","12":"tag-fil-info","13":"tag-fr","14":"tag-france","15":"tag-info","16":"tag-intemperies","17":"tag-meteo","18":"tag-news","19":"tag-orages","20":"tag-paris","21":"tag-replay","22":"tag-republique-francaise","23":"tag-temperature"},"share_on_mastodon":{"url":"https:\/\/pubeurope.com\/@fr\/114708617869751480","error":""},"_links":{"self":[{"href":"https:\/\/www.europesays.com\/fr\/wp-json\/wp\/v2\/posts\/187739","targetHints":{"allow":["GET"]}}],"collection":[{"href":"https:\/\/www.europesays.com\/fr\/wp-json\/wp\/v2\/posts"}],"about":[{"href":"https:\/\/www.europesays.com\/fr\/wp-json\/wp\/v2\/types\/post"}],"author":[{"embeddable":true,"href":"https:\/\/www.europesays.com\/fr\/wp-json\/wp\/v2\/users\/2"}],"replies":[{"embeddable":true,"href":"https:\/\/www.europesays.com\/fr\/wp-json\/wp\/v2\/comments?post=187739"}],"version-history":[{"count":0,"href":"https:\/\/www.europesays.com\/fr\/wp-json\/wp\/v2\/posts\/187739\/revisions"}],"wp:featuredmedia":[{"embeddable":true,"href":"https:\/\/www.europesays.com\/fr\/wp-json\/wp\/v2\/media\/187740"}],"wp:attachment":[{"href":"https:\/\/www.europesays.com\/fr\/wp-json\/wp\/v2\/media?parent=187739"}],"wp:term":[{"taxonomy":"category","embeddable":true,"href":"https:\/\/www.europesays.com\/fr\/wp-json\/wp\/v2\/categories?post=187739"},{"taxonomy":"post_tag","embeddable":true,"href":"https:\/\/www.europesays.com\/fr\/wp-json\/wp\/v2\/tags?post=187739"}],"curies":[{"name":"wp","href":"https:\/\/api.w.org\/{rel}","templated":true}]}}