{"id":187749,"date":"2025-06-19T06:33:16","date_gmt":"2025-06-19T06:33:16","guid":{"rendered":"https:\/\/www.europesays.com\/fr\/187749\/"},"modified":"2025-06-19T06:33:16","modified_gmt":"2025-06-19T06:33:16","slug":"volley-les-bleues-cedent-dun-rien-contre-lallemagne-en-ligue-des-nations-feminine","status":"publish","type":"post","link":"https:\/\/www.europesays.com\/fr\/187749\/","title":{"rendered":"Volley : les Bleues c\u00e8dent d&rsquo;un rien contre l&rsquo;Allemagne en Ligue des nations f\u00e9minine"},"content":{"rendered":"<p>Au terme d&rsquo;une rencontre acharn\u00e9e o\u00f9 elles ont eu plusieurs balles de match, les Fran\u00e7aises ont fini par s&rsquo;avouer vaincues contre l&rsquo;Allemagne, victorieuse en cinq sets (25-23, 17-25, 25-27, 30-28, 15-11) en Ligue des nations, ce mercredi \u00e0 Belgrade.<\/p>\n<p>D\u00e8s le d\u00e9but, les <b>Bleues<\/b>, apr\u00e8s avoir ouvert le score, ont manqu\u00e9 d&rsquo;efficacit\u00e9 au contre, laissant filer les <b>Allemandes<\/b> (4-1, puis 6-3).<\/p>\n<p>Mais gr\u00e2ce notamment \u00e0 l&rsquo;efficacit\u00e9 de <b>Ndiaye<\/b> au service &#8211; un ace puis deux services gagnants -, elles ont repris les devants (7-6).<\/p>\n<p>Emmen\u00e9es par leur pointue (8 points dans ce set) et <b><a href=\"https:\/\/www.flashscore.fr\/joueur\/sylves-amandha\/KY9wb56m\/\" target=\"_blank\" rel=\"nofollow noopener\">Sylves<\/a><\/b>, les <b>Fran\u00e7aises<\/b> ont tenu jusqu&rsquo;\u00e0 16-16. Le bloc allemand, avec <b><a href=\"https:\/\/www.flashscore.fr\/joueur\/straube-sarah\/Uenka9ul\/\" target=\"_blank\" rel=\"nofollow noopener\">Straube<\/a><\/b> et <b><a href=\"https:\/\/www.flashscore.fr\/joueur\/wetzel-elias\/KtUbvdX9\/\" target=\"_blank\" rel=\"nofollow noopener\">Wetzel<\/a><\/b>, leur a alors fait mal : men\u00e9es 20-16, les <b>Fran\u00e7aises<\/b> sont revenues (22-22, 23-23), mais l&rsquo;<b>Allemagne<\/b> a finalement empoch\u00e9 25-23 une manche o\u00f9 elle a le plus souvent men\u00e9 au score, sur une petite erreur de la d\u00e9fense fran\u00e7aise.<\/p>\n<p>Dans le deuxi\u00e8me set, les joueuses de <b><a href=\"https:\/\/www.flashscore.fr\/joueur\/cesar-annie\/ADDFjoKj\/\" target=\"_blank\" rel=\"nofollow noopener\">Cesar Hernandez<\/a><\/b> se sont d\u00e9tach\u00e9es 14-9 sur un superbe bloc de <b><a href=\"https:\/\/www.flashscore.fr\/joueur\/haewegene-sabine\/MsiaOk3D\/\" target=\"_blank\" rel=\"nofollow noopener\">Haewegene<\/a><\/b> et <b><a href=\"https:\/\/www.flashscore.fr\/joueur\/fanguedou-fatoumata\/MBxCvEHF\/\" target=\"_blank\" rel=\"nofollow noopener\">Fanguedou<\/a><\/b>.<\/p>\n<p>Les <b>Bleues<\/b>, solidaires en d\u00e9fense, efficaces en attaque, performantes au service, ont port\u00e9 leur avance \u00e0 sept points (22-15) et remport\u00e9 ce set ma\u00eetris\u00e9 25-17.<\/p>\n<p>Dans le troisi\u00e8me, elles ont men\u00e9 10-6. Pr\u00e9sentes en d\u00e9fense autour de leur lib\u00e9ro <b><a href=\"https:\/\/www.flashscore.fr\/joueur\/gelin-juliette\/djuMzJ3M\/\" target=\"_blank\" rel=\"nofollow noopener\">Gelin<\/a><\/b>, avec l&rsquo;explosivit\u00e9 en attaque de <b><a href=\"https:\/\/www.flashscore.fr\/joueur\/cazaute-helena\/hzlppnxl\/\" target=\"_blank\" rel=\"nofollow noopener\">Cazaute<\/a><\/b> de retour dans le groupe, elles ont r\u00e9sist\u00e9 \u00e0 l&rsquo;<b>Allemagne<\/b>.<\/p>\n<p>Revenue \u00e0 \u00e9galit\u00e9 (20-20) sur un bloc de <b>Schoelse<\/b>, l&rsquo;<b>Allemagne<\/b> est m\u00eame pass\u00e9e devant (21-20, 22-21).\u00a0Mais apr\u00e8s avoir sauv\u00e9 deux balles de set sur des attaques courtes, les <b>Allemandes<\/b>, port\u00e9es par <b><a href=\"https:\/\/www.flashscore.fr\/joueur\/alsmeier-lina\/E5n9vlNf\/\" target=\"_blank\" rel=\"nofollow noopener\">Alsmeier<\/a><\/b> (9 pts dans ce set), ont c\u00e9d\u00e9 sur la troisi\u00e8me apr\u00e8s un smash dans le filet (27-25), laissant la <b><a href=\"https:\/\/www.flashscore.fr\/equipe\/france\/WSCmiNN9\/\" target=\"_blank\" rel=\"nofollow noopener\">France<\/a><\/b> mener deux sets \u00e0 un.<\/p>\n<p>L&rsquo;<b>Allemagne<\/b> a mieux entam\u00e9 la quatri\u00e8me manche (7-4), avant le retour des <b>Bleues<\/b> en milieu de set.\u00a0Mais face \u00e0 des <b>Fran\u00e7aises<\/b> un peu moins pr\u00e9cises, les <b>Allemandes<\/b> ont recoll\u00e9 \u00e0 deux manches partout \u00e0 l&rsquo;issue d&rsquo;une fin de set palpitante, o\u00f9 la <b>France<\/b> a sauv\u00e9 plusieurs balles de set, l&rsquo;<b>Allemagne<\/b> plusieurs balles de match.<\/p>\n<p>Gr\u00e2ce \u00e0 leur point fort : le bloc. C&rsquo;est d&rsquo;ailleurs sur deux nouveaux blocs que l&rsquo;<b>Allemagne<\/b> a remport\u00e9 15-11 le set d\u00e9cisif, o\u00f9 les <b>Fran\u00e7aises<\/b> ont tenu jusqu&rsquo;\u00e0 11-11.<\/p>\n","protected":false},"excerpt":{"rendered":"Au terme d&rsquo;une rencontre acharn\u00e9e o\u00f9 elles ont eu plusieurs balles de match, les Fran\u00e7aises ont fini par&hellip;\n","protected":false},"author":2,"featured_media":187750,"comment_status":"","ping_status":"","sticky":false,"template":"","format":"standard","meta":{"footnotes":""},"categories":[1587],"tags":[11,672,1804,1805,1803,1777,674,1801,12,1802],"class_list":{"0":"post-187749","1":"post","2":"type-post","3":"status-publish","4":"format-standard","5":"has-post-thumbnail","7":"category-allemagne","8":"tag-actualites","9":"tag-allemagne","10":"tag-bundesrepublik-deutschland","11":"tag-de","12":"tag-deutschland","13":"tag-eu","14":"tag-europe","15":"tag-germany","16":"tag-news","17":"tag-republique-federale-dallemagne"},"share_on_mastodon":{"url":"https:\/\/pubeurope.com\/@fr\/114708637524625374","error":""},"_links":{"self":[{"href":"https:\/\/www.europesays.com\/fr\/wp-json\/wp\/v2\/posts\/187749","targetHints":{"allow":["GET"]}}],"collection":[{"href":"https:\/\/www.europesays.com\/fr\/wp-json\/wp\/v2\/posts"}],"about":[{"href":"https:\/\/www.europesays.com\/fr\/wp-json\/wp\/v2\/types\/post"}],"author":[{"embeddable":true,"href":"https:\/\/www.europesays.com\/fr\/wp-json\/wp\/v2\/users\/2"}],"replies":[{"embeddable":true,"href":"https:\/\/www.europesays.com\/fr\/wp-json\/wp\/v2\/comments?post=187749"}],"version-history":[{"count":0,"href":"https:\/\/www.europesays.com\/fr\/wp-json\/wp\/v2\/posts\/187749\/revisions"}],"wp:featuredmedia":[{"embeddable":true,"href":"https:\/\/www.europesays.com\/fr\/wp-json\/wp\/v2\/media\/187750"}],"wp:attachment":[{"href":"https:\/\/www.europesays.com\/fr\/wp-json\/wp\/v2\/media?parent=187749"}],"wp:term":[{"taxonomy":"category","embeddable":true,"href":"https:\/\/www.europesays.com\/fr\/wp-json\/wp\/v2\/categories?post=187749"},{"taxonomy":"post_tag","embeddable":true,"href":"https:\/\/www.europesays.com\/fr\/wp-json\/wp\/v2\/tags?post=187749"}],"curies":[{"name":"wp","href":"https:\/\/api.w.org\/{rel}","templated":true}]}}