{"id":187764,"date":"2025-06-19T06:42:11","date_gmt":"2025-06-19T06:42:11","guid":{"rendered":"https:\/\/www.europesays.com\/fr\/187764\/"},"modified":"2025-06-19T06:42:11","modified_gmt":"2025-06-19T06:42:11","slug":"atp-wta-la-reaction-de-carlos-alcaraz-et-demma-raducanu-apres-lannonce-de-leur-nouveau-duo","status":"publish","type":"post","link":"https:\/\/www.europesays.com\/fr\/187764\/","title":{"rendered":"ATP &#8211; WTA > La r\u00e9action de Carlos Alcaraz et d&rsquo;Emma Raducanu apr\u00e8s l&rsquo;annonce de leur nouveau duo"},"content":{"rendered":"<p>C\u2019est donc offi\u00adciel, Carlos Alcaraz et Emma Raducanu vont \u00eatre asso\u00adci\u00e9s en double mixte sur l\u2019US Open (du 24 ao\u00fbt au 7 septembre 2025) \u00e0 l\u2019oc\u00adca\u00adsion de la nouvelle formule concoct\u00e9e par l\u2019organisation.<\/p>\n<p>Une formule tr\u00e8s all\u00e9\u00adchante \u00e9tant donn\u00e9 <a href=\"https:\/\/www.welovetennis.fr\/atp-wta\/alcaraz-raducanu-le-nouveau-couple-qui-va-faire-beaucoup-parler\" data-wpel-link=\"internal\" rel=\"nofollow noopener\" target=\"_blank\">le tableau impres\u00adsion\u00adnant de stars<\/a> d\u00e9voil\u00e9 par le Grand Chelem new\u2010yorkais o\u00f9 de nombreuses paires vont s\u2019af\u00adfronter pour d\u00e9cro\u00adcher le gros lot (1 millions de dollars pour le couple laur\u00e9at).<\/p>\n<p>Et visi\u00adble\u00adment, le r\u00e9cent vain\u00adqueur de Roland\u2010Garros et la joueuse britan\u00adnique sont enchant\u00e9s de partager le court comme ils l\u2019ont partag\u00e9 sur leur compte Instagram.\u00a0<\/p>\n<p><img fetchpriority=\"high\" decoding=\"async\" width=\"620\" height=\"1024\" src=\"https:\/\/www.europesays.com\/fr\/wp-content\/uploads\/2025\/06\/Capture-decran-2025-06-18-a-17.53.24.png\" alt=\"\" class=\"wp-image-560246 lazy\" style=\"width:418px;height:auto\"  data-\/><\/p>\n<p>Apr\u00e8s avoir publi\u00e9 deux smileys souriants, la laur\u00e9ate de l\u2019US Open 2021 a vu l\u2019Espagnol lui r\u00e9pondre publi\u00adque\u00adment\u00a0: <strong>\u00ab\u202fAllons\u2011y partenaire.\u202f\u00bb<\/strong><\/p>\n<p class=\"post-published-date\" style=\"color: silver; font-size: 75%; text-align: left;\">Publi\u00e9 le mercredi 18 juin 2025 \u00e0 18:38<\/p>\n","protected":false},"excerpt":{"rendered":"C\u2019est donc offi\u00adciel, Carlos Alcaraz et Emma Raducanu vont \u00eatre asso\u00adci\u00e9s en double mixte sur l\u2019US Open (du&hellip;\n","protected":false},"author":2,"featured_media":187765,"comment_status":"","ping_status":"","sticky":false,"template":"","format":"standard","meta":{"footnotes":""},"categories":[1415],"tags":[1744,1011,27,60,1467],"class_list":{"0":"post-187764","1":"post","2":"type-post","3":"status-publish","4":"format-standard","5":"has-post-thumbnail","7":"category-tennis","8":"tag-alcaraz","9":"tag-fr","10":"tag-france","11":"tag-sports","12":"tag-tennis"},"share_on_mastodon":{"url":"https:\/\/pubeurope.com\/@fr\/114708672911606604","error":""},"_links":{"self":[{"href":"https:\/\/www.europesays.com\/fr\/wp-json\/wp\/v2\/posts\/187764","targetHints":{"allow":["GET"]}}],"collection":[{"href":"https:\/\/www.europesays.com\/fr\/wp-json\/wp\/v2\/posts"}],"about":[{"href":"https:\/\/www.europesays.com\/fr\/wp-json\/wp\/v2\/types\/post"}],"author":[{"embeddable":true,"href":"https:\/\/www.europesays.com\/fr\/wp-json\/wp\/v2\/users\/2"}],"replies":[{"embeddable":true,"href":"https:\/\/www.europesays.com\/fr\/wp-json\/wp\/v2\/comments?post=187764"}],"version-history":[{"count":0,"href":"https:\/\/www.europesays.com\/fr\/wp-json\/wp\/v2\/posts\/187764\/revisions"}],"wp:featuredmedia":[{"embeddable":true,"href":"https:\/\/www.europesays.com\/fr\/wp-json\/wp\/v2\/media\/187765"}],"wp:attachment":[{"href":"https:\/\/www.europesays.com\/fr\/wp-json\/wp\/v2\/media?parent=187764"}],"wp:term":[{"taxonomy":"category","embeddable":true,"href":"https:\/\/www.europesays.com\/fr\/wp-json\/wp\/v2\/categories?post=187764"},{"taxonomy":"post_tag","embeddable":true,"href":"https:\/\/www.europesays.com\/fr\/wp-json\/wp\/v2\/tags?post=187764"}],"curies":[{"name":"wp","href":"https:\/\/api.w.org\/{rel}","templated":true}]}}