{"id":187767,"date":"2025-06-19T06:45:09","date_gmt":"2025-06-19T06:45:09","guid":{"rendered":"https:\/\/www.europesays.com\/fr\/187767\/"},"modified":"2025-06-19T06:45:09","modified_gmt":"2025-06-19T06:45:09","slug":"notre-equipe-veut-devenir-dominante-luis-enrique-pas-du-tout-rassasie-avant-psg-botafogo","status":"publish","type":"post","link":"https:\/\/www.europesays.com\/fr\/187767\/","title":{"rendered":"\u00abNotre \u00e9quipe veut devenir dominante\u00bb, Luis Enrique pas du tout rassasi\u00e9 avant PSG-Botafogo"},"content":{"rendered":"<p>L\u2019entra\u00eeneur du Paris SG a fait le point avant de d\u00e9fier Botafogo ce jeudi lors de la 2e journ\u00e9e de la coupe du monde des clubs.<\/p>\n<p class=\"fig-paragraph\"><a href=\"http:\/\/www.lefigaro.fr\/sports\/football\/coupe-du-monde-des-clubs-la-machine-psg-veut-poursuivre-sa-route-contre-le-botafogo-de-john-textor-20250619\" data-fig-type=\"NewsFlash\" data-gtm-custom-categorie=\"navigation\" data-gtm-custom-action=\"crossclick\" data-gtm-custom-label=\"Contextuel\" data-gtm-event=\"customEventSPE\" data-fig-domain=\"LEFIGARO\" target=\"_blank\" rel=\"noopener\">Le Paris SG<\/a>\u00a0ne doit pas s&rsquo;arr\u00eater \u00e0 son titre de champion d&rsquo;Europe et doit avoir \u00abl&rsquo;ambition\u00bb de devenir une \u00ab\u00e9quipe dominante\u00bb sur le long terme, a d\u00e9clar\u00e9 son entra\u00eeneur Luis Enrique mercredi, \u00e0 la veille d&rsquo;affronter\u00a0<a href=\"http:\/\/www.lefigaro.fr\/sports\/football\/mondial-des-clubs-le-botafogo-de-john-textor-l-emporte-contre-seattle-avant-de-defier-le-psg-20250616\" data-fig-type=\"NewsFlash\" data-gtm-custom-categorie=\"navigation\" data-gtm-custom-action=\"crossclick\" data-gtm-custom-label=\"Contextuel\" data-gtm-event=\"customEventSPE\" data-fig-domain=\"LEFIGARO\" target=\"_blank\" rel=\"noopener\">Botafogo au Mondial des clubs.<\/a><\/p>\n<p class=\"fig-paragraph\">\u00abNous sommes champions d&rsquo;Europe, cela personne ne peut nous l&rsquo;enlever, et je pense que nous sommes un beau champion d&rsquo;Europe parce que notre parcours a \u00e9t\u00e9 difficile\u00bb, a dit Luis Enrique en conf\u00e9rence de presse au Rose Bowl de Pasadena, dans la banlieue nord de Los Angeles. \u00abMais nous n&rsquo;en sommes qu&rsquo;au d\u00e9but, aux premiers pas d&rsquo;une \u00e9quipe qui veut devenir dominante\u00bb, a-t-il ajout\u00e9.<\/p>\n<blockquote class=\"fig-quote&#10;    \">\n<p class=\"fig-quote__text\">\u00ab Tout le monde veut jouer contre nous et nous battre\u00a0\u00bb<\/p>\n<p>            Luis Enrique\n    <\/p><\/blockquote>\n<p class=\"fig-paragraph\">\u00abNotre objectif est tr\u00e8s, tr\u00e8s ambitieux. Nous avons des joueurs et un club qui veulent continuer de gagner, qui ont des supporters qui m\u00e9ritent beaucoup de victoires\u00bb, a poursuivi le coach. \u00abC&rsquo;est tr\u00e8s difficile \u00e0 atteindre, car on per\u00e7oit d\u00e9j\u00e0 que tout le monde joue avec une motivation sp\u00e9ciale contre nous. Donc, c&rsquo;est un d\u00e9fi tr\u00e8s beau pour nous\u00bb, a soulign\u00e9 Luis Enrique.<\/p>\n<p>Le PSG ne veut pas se pr\u00e9cipiter sur Demb\u00e9l\u00e9<\/p>\n<p class=\"fig-paragraph\">\u00abTout le monde veut jouer contre nous et nous battre\u00bb, a-t-il savour\u00e9. \u00abTout le monde parle bien de nous, c&rsquo;est agr\u00e9able, mais en m\u00eame temps on cherche \u00e0 s&rsquo;am\u00e9liorer, en profitant de cette confiance\u00bb accumul\u00e9e.<\/p>\n<p class=\"fig-paragraph\">Le match contre Botafogo est pour Luis Enrique une opportunit\u00e9: \u00abC&rsquo;est tr\u00e8s beau de jouer contre une \u00e9quipe br\u00e9silienne de tr\u00e8s haut niveau, une \u00e9quipe avec une histoire tr\u00e8s forte derri\u00e8re elle, vainqueure de la Copa Libertadores en 2024. Elle va certainement poser des probl\u00e8mes et imposer des circonstances de jeu difficiles pour nous, diff\u00e9rentes peut-\u00eatre des \u00e9quipes europ\u00e9ennes\u00bb.<\/p>\n<p class=\"fig-paragraph\">Interrog\u00e9 sur l&rsquo;\u00e9tat de forme d&rsquo;Ousmane Demb\u00e9l\u00e9, touch\u00e9 \u00e0 une cuisse avec l&rsquo;\u00e9quipe de France contre l&rsquo;Espagne le 5 juin et qui s&rsquo;est \u00e0 nouveau entra\u00een\u00e9 \u00e0 l&rsquo;\u00e9cart du groupe mercredi matin, l&rsquo;Espagnol a r\u00e9pondu: \u00abJe ne sais pas, il est en train de s&rsquo;am\u00e9liorer tr\u00e8s vite mais on doit rester calme et privil\u00e9gier les joueurs. On le veut le plus vite possible avec le reste de l&rsquo;\u00e9quipe, mais on doit \u00eatre prudent\u00bb.<\/p>\n<p class=\"fig-slideshow__title\">\n                    Messi, Mbapp\u00e9, Griezmann, Haaland&#8230; Quelles stars vont disputer la Coupe du monde des clubs\u00a0?\n                <\/p>\n<p>Acc\u00e9der au diaporama (13)<\/p>\n","protected":false},"excerpt":{"rendered":"L\u2019entra\u00eeneur du Paris SG a fait le point avant de d\u00e9fier Botafogo ce jeudi lors de la 2e&hellip;\n","protected":false},"author":2,"featured_media":187768,"comment_status":"","ping_status":"","sticky":false,"template":"","format":"standard","meta":{"footnotes":""},"categories":[1412],"tags":[454,69,448,83,451,64,450,449,1451,1452,1453,1454,1455,1011,27,452,453,66,446,447,921,70,93,60,455],"class_list":{"0":"post-187767","1":"post","2":"type-post","3":"status-publish","4":"format-standard","5":"has-post-thumbnail","7":"category-f1","8":"tag-ballon-dor","9":"tag-bundesliga","10":"tag-champions-league","11":"tag-coupe-de-france","12":"tag-coupe-du-monde","13":"tag-equipe-de-france","14":"tag-euro","15":"tag-europa-league","16":"tag-f1","17":"tag-formula-1","18":"tag-formula1","19":"tag-formule-1","20":"tag-formule1","21":"tag-fr","22":"tag-france","23":"tag-italie","24":"tag-liga","25":"tag-ligue-1","26":"tag-ligue-2","27":"tag-ligue-des-champions","28":"tag-luis-enrique","29":"tag-premier-league","30":"tag-psg","31":"tag-sports","32":"tag-uefa"},"share_on_mastodon":{"url":"https:\/\/pubeurope.com\/@fr\/114708684740947428","error":""},"_links":{"self":[{"href":"https:\/\/www.europesays.com\/fr\/wp-json\/wp\/v2\/posts\/187767","targetHints":{"allow":["GET"]}}],"collection":[{"href":"https:\/\/www.europesays.com\/fr\/wp-json\/wp\/v2\/posts"}],"about":[{"href":"https:\/\/www.europesays.com\/fr\/wp-json\/wp\/v2\/types\/post"}],"author":[{"embeddable":true,"href":"https:\/\/www.europesays.com\/fr\/wp-json\/wp\/v2\/users\/2"}],"replies":[{"embeddable":true,"href":"https:\/\/www.europesays.com\/fr\/wp-json\/wp\/v2\/comments?post=187767"}],"version-history":[{"count":0,"href":"https:\/\/www.europesays.com\/fr\/wp-json\/wp\/v2\/posts\/187767\/revisions"}],"wp:featuredmedia":[{"embeddable":true,"href":"https:\/\/www.europesays.com\/fr\/wp-json\/wp\/v2\/media\/187768"}],"wp:attachment":[{"href":"https:\/\/www.europesays.com\/fr\/wp-json\/wp\/v2\/media?parent=187767"}],"wp:term":[{"taxonomy":"category","embeddable":true,"href":"https:\/\/www.europesays.com\/fr\/wp-json\/wp\/v2\/categories?post=187767"},{"taxonomy":"post_tag","embeddable":true,"href":"https:\/\/www.europesays.com\/fr\/wp-json\/wp\/v2\/tags?post=187767"}],"curies":[{"name":"wp","href":"https:\/\/api.w.org\/{rel}","templated":true}]}}