{"id":187775,"date":"2025-06-19T06:49:10","date_gmt":"2025-06-19T06:49:10","guid":{"rendered":"https:\/\/www.europesays.com\/fr\/187775\/"},"modified":"2025-06-19T06:49:10","modified_gmt":"2025-06-19T06:49:10","slug":"pourquoi-le-centre-pompidou-pas-meme-quinquagenaire-doit-fermer-pour-cinq-ans","status":"publish","type":"post","link":"https:\/\/www.europesays.com\/fr\/187775\/","title":{"rendered":"Pourquoi le Centre Pompidou, pas m\u00eame quinquag\u00e9naire, doit fermer pour cinq ans"},"content":{"rendered":"\n<p class=\"article__paragraph  \">L\u2019id\u00e9e de perdre un poumon n\u2019a rien de r\u00e9jouissant. On aura beau vous dire que c\u2019est le seul moyen de sauver le reste de votre organisme, vous aurez sans doute tendance, si l\u2019on vous recommande un jour une telle op\u00e9ration, \u00e0 r\u00e9sister un peu ou \u00e0 tenter de n\u00e9gocier. Les r\u00e9actions aux annonces faites par Laurent Le Bon, le pr\u00e9sident du Centre Pompidou, dans le courant de l\u2019ann\u00e9e 2023, pour dire que le b\u00e2timent de Renzo Piano et Richard Rogers\u00a0allait fermer pour d\u2019importants travaux pendant cinq ans peuvent \u00eatre interpr\u00e9t\u00e9es de cette mani\u00e8re. La gr\u00e8ve qui a mobilis\u00e9 les personnels, <a href=\"https:\/\/www.lemonde.fr\/idees\/article\/2024\/05\/14\/daniel-templon-galeriste-fermer-le-centre-pompidou-est-une-faute_6233242_3232.html\" rel=\"nofollow noopener\" target=\"_blank\">les tribunes <\/a>et p\u00e9titions sign\u00e9es de personnalit\u00e9s du monde de la culture, les dol\u00e9ances formul\u00e9es au gr\u00e9 des micros-trottoirs par les riverains, commer\u00e7ants du quartier, amoureux des arts et autres habitu\u00e9s des lieux, \u00e9taient autant de tentatives visant \u00e0 obtenir que cette extraordinaire pompe \u00e0 \u00e9nergie urbaine continue de fonctionner, ne serait-ce que partiellement, pendant les travaux.<\/p>\n<p>                              Lire aussi l\u2019entretien (2024) |  Article r\u00e9serv\u00e9 \u00e0 nos abonn\u00e9s  <a href=\"https:\/\/www.lemonde.fr\/culture\/article\/2024\/06\/20\/travaux-du-centre-pompidou-a-beaubourg-on-a-cherche-a-faire-entrer-au-maximum-la-lumiere_6241790_3246.html\" class=\"js-article-read-also catcher--favoris__link\" data-premium=\"1\" id=\"article-title-3378650\" rel=\"nofollow noopener\" target=\"_blank\">Travaux du Centre Pompidou\u00a0: \u00ab\u00a0A Beaubourg, on a cherch\u00e9 \u00e0 faire entrer au maximum la lumi\u00e8re\u00a0\u00bb<\/a>    <\/p>\n<p>   Lire plus tard  <\/p>\n<p class=\"article__paragraph  \">La perspective de sa fermeture est d\u2019autant plus difficile \u00e0 accepter que cette ic\u00f4ne de l\u2019architecture du XXe\u00a0si\u00e8cle n\u2019a pas encore cinquante ans, que les Parisiens ont encore en m\u00e9moire les travaux de la fin des ann\u00e9es 1990\u00a0qui les avaient d\u00e9j\u00e0 priv\u00e9s d\u2019acc\u00e8s aux lieux pendant deux ans, et que la dur\u00e9e pr\u00e9visionnelle du nouveau chantier para\u00eet quelque peu extravagante.<\/p>\n<p class=\"article__paragraph  \">Tout le probl\u00e8me de l\u2019architecture de la deuxi\u00e8me moiti\u00e9 du XXe\u00a0si\u00e8cle (et des d\u00e9cennies suivantes) tient dans ces a priori. Car en r\u00e9alit\u00e9, estime Boris Hamzeian, historien de l\u2019architecture et auteur de Centre Pompidou. Le d\u00e9fi du Total Design (Presses universitaires de Saint-Etienne, 2024), \u00ab\u00a0pour un b\u00e2timent de cette \u00e9poque, cinquante ans c\u2019est d\u00e9j\u00e0 assez vieux\u00a0\u00bb. Les mat\u00e9riaux de l\u2019\u00e8re moderne sont moins durables que ceux du pass\u00e9. Mais la structure du Centre Pompidou a \u00e9t\u00e9 pens\u00e9e pour s\u2019en accommoder et plus encore pour garantir au b\u00e2timent, comme le pr\u00e9sident Pompidou l\u2019avait demand\u00e9 aux jeunes laur\u00e9ats du concours en\u00a01971, de \u00ab\u00a0durer cinq cents ans\u00a0\u00bb. Cette structure l\u00e9g\u00e8re, enti\u00e8rement m\u00e9tallique, \u00e0 laquelle toute la technique du b\u00e2timent est accroch\u00e9e, mat\u00e9rialise le principe de flexibilit\u00e9 qui fonde le projet et garantit sa durabilit\u00e9\u00a0: la possibilit\u00e9 de remplacer les \u00e9l\u00e9ments, de les r\u00e9agencer \u00e0 volont\u00e9. De fait, depuis son ouverture, en\u00a01977, le lieu n\u2019a cess\u00e9 se transformer.<\/p>\n<p class=\"reading-mode-only \"><strong>Il vous reste 60.12% de cet article \u00e0 lire. La suite est r\u00e9serv\u00e9e aux abonn\u00e9s.<\/strong><\/p>\n","protected":false},"excerpt":{"rendered":"L\u2019id\u00e9e de perdre un poumon n\u2019a rien de r\u00e9jouissant. On aura beau vous dire que c\u2019est le seul&hellip;\n","protected":false},"author":2,"featured_media":187776,"comment_status":"","ping_status":"","sticky":false,"template":"","format":"standard","meta":{"footnotes":""},"categories":[1358],"tags":[1348,1384,1385,1386,58,59,1011,27],"class_list":{"0":"post-187775","1":"post","2":"type-post","3":"status-publish","4":"format-standard","5":"has-post-thumbnail","7":"category-arts-et-design","8":"tag-arts","9":"tag-arts-and-design","10":"tag-arts-et-design","11":"tag-design","12":"tag-divertissement","13":"tag-entertainment","14":"tag-fr","15":"tag-france"},"share_on_mastodon":{"url":"https:\/\/pubeurope.com\/@fr\/114708700512962601","error":""},"_links":{"self":[{"href":"https:\/\/www.europesays.com\/fr\/wp-json\/wp\/v2\/posts\/187775","targetHints":{"allow":["GET"]}}],"collection":[{"href":"https:\/\/www.europesays.com\/fr\/wp-json\/wp\/v2\/posts"}],"about":[{"href":"https:\/\/www.europesays.com\/fr\/wp-json\/wp\/v2\/types\/post"}],"author":[{"embeddable":true,"href":"https:\/\/www.europesays.com\/fr\/wp-json\/wp\/v2\/users\/2"}],"replies":[{"embeddable":true,"href":"https:\/\/www.europesays.com\/fr\/wp-json\/wp\/v2\/comments?post=187775"}],"version-history":[{"count":0,"href":"https:\/\/www.europesays.com\/fr\/wp-json\/wp\/v2\/posts\/187775\/revisions"}],"wp:featuredmedia":[{"embeddable":true,"href":"https:\/\/www.europesays.com\/fr\/wp-json\/wp\/v2\/media\/187776"}],"wp:attachment":[{"href":"https:\/\/www.europesays.com\/fr\/wp-json\/wp\/v2\/media?parent=187775"}],"wp:term":[{"taxonomy":"category","embeddable":true,"href":"https:\/\/www.europesays.com\/fr\/wp-json\/wp\/v2\/categories?post=187775"},{"taxonomy":"post_tag","embeddable":true,"href":"https:\/\/www.europesays.com\/fr\/wp-json\/wp\/v2\/tags?post=187775"}],"curies":[{"name":"wp","href":"https:\/\/api.w.org\/{rel}","templated":true}]}}