{"id":187777,"date":"2025-06-19T06:50:17","date_gmt":"2025-06-19T06:50:17","guid":{"rendered":"https:\/\/www.europesays.com\/fr\/187777\/"},"modified":"2025-06-19T06:50:17","modified_gmt":"2025-06-19T06:50:17","slug":"bzh2o-erwan-amice-publie-un-beau-livre-sur-la-faune-sous-marine-bretonne","status":"publish","type":"post","link":"https:\/\/www.europesays.com\/fr\/187777\/","title":{"rendered":"\u00ab\u00a0BZH2O\u00a0\u00bb\u00a0: Erwan Amice publie un beau livre sur la faune sous-marine bretonne"},"content":{"rendered":"<p>\u00ab\u00a0Ce livre n\u2019est pas un inventaire\u00a0: il y en a d\u00e9j\u00e0, tr\u00e8s bien faits. C\u2019est un livre esth\u00e9tique sur les fonds marins bretons\u00a0\u00bb. Le titre de \u00ab\u00a0BZH2O, la Bretagne sous-marine\u00a0\u00bb, joue sur la localisation (la Bretagne, BZH) et H2O, la formule chimique de l\u2019eau. L\u2019ouvrage propose de tr\u00e8s belles photos de l\u2019\u00e9cosyst\u00e8me sous-marin breton et sort alors que vient de s\u2019achever, \u00e0 Nice, le vendredi 13 juin 2025, l\u2019<a href=\"https:\/\/www.letelegramme.fr\/videos\/t-dans-lactu\/quest-ce-que-lunoc-le-sommet-sur-locean-qui-sest-ouvert-ce-lundi-video-6833692.php\" target=\"_blank\" rel=\"nofollow noopener\">Unoc<\/a>, le sommet mondial de l\u2019oc\u00e9an. Sans rapport direct, mais le texte de chaque chapitre, par habitats (\u00ab\u00a0algues\u00a0\u00bb, \u00ab\u00a0roche\u00a0\u00bb, \u00ab\u00a0pleine eau\u00a0\u00bb, \u00ab\u00a0\u00e9paves\u00a0\u00bb, \u00ab\u00a0herbiers\u00a0\u00bb, \u00ab\u00a0ma\u00ebrl\u00a0\u00bb) appelle \u00e0 leur protection.<\/p>\n<p>Apr\u00e8s avoir particip\u00e9 \u00e0 plusieurs ouvrages collectifs, Erwan Amice, ing\u00e9nieur d\u2019\u00e9tudes au CNRS, responsable du service des moyens \u00e0 la mer et aux plong\u00e9es scientifiques du <a href=\"https:\/\/www.letelegramme.fr\/finistere\/brest-29200\/il-doit-aboutir-a-des-engagements-concrets-pourquoi-cette-chercheuse-brestoise-sera-au-sommet-de-locean-a-nice-6829607.php\" target=\"_blank\" rel=\"nofollow noopener\">laboratoire Lemar<\/a> au technop\u00f4le de Plouzan\u00e9, signe l\u2019int\u00e9gralit\u00e9 de celui-l\u00e0\u00a0: textes donc, mais essentiellement des photos. Parfois en double page.<\/p>\n<p><img decoding=\"async\" src=\"https:\/\/www.europesays.com\/fr\/wp-content\/uploads\/2025\/06\/6852ef7ca3d2ebb98c0d534e.1.jpeg\" width=\"480\" height=\"300\" class=\"web_golden_m\" loading=\"lazy\" alt=\"Erwan Amice publie un livre de photos (essentiellement) sur la faune sous-marine locale\u00a0: \u00ab\u00a0BZH2O, la Bretagne sous-marine\u00a0\u00bb, aux \u00e9ditions La Nouvelle Bleue.\"\/>Erwan Amice publie un livre de photos (essentiellement) sur la faune sous-marine locale\u00a0: \u00ab\u00a0BZH2O, la Bretagne sous-marine\u00a0\u00bb, aux \u00e9ditions La Nouvelle Bleue. (Photo Le T\u00e9l\u00e9gramme\/David Cormier)\u00ab\u00a0La lumi\u00e8re artificielle r\u00e9v\u00e8le les vraies couleurs\u00a0\u00bb<\/p>\n<p>\u00ab\u00a0Je les ai prises au fil des ann\u00e9es, j\u2019ai puis\u00e9 dans mon stock\u00a0\u00bb, explique ce photographe exp\u00e9riment\u00e9 qui \u0153uvre dans ce milieu difficile d\u2019acc\u00e8s. \u00ab\u00a0Je plonge et photographie jusqu\u2019\u00e0 &#8211;\u00a080 m. Dans ce livre, cela s\u2019arr\u00eate \u00e0 environ 65 m. La lumi\u00e8re artificielle r\u00e9v\u00e8le les vraies couleurs de ces esp\u00e8ces\u00a0\u00bb. Et \u00e7a claque\u00a0! L\u2019image d\u2019une m\u00e9duse couverte de puces de mer, prise \u00e0 Ouessant, orne la couverture. \u00ab\u00a0L\u2019eau oc\u00e9anique proche du rivage, l\u00e0-bas, dans une eau plus claire et plus froide, r\u00e9serve de belles surprises\u00a0\u00bb, glisse l\u2019auteur.<\/p>\n<p>\u00ab\u00a0Je peux anticiper les moments qu\u2019il est n\u00e9cessaire d\u2019illustrer\u00a0\u00bb<\/p>\n<p>Engag\u00e9 en 2002 en partie pour ce savoir-faire (il avait \u00e9t\u00e9 publi\u00e9, d\u00e9j\u00e0, par des magazines de plong\u00e9e), il tire encore avantage de cette double comp\u00e9tence\u00a0: \u00ab\u00a0Comme les places sont ch\u00e8res, \u00e0 bord, pour les exp\u00e9ditions, le fait que je puisse aussi faire les photos, en plus de mon travail technique, constitue un avantage\u00a0\u00bb, sait Erwan Amice. \u00ab\u00a0Et puis je sais \u00e0 l\u2019avance ce qui va se faire, je peux anticiper les moments qu\u2019il est n\u00e9cessaire d\u2019illustrer. Je soumets ensuite mes images au CNRS, pour leur banque en ligne. Mes reportages sur les missions illustrent aussi ce qu\u2019il se passe en labo, en amont, apr\u00e8s\u2026\u00a0\u00bb.<\/p>\n<p>Inventaire faunistique de l\u2019Antarctique<\/p>\n<p>Erwan Amice projette de constituer un inventaire faunistique de l\u2019Antarctique, dans la partie fran\u00e7aise (la Terre Ad\u00e9lie), en langue fran\u00e7aise. Une autre aventure, gr\u00e2ce \u00e0 ses exp\u00e9ditions annuelles, sur place, avec <a href=\"https:\/\/www.letelegramme.fr\/finistere\/brest-29200\/a-brest-le-projet-de-fusion-entre-linstitut-polaire-et-lifremer-fait-debat-6568605.php\" target=\"_blank\" rel=\"nofollow noopener\">l\u2019Institut polaire<\/a>. Si elles continuent \u00e0 \u00eatre financ\u00e9es, dans un contexte que l\u2019on sait tendu\u00a0!<\/p>\n<p>Pratique<\/p>\n<p class=\"note\">\u00ab\u00a0BZH2O, la Bretagne sous-marine\u00a0\u00bb, aux \u00e9ditions \u00ab<a href=\"https:\/\/lanouvellebleue.fr\/\" target=\"_blank\" rel=\"nofollow noopener\">\u00a0La Nouvelle Bleue<\/a>\u00a0\u00bb, 160 pages, 38 \u20ac. En vente en librairie ou sur le site de l\u2019\u00e9diteur.<\/p>\n","protected":false},"excerpt":{"rendered":"\u00ab\u00a0Ce livre n\u2019est pas un inventaire\u00a0: il y en a d\u00e9j\u00e0, tr\u00e8s bien faits. C\u2019est un livre esth\u00e9tique&hellip;\n","protected":false},"author":2,"featured_media":187778,"comment_status":"","ping_status":"","sticky":false,"template":"","format":"standard","meta":{"footnotes":""},"categories":[1357],"tags":[1379,3450,58,59,436,5154,1011,27,1380,6127,1756,41],"class_list":{"0":"post-187777","1":"post","2":"type-post","3":"status-publish","4":"format-standard","5":"has-post-thumbnail","7":"category-livres","8":"tag-books","9":"tag-brest","10":"tag-divertissement","11":"tag-entertainment","12":"tag-environnement","13":"tag-faune","14":"tag-fr","15":"tag-france","16":"tag-livres","17":"tag-mer","18":"tag-photographie","19":"tag-sciences"},"share_on_mastodon":{"url":"https:\/\/pubeurope.com\/@fr\/114708704664663187","error":""},"_links":{"self":[{"href":"https:\/\/www.europesays.com\/fr\/wp-json\/wp\/v2\/posts\/187777","targetHints":{"allow":["GET"]}}],"collection":[{"href":"https:\/\/www.europesays.com\/fr\/wp-json\/wp\/v2\/posts"}],"about":[{"href":"https:\/\/www.europesays.com\/fr\/wp-json\/wp\/v2\/types\/post"}],"author":[{"embeddable":true,"href":"https:\/\/www.europesays.com\/fr\/wp-json\/wp\/v2\/users\/2"}],"replies":[{"embeddable":true,"href":"https:\/\/www.europesays.com\/fr\/wp-json\/wp\/v2\/comments?post=187777"}],"version-history":[{"count":0,"href":"https:\/\/www.europesays.com\/fr\/wp-json\/wp\/v2\/posts\/187777\/revisions"}],"wp:featuredmedia":[{"embeddable":true,"href":"https:\/\/www.europesays.com\/fr\/wp-json\/wp\/v2\/media\/187778"}],"wp:attachment":[{"href":"https:\/\/www.europesays.com\/fr\/wp-json\/wp\/v2\/media?parent=187777"}],"wp:term":[{"taxonomy":"category","embeddable":true,"href":"https:\/\/www.europesays.com\/fr\/wp-json\/wp\/v2\/categories?post=187777"},{"taxonomy":"post_tag","embeddable":true,"href":"https:\/\/www.europesays.com\/fr\/wp-json\/wp\/v2\/tags?post=187777"}],"curies":[{"name":"wp","href":"https:\/\/api.w.org\/{rel}","templated":true}]}}