{"id":187781,"date":"2025-06-19T06:52:12","date_gmt":"2025-06-19T06:52:12","guid":{"rendered":"https:\/\/www.europesays.com\/fr\/187781\/"},"modified":"2025-06-19T06:52:12","modified_gmt":"2025-06-19T06:52:12","slug":"pierre-garnier-grand-absent-de-lolympia-de-son-amie-helena-ce-quil-avait-de-tres-important-a-gerer-au-meme-moment","status":"publish","type":"post","link":"https:\/\/www.europesays.com\/fr\/187781\/","title":{"rendered":"Pierre Garnier, grand absent de l\u2019Olympia de son amie Helena\u00a0: ce qu\u2019il avait de tr\u00e8s important \u00e0 g\u00e9rer au m\u00eame moment"},"content":{"rendered":"<p>      R\u00e9sum\u00e9<\/p>\n<p>Helena encha\u00eene les concerts avec succ\u00e8s, se produisant ce 18 juin \u00e0 l\u2019Olympia. Pierre Garnier, bien occup\u00e9 par sa propre tourn\u00e9e, \u00e9tait absent ce soir-l\u00e0.<\/p>\n<p>        Sommaire<\/p>\n<p>Depuis le 23\u00a0avril et son concert \u00e0 Forges-les-Eaux en Normandie, Helena vit <strong>un r\u00eave \u00e9veill\u00e9<\/strong>. Et pour cause, <a href=\"https:\/\/www.public.fr\/ma-puce-tes-en-couple-avec-pierre-ou-pas-helena-star-academy-de-nouveau-face-a-la-question-dans-c-lhebdo\" rel=\"nofollow noopener\" target=\"_blank\">la jolie Belge de 23 ans<\/a> <strong>encha\u00eene les rendez-vous avec ses fans<\/strong> \u00e0 l&rsquo;occasion de sa premi\u00e8re tourn\u00e9e. Une premi\u00e8re qui cartonne\u00a0! En effet, les places se sont envol\u00e9es comme des petits pains et de nombreuses salles affichent <strong>\u00ab\u00a0complet\u00a0\u00bb<\/strong>. Il faut dire que depuis sa sortie de <a href=\"https:\/\/www.public.fr\/elle-veut-tellement-les-miettes-marine-star-academy-accusee-davoir-copie-helena-apres-sa-derniere-annonce\" rel=\"nofollow noopener\" target=\"_blank\">la \u00ab\u00a0Star Academy\u00a0\u00bb<\/a> et m\u00eame si elle n&rsquo;a pas remport\u00e9 le t\u00e9l\u00e9crochet de TF1, <strong>Helena a tout gagn\u00e9<\/strong>.<\/p>\n<p>Les radios ne se sont pas fait prier pour diffuser ses premi\u00e8res compositions. <strong>Des titres qui sont devenus des tubes<\/strong> comme, par exemple, Mauvais Gar\u00e7on, Summer Body ou encore Aim\u00e9e pour de vrai. Par la suite, <a href=\"https:\/\/www.public.fr\/jamais-de-la-vie-helena-star-academy-sa-verite-sur-sa-robe-du-festival-de-cannes-qui-a-fait-jaser\" rel=\"nofollow noopener\" target=\"_blank\">la jeune femme<\/a> a d\u00e9voil\u00e9 son premier album intitul\u00e9 H\u00e9l\u00e9 et est parvenue \u00e0 imaginer tout <strong>un univers autour d&rsquo;elle<\/strong> cr\u00e9ant l&rsquo;\u00e9v\u00e9nement en ouvrant temporairement un pop-up store \u00e0 Paris et \u00e0 Bruxelles.<\/p>\n<p>Helena a de la suite dans les id\u00e9es et <strong>de l\u2019\u00e9nergie \u00e0 revendre<\/strong>. Ainsi, <a href=\"https:\/\/www.public.fr\/ce-quon-a-vecu-cest-humainement-helena-bailly-ce-quelle-a-tres-mal-vecu-a-cause-de-la-star-academy\" rel=\"nofollow noopener\" target=\"_blank\">l&rsquo;ex \u00e9l\u00e8ve de Michael Goldman <\/a>n&rsquo;a pas h\u00e9sit\u00e9 une seconde quand on lui a propos\u00e9 de se produire sur sc\u00e8ne <strong>quarante-et-une fois\u00a0! <\/strong>Toutefois, apr\u00e8s une premi\u00e8re vague de concerts, <a href=\"https:\/\/www.public.fr\/helena-star-academy-son-mauvais-garcon-de-retour-dans-sa-vie\" rel=\"nofollow noopener\" target=\"_blank\">l&rsquo;amie de Julien Lieb et Pierre Garnier<\/a> va se reposer quelque temps avant de retrouver ses fans. Ce sera <strong>le 16\u00a0octobre prochain<\/strong> au Z\u00e9nith d&rsquo;Amiens.<\/p>\n<p>Helena\u00a0: \u00e0 l&rsquo;Olympia, l&rsquo;artiste belge fait le show devant ses camarades de la \u00ab\u00a0Star Academy\u00a0\u00bb<\/p>\n<p>Et pour conclure cette premi\u00e8re salve de concerts, Helena a eu <strong>une chance immense\u00a0<\/strong>: <strong>se produire \u00e0 l&rsquo;Olympia \u00e0 Paris<\/strong>. Un r\u00eave pour de nombreux artistes. Certains ont d\u00fb patienter des ann\u00e9es avant d&rsquo;y acc\u00e9der. Ainsi, <a href=\"https:\/\/www.google.com\/url?sa=t&amp;source=web&amp;rct=j&amp;opi=89978449&amp;url=https:\/\/vsd.fr\/82723-certaines-personnes-pleurent-quand-ils-me-voient-helena-star-academy-toujours-tres-impressionnee-par-le-comportement-de-ses-fans\/&amp;ved=2ahUKEwicyfue4fyNAxUEVaQEHfg1DN8QFnoECBcQAQ&amp;usg=AOvVaw3j-rO_OH9Ols28DvvRMhzJ\" rel=\"nofollow noopener\" target=\"_blank\">la chanteuse <\/a>s&rsquo;est produite devant une salle comble. Parmi les spectateurs pr\u00e9sents, de nombreux \u00e9l\u00e8ves de la \u00ab\u00a0Star Academy\u00a0\u00bb ont fait le d\u00e9placement<strong> dont <\/strong><a href=\"https:\/\/www.google.com\/url?sa=t&amp;source=web&amp;rct=j&amp;opi=89978449&amp;url=https:\/\/vsd.fr\/70463-il-faut-en-laisser-aux-autres-marguerite-star-academy-severement-rappelee-a-lordre-par-michael-goldman\/&amp;ved=2ahUKEwiNqaSY4fyNAxXZK_sDHbQtBtIQFnoECBYQAQ&amp;usg=AOvVaw3JyBOsp01hg7mpRzq8p-bv\" rel=\"nofollow noopener\" target=\"_blank\"><strong>Marguerite<\/strong> <\/a>qui cartonne actuellement avec son premier titre Les filles, les meufs mais aussi <strong>Victorien, Julien Lieb et Marie-Maud<\/strong> de la promo 2023. Par ailleurs, <strong><a href=\"https:\/\/www.google.com\/url?sa=t&amp;source=web&amp;rct=j&amp;opi=89978449&amp;url=https:\/\/vsd.fr\/58572-jen-parle-souvent-a-ma-femme-vianney-fait-de-rares-confidences-sur-son-fils-de-deux-ans-et-sa-difference\/&amp;ved=2ahUKEwiigsHk5PyNAxXyeqQEHd97Oa0QFnoECAkQAQ&amp;usg=AOvVaw09_Xw5cxjddusZxTa2MhJd\" rel=\"nofollow noopener\" target=\"_blank\">Vianney <\/a>et Styleto<\/strong> \u00e9taient aussi dans la salle.<\/p>\n<p><img loading=\"lazy\" decoding=\"async\" width=\"422\" height=\"737\" src=\"data:image\/svg+xml,%3Csvg%20xmlns=\" http:=\"\" alt=\"Pierre Garnier, grand absent de l\u2019Olympia de son amie Helena : ce qu\u2019il avait de tr\u00e8s important \u00e0 g\u00e9rer au m\u00eame moment\" data-lazy- data-lazy- data-lazy-src=\"https:\/\/www.europesays.com\/fr\/wp-content\/uploads\/2025\/06\/Capture-decran-2025-06-19-072814.png\"\/><\/p>\n<p>Capture Instagram Margherite<\/p>\n<p>En revanche, si depuis des mois Helena et <a href=\"https:\/\/www.google.com\/url?sa=t&amp;source=web&amp;rct=j&amp;opi=89978449&amp;url=https:\/\/vsd.fr\/63891-la-pauvre-pierre-garnier-fait-de-nouvelles-revelations-sur-sa-vie-sentimentale\/&amp;ved=2ahUKEwj1hI3A4fyNAxVpR6QEHWifBcIQFnoECBkQAQ&amp;usg=AOvVaw214YOPfiDrKg7pm7YiVqdo\" rel=\"nofollow noopener\" target=\"_blank\">son \u00ab\u00a0ami\u00a0\u00bb Pierre Garnier<\/a> sont constamment coll\u00e9s l&rsquo;un \u00e0 l&rsquo;autre, <strong><a href=\"https:\/\/www.google.com\/url?sa=t&amp;source=web&amp;rct=j&amp;opi=89978449&amp;url=https:\/\/vsd.fr\/82407-quelle-est-ton-adresse-pierre-garnier-surpris-et-hilare-face-a-la-question-dun-tres-jeune-fan\/&amp;ved=2ahUKEwj1hI3A4fyNAxVpR6QEHWifBcIQFnoECBwQAQ&amp;usg=AOvVaw3FNAQHUSEglMB5h0OCjfaS\" rel=\"nofollow noopener\" target=\"_blank\">le Normand<\/a> a brill\u00e9 par son absence<\/strong>. Tous les deux sont-ils brouill\u00e9s\u00a0? Absolument pas\u00a0! Malheureusement, au m\u00eame moment, <a href=\"https:\/\/www.google.com\/url?sa=t&amp;source=web&amp;rct=j&amp;opi=89978449&amp;url=https:\/\/vsd.fr\/82323-on-est-tous-tombes-malades-pierre-garnier-helena-julien-lieb-la-verite-sur-lapres-star-ac\/&amp;ved=2ahUKEwj1hI3A4fyNAxVpR6QEHWifBcIQFnoECCwQAQ&amp;usg=AOvVaw1sf6Lxz26ibOKFdbdP5PpJ\" rel=\"nofollow noopener\" target=\"_blank\">l&rsquo;interpr\u00e8te de Nous on sait<\/a> \u00e9tait aussi sur sc\u00e8ne. En effet, lui aussi <strong>fait salle comble<\/strong> depuis le d\u00e9but de sa tourn\u00e9e et, ce 18\u00a0juin, Pierre Garnier a ravi ses fans de Lille dans le Nord. Prochain rendez-vous\u00a0? <strong>Ce 22\u00a0juin, au Z\u00e9nith de Paris<\/strong>.<\/p>\n<p><img loading=\"lazy\" decoding=\"async\" width=\"429\" height=\"763\" src=\"data:image\/svg+xml,%3Csvg%20xmlns=\" http:=\"\" alt=\"Pierre Garnier, grand absent de l\u2019Olympia de son amie Helena : ce qu\u2019il avait de tr\u00e8s important \u00e0 g\u00e9rer au m\u00eame moment\" data-lazy- data-lazy- data-lazy-src=\"https:\/\/www.europesays.com\/fr\/wp-content\/uploads\/2025\/06\/Capture-decran-2025-06-19-072827.png\"\/><\/p>\n<p>Capture Instagram Pierre Garnier<\/p>\n<p>      Mentionn\u00e9s dans cet article<\/p>\n<p>\u00c0 lire aussi<\/p>\n","protected":false},"excerpt":{"rendered":"R\u00e9sum\u00e9 Helena encha\u00eene les concerts avec succ\u00e8s, se produisant ce 18 juin \u00e0 l\u2019Olympia. Pierre Garnier, bien occup\u00e9&hellip;\n","protected":false},"author":2,"featured_media":187782,"comment_status":"","ping_status":"","sticky":false,"template":"","format":"standard","meta":{"footnotes":""},"categories":[1355],"tags":[1697,58,59,1011,27,5098,1361,873,15955,5096,25035,5095,199,4441],"class_list":{"0":"post-187781","1":"post","2":"type-post","3":"status-publish","4":"format-standard","5":"has-post-thumbnail","7":"category-musique","8":"tag-concert","9":"tag-divertissement","10":"tag-entertainment","11":"tag-fr","12":"tag-france","13":"tag-helena-bailly","14":"tag-music","15":"tag-musique","16":"tag-olympia","17":"tag-pierre-garnier","18":"tag-salle-de-spectacle","19":"tag-star-academy","20":"tag-tf1","21":"tag-tournee"},"share_on_mastodon":{"url":"https:\/\/pubeurope.com\/@fr\/114708713021743213","error":""},"_links":{"self":[{"href":"https:\/\/www.europesays.com\/fr\/wp-json\/wp\/v2\/posts\/187781","targetHints":{"allow":["GET"]}}],"collection":[{"href":"https:\/\/www.europesays.com\/fr\/wp-json\/wp\/v2\/posts"}],"about":[{"href":"https:\/\/www.europesays.com\/fr\/wp-json\/wp\/v2\/types\/post"}],"author":[{"embeddable":true,"href":"https:\/\/www.europesays.com\/fr\/wp-json\/wp\/v2\/users\/2"}],"replies":[{"embeddable":true,"href":"https:\/\/www.europesays.com\/fr\/wp-json\/wp\/v2\/comments?post=187781"}],"version-history":[{"count":0,"href":"https:\/\/www.europesays.com\/fr\/wp-json\/wp\/v2\/posts\/187781\/revisions"}],"wp:featuredmedia":[{"embeddable":true,"href":"https:\/\/www.europesays.com\/fr\/wp-json\/wp\/v2\/media\/187782"}],"wp:attachment":[{"href":"https:\/\/www.europesays.com\/fr\/wp-json\/wp\/v2\/media?parent=187781"}],"wp:term":[{"taxonomy":"category","embeddable":true,"href":"https:\/\/www.europesays.com\/fr\/wp-json\/wp\/v2\/categories?post=187781"},{"taxonomy":"post_tag","embeddable":true,"href":"https:\/\/www.europesays.com\/fr\/wp-json\/wp\/v2\/tags?post=187781"}],"curies":[{"name":"wp","href":"https:\/\/api.w.org\/{rel}","templated":true}]}}