{"id":187789,"date":"2025-06-19T06:56:12","date_gmt":"2025-06-19T06:56:12","guid":{"rendered":"https:\/\/www.europesays.com\/fr\/187789\/"},"modified":"2025-06-19T06:56:12","modified_gmt":"2025-06-19T06:56:12","slug":"le-prince-william-sans-kate-dans-la-caleche-du-couple-royal-a-ascot","status":"publish","type":"post","link":"https:\/\/www.europesays.com\/fr\/187789\/","title":{"rendered":"Le prince William sans Kate dans la cal\u00e8che du couple royal \u00e0 Ascot"},"content":{"rendered":"<p>Quelques minutes avant le d\u00e9but de l\u2019\u00e9v\u00e9nement, la nouvelle configuration des cal\u00e8ches royales a \u00e9t\u00e9 annonc\u00e9e, ce mercredi 18 juin \u00e0 l\u2019hippodrome d\u2019Ascot. Le nom de la princesse de Galles a disparu du programme, pour des raisons de sant\u00e9. Le prince de Galles fut donc invit\u00e9 \u00e0 rejoindre la cal\u00e8che du roi Charles III et de la reine Camilla pour faire son tour d\u2019honneur au deuxi\u00e8me jour des courses hippiques du Royal Ascot.<\/p>\n<p><strong>Lire aussi : <a href=\"https:\/\/histoiresroyales.fr\/roi-charles-iii-reine-camilla-lancent-semaine-courses-ascot-princesse-anne-prince-faisal-darabie-saoudite\/\" rel=\"nofollow noopener\" target=\"_blank\">Le roi Charles III et la reine Camilla lancent la semaine d\u2019Ascot avec le prince Faisal d\u2019Arabie saoudite et la princesse Anne<\/a><\/strong><\/p>\n<p>La princesse de Galles retir\u00e9e de la liste des pr\u00e9sences quelques minutes avant le d\u00e9but de la deuxi\u00e8me journ\u00e9e au Royal Ascot<\/p>\n<p>Ce mercredi 18 juin 2025 avait lieu la deuxi\u00e8me journ\u00e9e des courses du Royal Ascot. Le prince William devait remettre un prix et son \u00e9pouse devait l\u2019accompagner. En fin de matin\u00e9e, une premi\u00e8re liste des invit\u00e9es avait \u00e9t\u00e9 partag\u00e9e. On y d\u00e9couvre alors que le prince et la <a href=\"https:\/\/histoiresroyales.fr\/famille-royale-britannique\/kate-middleton\/\" rel=\"nofollow noopener\" target=\"_blank\">princesse de Galles<\/a> feront leur entr\u00e9e \u00e0 bord de leur propre cal\u00e8che. Quelques heures plus tard, peu de temps avant l\u2019\u00e9v\u00e9nement, en d\u00e9but d\u2019apr\u00e8s-midi, la nouvelle liste des invit\u00e9s est tomb\u00e9e et la princesse de Galles n\u2019y figurait plus.<\/p>\n<p><img fetchpriority=\"high\" decoding=\"async\" width=\"1300\" height=\"803\" src=\"https:\/\/www.europesays.com\/fr\/wp-content\/uploads\/2025\/06\/prince-william-prince-saud-ben-khalid-arabie-saoudite-roi-charles-iii-ascot.jpg\" alt=\"\" class=\"wp-image-209403 lazyload\" data-  \/>Le prince de Galles, \u00e0 c\u00f4t\u00e9 du prince Saud ben Khalid Al Saoud et face au couple royal dans la cal\u00e8che d\u2019honneur (Photo : Andrew Matthews\/PA Wire\/ABACAPRESS.COM)<\/p>\n<p><strong>Lire aussi : <a href=\"https:\/\/histoiresroyales.fr\/membres-actifs-famille-royale-britannique-rejoignent-charles-iii-balcon-anniversaire-public\/\" rel=\"nofollow noopener\" target=\"_blank\">Tous les membres actifs de la famille royale britannique rejoignent Charles III au balcon pour son anniversaire public<\/a><\/strong><\/p>\n<p>Finalement, la princesse Catherine ne pourra pas assister \u00e0 l\u2019\u00e9v\u00e9nement comme pr\u00e9vu. \u00ab\u00a0Catherine, qui fait un retour progressif \u00e0 la vie publique apr\u00e8s son diagnostic de cancer l\u2019ann\u00e9e derni\u00e8re, essaie de trouver le bon \u00e9quilibre alors qu\u2019elle revient pleinement aux engagements publics \u00bb, a d\u00e9clar\u00e9 une source proche <a href=\"https:\/\/www.bbc.com\/news\/articles\/cjrl34rvdxdo\" target=\"_blank\" rel=\"noreferrer noopener nofollow\">\u00e0 la BBC<\/a>. Le prince William a donc rejoint la cal\u00e8che de son p\u00e8re et de sa belle-m\u00e8re. <\/p>\n<p><img loading=\"lazy\" decoding=\"async\" width=\"1300\" height=\"867\" src=\"https:\/\/www.europesays.com\/fr\/wp-content\/uploads\/2025\/06\/charles-camilla-royal-ascot-jour-2-2025.jpg\" alt=\"\" class=\"wp-image-209405 lazyload\" data-  \/>Le roi Charles III et la reine Camilla sont de nouveau pr\u00e9sents au deuxi\u00e8me jour du Royal Ascot, partageant leur cal\u00e8che avec l\u2019h\u00e9ritier du tr\u00f4ne et le petit-neveu du roi d\u2019Arabie saoudite (Photo : Stephen Lock\/i-Images\/ABACAPRESS.COM)<\/p>\n<p><strong>Lire aussi : <a href=\"https:\/\/histoiresroyales.fr\/princesse-beatrice-centre-attention-4e-jour-royal-ascot\/\" rel=\"nofollow noopener\" target=\"_blank\">La princesse Beatrice au centre de l\u2019attention au 4e jour du Royal Ascot<\/a><\/strong><\/p>\n<p>Le roi Charles III, la reine Camilla, le prince William et le prince Saud ben Khalid d\u2019Arabie saoudite dans la cal\u00e8che d\u2019honneur<\/p>\n<p>C\u2019est en 1711, apr\u00e8s une sortie \u00e0 cheval dans les landes qui entourent le ch\u00e2teau de Windsor, que la reine Anne a eu l\u2019id\u00e9e de cr\u00e9er un hippodrome sur ces terres. En 1768, sous le r\u00e8gne de George III, un premier \u00e9v\u00e9nement hippique de quatre jours a \u00e9t\u00e9 organis\u00e9. Ascot est aujourd\u2019hui un \u00e9v\u00e9nement mondain soutenu par la famille royale, toujours passionn\u00e9e par les courses de chevaux. Le Royal Ascot est connu dans le monde entier pour les tenues color\u00e9es, les chapeaux fantaisies des dames et les chapeaux hauts-de-forme des messieurs. <\/p>\n<blockquote class=\"instagram-media\" data-instgrm-permalink=\"https:\/\/www.instagram.com\/p\/DLDMqEWtLrU\/?utm_source=ig_embed&amp;utm_campaign=loading\" data-instgrm-version=\"14\" style=\" background:#FFF; border:0; border-radius:3px; box-shadow:0 0 1px 0 rgba(0,0,0,0.5),0 1px 10px 0 rgba(0,0,0,0.15); margin: 1px; max-width:540px; min-width:326px; padding:0; width:99.375%; width:-webkit-calc(100% - 2px); width:calc(100% - 2px);\"\/>\n<blockquote class=\"instagram-media\" data-instgrm-permalink=\"https:\/\/www.instagram.com\/p\/DLC255HtF1R\/?utm_source=ig_embed&amp;utm_campaign=loading\" data-instgrm-version=\"14\" style=\" background:#FFF; border:0; border-radius:3px; box-shadow:0 0 1px 0 rgba(0,0,0,0.5),0 1px 10px 0 rgba(0,0,0,0.15); margin: 1px; max-width:540px; min-width:326px; padding:0; width:99.375%; width:-webkit-calc(100% - 2px); width:calc(100% - 2px);\"\/>\n<p>Chaque jour, la famille royale fait son entr\u00e9e dans l\u2019hippodrome \u00e0 bord de quatre cal\u00e8ches qui font un tour de la piste. Le souverain choisit quels sont les membres de sa famille qui auront ce privil\u00e8ge, essayant de varier les heureux \u00e9lus d\u2019un jour \u00e0 l\u2019autre. Ce mercredi, le roi Charles III et la reine Camilla \u00e9taient assis dans la premi\u00e8re cal\u00e8che avec le prince William et le prince Saud ben Khalid d\u2019Arabie saoudite. Le prince Saud est un petit-fils du roi Fay\u00e7al, donc un petit-neveu de l\u2019actuel roi Salman. <\/p>\n<p><img loading=\"lazy\" decoding=\"async\" width=\"1399\" height=\"971\" src=\"https:\/\/www.europesays.com\/fr\/wp-content\/uploads\/2025\/06\/prince-william-prix-ascot-jour-2-2025.jpg\" alt=\"\" class=\"wp-image-209409 lazyload\" data-  \/>Le prince William devait remettre des prix ce 18 juin 2025 (Photo : James Manning\/PA Wire\/ABACAPRESS.COM)<\/p>\n<p><strong>Lire aussi : <a href=\"https:\/\/histoiresroyales.fr\/famille-royale-reunie-assister-ceremonie-ordre-de-la-jarretiere\/\" rel=\"nofollow noopener\" target=\"_blank\">La famille royale r\u00e9unie \u00e0 la c\u00e9r\u00e9monie de l\u2019ordre de la Jarreti\u00e8re<\/a><\/strong><\/p>\n<p>La deuxi\u00e8me cal\u00e8che transportait le duc et la duchesse de Gloucester avec le comte et la comtesse de Halifax. Dans la troisi\u00e8me cal\u00e8che, il y avait les familles Boyd et Rose et la derni\u00e8re cal\u00e8che transportait Lady Sarah Chatto, fille de la princesse Margaret, avec son \u00e9poux Daniel et le couple Harris. Le prince William a ensuite pu retrouver sa belle-m\u00e8re, Carole Middleton, qui a assist\u00e9 \u00e0 cette journ\u00e9e avec sa belle-fille, Aliz\u00e9e.<\/p>\n<p><img loading=\"lazy\" decoding=\"async\" width=\"1300\" height=\"897\" src=\"https:\/\/www.europesays.com\/fr\/wp-content\/uploads\/2025\/06\/carole-middleton-tribune-royale-ascot.jpg\" alt=\"\" class=\"wp-image-209407 lazyload\" data-  \/>La princesse de Galles \u00e9tait absente mais sa m\u00e8re, Carole Middleton, a pu assister aux courses depuis la tribune royale avec les membres de la famille royale et leurs invit\u00e9s (Photo : Andrew Matthews\/PA Wire\/ABACAPRESS.COM)<\/p>\n<p>Ces derniers jours, la princesse de Galles avait multipli\u00e9 les apparitions et elle tente \u00e9galement de reprendre un rythme de travail plus r\u00e9gulier. On a par exemple pu l\u2019apercevoir \u00e0 c\u00f4t\u00e9 de son \u00e9poux \u00e0 la <a href=\"https:\/\/histoiresroyales.fr\/famille-royale-reunie-assister-ceremonie-ordre-de-la-jarretiere\/\" rel=\"nofollow noopener\" target=\"_blank\">c\u00e9r\u00e9monie de l\u2019ordre de la Jarreti\u00e8re<\/a> ce lundi et le samedi, <a href=\"https:\/\/histoiresroyales.fr\/princesse-charlotte-assortie-princesse-de-galles-trooping-the-colour\/\" rel=\"nofollow noopener\" target=\"_blank\">elle participait aux c\u00e9l\u00e9brations de Trooping the Colour.<\/a> La semaine derni\u00e8re, elle a \u00e9galement assur\u00e9 un engagement en solo <a href=\"https:\/\/histoiresroyales.fr\/princesse-catherine-decouvre-coulisses-entrepot-va-museum\/\" rel=\"nofollow noopener\" target=\"_blank\">en visitant l\u2019entrep\u00f4t du V&amp;A Museum<\/a>. <\/p>\n<p>\t\t\t\t<img loading=\"lazy\" alt=\"Avatar photo\" src=\"https:\/\/www.europesays.com\/fr\/wp-content\/uploads\/2025\/04\/1516945716303-164x164.jpeg\"  class=\"avatar avatar-164 photo lazyload\" height=\"164\" width=\"164\" decoding=\"async\"\/><br \/>\n\t\t<a href=\"https:\/\/histoiresroyales.fr\/author\/royaliste123\/\" rel=\"nofollow noopener\" target=\"_blank\">Nicolas Fontaine<\/a><br \/>\n\t\t\t\t\tR\u00e9dacteur en chef<\/p>\n<p>Nicolas Fontaine a \u00e9t\u00e9 concepteur-r\u00e9dacteur et auteur pour de nombreuses marques et m\u00e9dias belges et fran\u00e7ais. Sp\u00e9cialiste de l&rsquo;actualit\u00e9 des familles royales, Nicolas a fond\u00e9 le site Histoires royales dont il est le r\u00e9dacteur en chef.&#13;<br \/>\n&#13;<br \/>\nnicolas@histoiresroyales.fr<\/p>\n<p>\t\t\t\t\t\t\t<a href=\"https:\/\/twitter.com\/ActusRoyales\" class=\"boxed-icon fill twitter\" target=\"_blank\" rel=\"nofollow noopener\"><\/a><br \/>\n\t\t\t\t\t\t\t\t\t<a href=\"https:\/\/www.instagram.com\/histoiresroyales.fr\/\" class=\"boxed-icon fill instagram\" target=\"_blank\" rel=\"nofollow noopener\"><\/a><\/p>\n<p>\t\t\t\t\t\t\t\t\t\t\t\t\t<script async src=\"https:\/\/platform.twitter.com\/widgets.js\" charset=\"utf-8\"><\/script><script async src=\"\/\/www.instagram.com\/embed.js\"><\/script><\/p>\n","protected":false},"excerpt":{"rendered":"Quelques minutes avant le d\u00e9but de l\u2019\u00e9v\u00e9nement, la nouvelle configuration des cal\u00e8ches royales a \u00e9t\u00e9 annonc\u00e9e, ce mercredi&hellip;\n","protected":false},"author":2,"featured_media":187790,"comment_status":"","ping_status":"","sticky":false,"template":"","format":"standard","meta":{"footnotes":""},"categories":[8],"tags":[4793,32553,58,59,1011,27,5858,3936,4795,32554],"class_list":{"0":"post-187789","1":"post","2":"type-post","3":"status-publish","4":"format-standard","5":"has-post-thumbnail","7":"category-divertissement","8":"tag-camilla-parker-bowles","9":"tag-course-hippique","10":"tag-divertissement","11":"tag-entertainment","12":"tag-fr","13":"tag-france","14":"tag-kate-middleton","15":"tag-prince-william","16":"tag-roi-charles-iii","17":"tag-royal-ascot"},"share_on_mastodon":{"url":"https:\/\/pubeurope.com\/@fr\/114708728106079522","error":""},"_links":{"self":[{"href":"https:\/\/www.europesays.com\/fr\/wp-json\/wp\/v2\/posts\/187789","targetHints":{"allow":["GET"]}}],"collection":[{"href":"https:\/\/www.europesays.com\/fr\/wp-json\/wp\/v2\/posts"}],"about":[{"href":"https:\/\/www.europesays.com\/fr\/wp-json\/wp\/v2\/types\/post"}],"author":[{"embeddable":true,"href":"https:\/\/www.europesays.com\/fr\/wp-json\/wp\/v2\/users\/2"}],"replies":[{"embeddable":true,"href":"https:\/\/www.europesays.com\/fr\/wp-json\/wp\/v2\/comments?post=187789"}],"version-history":[{"count":0,"href":"https:\/\/www.europesays.com\/fr\/wp-json\/wp\/v2\/posts\/187789\/revisions"}],"wp:featuredmedia":[{"embeddable":true,"href":"https:\/\/www.europesays.com\/fr\/wp-json\/wp\/v2\/media\/187790"}],"wp:attachment":[{"href":"https:\/\/www.europesays.com\/fr\/wp-json\/wp\/v2\/media?parent=187789"}],"wp:term":[{"taxonomy":"category","embeddable":true,"href":"https:\/\/www.europesays.com\/fr\/wp-json\/wp\/v2\/categories?post=187789"},{"taxonomy":"post_tag","embeddable":true,"href":"https:\/\/www.europesays.com\/fr\/wp-json\/wp\/v2\/tags?post=187789"}],"curies":[{"name":"wp","href":"https:\/\/api.w.org\/{rel}","templated":true}]}}