{"id":187796,"date":"2025-06-19T07:00:10","date_gmt":"2025-06-19T07:00:10","guid":{"rendered":"https:\/\/www.europesays.com\/fr\/187796\/"},"modified":"2025-06-19T07:00:10","modified_gmt":"2025-06-19T07:00:10","slug":"le-depute-pouria-amirshahi-interdit-de-sejour-aux-etats-unis-denonce-une-decision-politique","status":"publish","type":"post","link":"https:\/\/www.europesays.com\/fr\/187796\/","title":{"rendered":"Le d\u00e9put\u00e9 Pouria Amirshahi interdit de s\u00e9jour aux \u00c9tats-Unis d\u00e9nonce une \u00ab\u00a0d\u00e9cision politique\u00a0\u00bb"},"content":{"rendered":"<p>        <img decoding=\"async\" loading=\"lazy\" src=\"https:\/\/www.europesays.com\/fr\/wp-content\/uploads\/2025\/06\/79058ce_upload-1-0hfngzcrqwhq-000-36273cr.jpg\"  width=\"728\" height=\"410\" alt=\"Le d\u00e9put\u00e9 franco-iranien Pouria Amirshahi \u00ab\u00a0interdit de s\u00e9jour aux \u00c9tats-Unis\u00a0\u00bb d\u00e9nonce ce mercredi 18\u00a0juin une \u00ab\u00a0d\u00e9cision politique\u00a0\u00bb.\"\/>  <\/p>\n<p>BERTRAND GUAY \/ AFP<\/p>\n<p>Le d\u00e9put\u00e9 franco-iranien Pouria Amirshahi \u00ab\u00a0interdit de s\u00e9jour aux \u00c9tats-Unis\u00a0\u00bb d\u00e9nonce ce mercredi 18\u00a0juin une \u00ab\u00a0d\u00e9cision politique\u00a0\u00bb.<\/p>\n<p class=\"asset asset-text\">POLITIQUE &#8211; Pas le bienvenu sur le sol am\u00e9ricain avec <a href=\"https:\/\/www.huffingtonpost.fr\/tech-futurs\/article\/donald-trump-donne-un-nouveau-delai-a-tiktok-aux-etats-unis-et-en-profite-pour-pietiner-la-loi_251505.html\" rel=\"nofollow noopener\" target=\"_blank\">Donald Trump<\/a> au pouvoir et en plein conflit entre<a href=\"https:\/\/www.huffingtonpost.fr\/international\/article\/l-iran-tire-des-missiles-supersoniques-vers-israel-le-point-sur-la-6e-nuit-de-conflit_251488.html\" rel=\"nofollow noopener\" target=\"_blank\"> Isra\u00ebl et l\u2019Iran<\/a>. Le d\u00e9put\u00e9 fran\u00e7ais, d\u2019origine iranienne, du groupe \u00e9cologiste et social\u00a0<a href=\"https:\/\/www.huffingtonpost.fr\/actualites\/article\/pouria-amirshahi-frondeur-de-la-premiere-heure-quitte-le-parti-socialiste_73066.html\" rel=\"nofollow noopener\" target=\"_blank\">Pouria\u00a0Amirshahi<\/a>\u00a0s\u2019est vu refuser un visa pour les \u00c9tats-Unis. Il s\u2019agit \u00ab\u00a0un acte hostile\u00a0\u00bb sans \u00e9quivalent \u00ab\u00a0en plus de deux cent quarante ann\u00e9es de relations entre la France et les <a href=\"https:\/\/www.huffingtonpost.fr\/international\/article\/sur-la-guerre-en-iran-cet-echange-houleux-entre-deux-soutiens-de-trump-revele-la-fracture-de-son-camp_251528.html\" rel=\"nofollow noopener\" target=\"_blank\">\u00c9tats-Unis<\/a>\u00a0\u00bb, d\u00e9nonce\u00a0son\u00a0groupe, ce\u00a0mercredi 18\u00a0juin.<\/p>\n<p class=\"asset asset-text\">Co initiateur de la Digue, \u00ab\u00a0une coordination de parlementaires qui veut contrer l\u2019expansion du n\u00e9o-fascisme dans de nombreuses d\u00e9mocraties lib\u00e9rales\u00a0\u00bb, le\u00a0d\u00e9put\u00e9 de 53\u00a0ans\u00a0d\u00e9nonce\u00a0une \u00ab\u00a0d\u00e9cision politique\u00a0\u00bb alors qu\u2019il voulait rencontrer des parlementaires d\u00e9mocrates, des intellectuels et des personnalit\u00e9s de la soci\u00e9t\u00e9 civile outre-Atlantique.<\/p>\n<p class=\"asset asset-text\">Aupr\u00e8s de l\u2019AFP, Pouria\u00a0Amirshahi\u00a0affirme avoir formul\u00e9 dans un premier temps une demande d\u2019autorisation de voyage \u00ab\u00a0Esta\u00a0\u00bb, \u00ab\u00a0qui a \u00e9t\u00e9 rejet\u00e9e\u00a0\u00bb, alors m\u00eame qu\u2019il est \u00ab\u00a0d\u00e9j\u00e0 all\u00e9 trois fois aux \u00c9tats-Unis\u00a0\u00bb en 2000, 2011 et 2013.<\/p>\n<p class=\"asset asset-text\">Il a ensuite d\u00e9pos\u00e9 une demande de visa, dans le cadre de laquelle il lui a \u00e9t\u00e9 demand\u00e9 les raisons de\u00a0son\u00a0voyage, avant un nouveau refus. Le d\u00e9put\u00e9\u00a0pr\u00e9cise s\u2019\u00eatre rendu en Iran pour la derni\u00e8re fois en 2016.<\/p>\n<p>                     Une note de Jean-No\u00ebl Barrot    <\/p>\n<p class=\"asset asset-text\">\u00c0 l\u2019appui de sa demande, il disposait d\u2019une note \u00e9crite du cabinet du ministre des Affaires \u00e9trang\u00e8res, Jean-No\u00ebl Barrot, appelant l\u2019Ambassade \u00e0 une \u00ab\u00a0bienveillante attention\u00a0\u00bb vis-\u00e0-vis de sa demande.<\/p>\n<p class=\"asset asset-text\">\u00ab\u00a0Cette d\u00e9cision politique n\u2019a rien d\u2019anodine, dans un contexte d\u2019embrasement du monde, de bascule des d\u00e9mocraties dans l\u2019illib\u00e9ralisme, de mont\u00e9e du n\u00e9ofascisme identitaire. Elle vient d\u2019un pouvoir dont le chef se vit comme un monarque, bafoue les r\u00e8gles et insulte ses alli\u00e9s\u00a0\u00bb, d\u00e9nonce\u00a0la Digue dans un communiqu\u00e9.<\/p>\n<p class=\"asset asset-text\">\u00ab\u00a0Alert\u00e9e, la diplomatie fran\u00e7aise &#8211; le Pr\u00e9sident de la R\u00e9publique au premier chef &#8211; tente de faire changer la d\u00e9cision et de trouver une issue positive\u00a0\u00bb, assure-t-elle.<\/p>\n<p class=\"asset asset-text\">Pouria\u00a0Amirshahi\u00a0organise une conf\u00e9rence de presse jeudi \u00e0 10\u00a0h \u00e0 l\u2019Assembl\u00e9e nationale, \u00e0 laquelle participeront \u00e9galement selon lui la pr\u00e9sidente de\u00a0son\u00a0groupe, Cyrielle Chatelain, la d\u00e9put\u00e9e communiste Elsa Faucillon ou encore la socialiste Fatiha Keloua-Hachi.<\/p>\n","protected":false},"excerpt":{"rendered":"BERTRAND GUAY \/ AFP Le d\u00e9put\u00e9 franco-iranien Pouria Amirshahi \u00ab\u00a0interdit de s\u00e9jour aux \u00c9tats-Unis\u00a0\u00bb d\u00e9nonce ce mercredi 18\u00a0juin&hellip;\n","protected":false},"author":2,"featured_media":187797,"comment_status":"","ping_status":"","sticky":false,"template":"","format":"standard","meta":{"footnotes":""},"categories":[4],"tags":[11,75,73,1011,27,14,12,316,25],"class_list":{"0":"post-187796","1":"post","2":"type-post","3":"status-publish","4":"format-standard","5":"has-post-thumbnail","7":"category-france","8":"tag-actualites","9":"tag-donald-trump","10":"tag-etats-unis","11":"tag-fr","12":"tag-france","13":"tag-international","14":"tag-news","15":"tag-politique","16":"tag-republique-francaise"},"share_on_mastodon":{"url":"https:\/\/pubeurope.com\/@fr\/114708743735009209","error":""},"_links":{"self":[{"href":"https:\/\/www.europesays.com\/fr\/wp-json\/wp\/v2\/posts\/187796","targetHints":{"allow":["GET"]}}],"collection":[{"href":"https:\/\/www.europesays.com\/fr\/wp-json\/wp\/v2\/posts"}],"about":[{"href":"https:\/\/www.europesays.com\/fr\/wp-json\/wp\/v2\/types\/post"}],"author":[{"embeddable":true,"href":"https:\/\/www.europesays.com\/fr\/wp-json\/wp\/v2\/users\/2"}],"replies":[{"embeddable":true,"href":"https:\/\/www.europesays.com\/fr\/wp-json\/wp\/v2\/comments?post=187796"}],"version-history":[{"count":0,"href":"https:\/\/www.europesays.com\/fr\/wp-json\/wp\/v2\/posts\/187796\/revisions"}],"wp:featuredmedia":[{"embeddable":true,"href":"https:\/\/www.europesays.com\/fr\/wp-json\/wp\/v2\/media\/187797"}],"wp:attachment":[{"href":"https:\/\/www.europesays.com\/fr\/wp-json\/wp\/v2\/media?parent=187796"}],"wp:term":[{"taxonomy":"category","embeddable":true,"href":"https:\/\/www.europesays.com\/fr\/wp-json\/wp\/v2\/categories?post=187796"},{"taxonomy":"post_tag","embeddable":true,"href":"https:\/\/www.europesays.com\/fr\/wp-json\/wp\/v2\/tags?post=187796"}],"curies":[{"name":"wp","href":"https:\/\/api.w.org\/{rel}","templated":true}]}}