{"id":18780,"date":"2025-04-12T01:46:09","date_gmt":"2025-04-12T01:46:09","guid":{"rendered":"https:\/\/www.europesays.com\/fr\/18780\/"},"modified":"2025-04-12T01:46:09","modified_gmt":"2025-04-12T01:46:09","slug":"rap-dhier-et-daujourdhui-au-fonky-festival-de-marseille","status":"publish","type":"post","link":"https:\/\/www.europesays.com\/fr\/18780\/","title":{"rendered":"Rap d&rsquo;hier et d&rsquo;aujourd&rsquo;hui au Fonky Festival de Marseille"},"content":{"rendered":"<p>De jeunes rappeurs marseillais au fort potentiel, des artistes plus exp\u00e9riment\u00e9s qui brillent d\u00e9j\u00e0 dans ce domaine\u2026 C&rsquo;est un festival empreint de mixit\u00e9, \u00e0 l&rsquo;image de la ville, qui va enflammer le Cabaret Al\u00e9atoire de la Friche de la Belle-de-Mai, le vendredi\u00a025 et le samedi 26\u00a0avril. Pour sa deuxi\u00e8me \u00e9dition, le Fonky Festival, fond\u00e9 et port\u00e9 par <a href=\"https:\/\/www.laprovence.com\/article\/culture-loisirs\/1444546935335216\/l-histoire-n-etait-pas-finie-de-retour-avec-la-fonky-family-pour-3-concerts-en-2024-dj-djel-se-confie\" target=\"_blank\" rel=\"noopener\">DJ Djel, membre du groupe marseillais Fonky Family,<\/a> qui a connu ses heures de gloire \u00e0 la fin des ann\u00e9es 90-d\u00e9but 2000, rassemblera une dizaine d&rsquo;artistes par soir, et pas des moindres.\u00a0<\/p>\n<p>\u00ab\u00a0M\u00e9langer les genres et les gens\u00a0\u00bb<\/p>\n<p>\u00c0 commencer par son parrain, <a href=\"https:\/\/www.laprovence.com\/article\/culture-loisirs\/5541354293695614\/histoire-il-y-a-trente-ans-iam-prenait-son-envol-aux-victoires-de-la-musique\" target=\"_blank\" rel=\"noopener\">Akhenaton, membre du groupe l\u00e9gendaire IAM,<\/a> qui signe son retour le 28 juin prochain au stade V\u00e9lodrome. \u00ab\u00a0Il fallait que ce soit lui, c&rsquo;\u00e9tait important pour moi. Le premier titre de rap fran\u00e7ais et le premier album sorti outre Atlantique, c&rsquo;est IAM. Akhenaton a fait beaucoup pour Marseille et je tenais \u00e0 lui rendre cet hommage\u00a0\u00bb, insiste DJ Djel qui invite le public \u00e0 venir applaudir d&rsquo;autres artistes de son entourage. Des noms bien connus des amateurs d&rsquo;art de rue comme El Matador, Freeman et K-Rhyme Le Roi qui joueront en exclusivit\u00e9 leur album Palais de justice. Mais aussi des talents plus r\u00e9cents \u00e0 l&rsquo;image de Dario Della Noce, Costello ou encore Gino 1313. \u00ab\u00a0Chaque g\u00e9n\u00e9ration a son rap \u00e0 elle. Le rap d&rsquo;aujourd&rsquo;hui est comme son \u00e9poque. Il va vite, il scrolle vite, les punchlines ne sont pas moins bonnes, elles sont aussi fortes. Les personnages sont tout autant int\u00e9ressants, il y a des styles affirm\u00e9s. Certains disent que le rap c&rsquo;\u00e9tait mieux avant, moi je dis que le rap c&rsquo;est bien tout le temps.\u00a0\u00bb Pas question de cloisonner les genres donc, l&rsquo;id\u00e9e \u00ab\u00a0c&rsquo;est de m\u00e9langer\u00a0les genres, les gens et les styles pour que \u00e7a ne fasse qu&rsquo;un, comme dans l&rsquo;identit\u00e9 marseillaise o\u00f9 toutes les religions, toutes les cultures ne font qu&rsquo;un\u00a0\u00bb.\u00a0<\/p>\n<p>Coup de c\u0153ur \u00ab\u00a0parmi les coups de c\u0153ur\u00a0\u00bb, les artistes prometteuses <a href=\"https:\/\/www.laprovence.com\/article\/culture-loisirs\/72283034197839\/avec-son-nouvel-ep-la-rappeuse-marseillaise-amalia-prend-son-envol\" target=\"_blank\" rel=\"noopener\">Amalia<\/a> et Saaphyra partageront leur univers : \u00ab\u00a0Elles font du rap, elles sont Marseillaises et ont un style bien \u00e0 elles qui les d\u00e9finit. Amalia s&rsquo;inscrit dans un style plut\u00f4t revendicateur tout en \u00e9tant tr\u00e8s douce dans sa voix. Saaphyra a un c\u00f4t\u00e9 beaucoup plus brut, plus rap, mais avec un storytelling incroyable\u00a0\u00bb, souligne DJ Djel qui s&rsquo;est entour\u00e9 de ses proches pour cet \u00e9v\u00e9nement qui fait sens dans la cit\u00e9 phoc\u00e9enne.<\/p>\n<p>\u00ab\u00a0Il \u00e9tait temps de faire un festival comme cela et je ne comprends pas qu&rsquo;on ne l&rsquo;ait pas fait avant\u00a0\u00bb, intervient K-Rhyme Le Roi qui soutient fi\u00e8rement son ami et la nouvelle sc\u00e8ne. \u00ab\u00a0<a href=\"https:\/\/www.laprovence.com\/article\/sortie-loisirs\/2553529822091415\/qui-sont-les-5-jeunes-talents-du-rap-marseillais-a-suivre-de-pres\" target=\"_blank\" rel=\"noopener\">L&rsquo;identit\u00e9 marseillaise \u00e9tant forte<\/a>, je pense qu&rsquo;on n\u2019a pas besoin d&rsquo;aller chercher bien loin pour des artistes qui ont besoin de promotion, qui tournent de moins en moins puisque les salles sont compliqu\u00e9es \u00e0 avoir et les programmations difficiles \u00e0 faire\u00a0\u00bb, rajoute DJ Djel qui a toujours su tendre la main. \u00ab\u00a0Quand on \u00e9tait jeunes, il nous invitait chez lui, il nous aidait alors qu&rsquo;il \u00e9tait sur le feu, il faisait des tourn\u00e9es avec FF\u2026 Il a toujours \u00e9t\u00e9 disponible pour nous, avec une volont\u00e9 de transmission\u00a0\u00bb, se souvient El Matador qui a grandi, comme DJ Djel, dans le quartier de Belsunce. \u00ab\u00a0Je me rappelle d&rsquo;une fois, je venais juste de signer \u00e0 Paris, on \u00e9tait invit\u00e9s \u00e0 l&rsquo;un des derniers concerts de la FF \u00e0 la Cigale. Il m&rsquo;a vu, il m&rsquo;a fait chanter sur sc\u00e8ne alors que je n&rsquo;avais jamais fait de grande salle. S&rsquo;il peut faire des passes d\u00e9finitives, il le fait. Alors aujourd&rsquo;hui c&rsquo;est \u00e0 nous de les faire pour lui.\u00a0\u00bb\u00a0<\/p>\n<p>Les 25 et 26 avril, de 20h \u00e0 1h, au Cabaret Al\u00e9atoire, \u00e0 la Friche de la Belle-de-Mai \u00e0 Marseille (3e). \u00c0 partir de 22,47\u20ac. 41,73\u20ac pour le pass deux jours.<\/p>\n","protected":false},"excerpt":{"rendered":"De jeunes rappeurs marseillais au fort potentiel, des artistes plus exp\u00e9riment\u00e9s qui brillent d\u00e9j\u00e0 dans ce domaine\u2026 C&rsquo;est&hellip;\n","protected":false},"author":2,"featured_media":18781,"comment_status":"","ping_status":"","sticky":false,"template":"","format":"standard","meta":{"footnotes":""},"categories":[2814],"tags":[17,1111,11,251,7398,1777,674,1011,27,7396,7397,151,884,7395,12,882,3616,25],"class_list":{"0":"post-18780","1":"post","2":"type-post","3":"status-publish","4":"format-standard","5":"has-post-thumbnail","7":"category-marseille","8":"tag-17","9":"tag-actu","10":"tag-actualites","11":"tag-culture","12":"tag-dhier","13":"tag-eu","14":"tag-europe","15":"tag-fr","16":"tag-france","17":"tag-genres","18":"tag-gens","19":"tag-les","20":"tag-marseille","21":"tag-melanger","22":"tag-news","23":"tag-provence-alpes-cote-dazur","24":"tag-rap","25":"tag-republique-francaise"},"share_on_mastodon":{"url":"https:\/\/pubeurope.com\/@fr\/114322471855614154","error":""},"_links":{"self":[{"href":"https:\/\/www.europesays.com\/fr\/wp-json\/wp\/v2\/posts\/18780","targetHints":{"allow":["GET"]}}],"collection":[{"href":"https:\/\/www.europesays.com\/fr\/wp-json\/wp\/v2\/posts"}],"about":[{"href":"https:\/\/www.europesays.com\/fr\/wp-json\/wp\/v2\/types\/post"}],"author":[{"embeddable":true,"href":"https:\/\/www.europesays.com\/fr\/wp-json\/wp\/v2\/users\/2"}],"replies":[{"embeddable":true,"href":"https:\/\/www.europesays.com\/fr\/wp-json\/wp\/v2\/comments?post=18780"}],"version-history":[{"count":0,"href":"https:\/\/www.europesays.com\/fr\/wp-json\/wp\/v2\/posts\/18780\/revisions"}],"wp:featuredmedia":[{"embeddable":true,"href":"https:\/\/www.europesays.com\/fr\/wp-json\/wp\/v2\/media\/18781"}],"wp:attachment":[{"href":"https:\/\/www.europesays.com\/fr\/wp-json\/wp\/v2\/media?parent=18780"}],"wp:term":[{"taxonomy":"category","embeddable":true,"href":"https:\/\/www.europesays.com\/fr\/wp-json\/wp\/v2\/categories?post=18780"},{"taxonomy":"post_tag","embeddable":true,"href":"https:\/\/www.europesays.com\/fr\/wp-json\/wp\/v2\/tags?post=18780"}],"curies":[{"name":"wp","href":"https:\/\/api.w.org\/{rel}","templated":true}]}}