{"id":187801,"date":"2025-06-19T07:03:24","date_gmt":"2025-06-19T07:03:24","guid":{"rendered":"https:\/\/www.europesays.com\/fr\/187801\/"},"modified":"2025-06-19T07:03:24","modified_gmt":"2025-06-19T07:03:24","slug":"jai-teste-pour-vous-lexperience-lecho-de-lunivers-a-saint-etienne","status":"publish","type":"post","link":"https:\/\/www.europesays.com\/fr\/187801\/","title":{"rendered":"J\u2019ai test\u00e9 pour vous : l&rsquo;exp\u00e9rience l\u2019\u00c9cho de l\u2019univers \u00e0 Saint-Etienne"},"content":{"rendered":"<p>Une grande premi\u00e8re. Pour <strong>Saint-\u00c9tienne<\/strong> comme pour moi, la <strong>r\u00e9alit\u00e9 virtuelle<\/strong> ne fait pas partie de mes habitudes.\u00a0Curieux de nature, mais surtout pas t\u00e9m\u00e9raire au point de refuser une proposition de sujet de la part de ma r\u00e9dactrice en chef, me voil\u00e0 en route pour \u00ab\u00a0un voyage interstellaire \u00e0 la recherche de la vie\u00a0\u00bb. Tout un programme que promet la nouvelle activit\u00e9 immersive <strong>L\u2019\u00c9cho de l\u2019univers<\/strong>, qui ouvrira le <strong>20 juin<\/strong>. <\/p>\n<p>Une demi-heure de plong\u00e9e dans l\u2019espace, sans passer par Elon Musk <\/p>\n<p>Sur place, <strong>une salle de 200 m2<\/strong> pour se pr\u00eater \u00e0 cette exp\u00e9rience. Une fois les premi\u00e8res indications donn\u00e9es, place \u00e0 ce moment suspendu, \u00e0 la recherche de la vie. Accompagn\u00e9 par Bella, une intelligence artificielle, Stella et Cyrus, on me transporte \u00e0 diff\u00e9rents confins de la galaxie. Irr\u00e9el. <\/p>\n<p>Loin d\u2019un jeu ou d\u2019un escape game, la demi-heure se vit davantage comme une exploration, <strong>un voyage visuel et culturel<\/strong>, pour en apprendre plus sur l\u2019immensit\u00e9 de l\u2019univers. <\/p>\n<p>Immersif, c\u2019est un peu d\u00e9boussol\u00e9 que je reviens au <strong>35 avenue de la Lib\u00e9ration \u00e0 Saint-\u00c9tienne<\/strong>, apr\u00e8s avoir eu la t\u00eate dans les \u00e9toiles. <\/p>\n<p> L\u2019\u00c9cho de l\u2019univers, un projet \u00e0 pr\u00e8s de 400 000 euros <\/p>\n<p>Pour m\u2019accueillir, les deux fondateurs d\u2019Idiscovr, Ramdane Igalouzene et Aimen Zerroug. Tous deux sont originaires d\u2019Alg\u00e9rie et apr\u00e8s avoir <strong>soutenu une th\u00e8se en doctorat<\/strong> (le premier en recherche en canc\u00e9rologie et en intelligence artificielle pour le second), l\u2019id\u00e9e d\u2019un projet commun est n\u00e9.<\/p>\n<p>Avec le savoir comme fil d\u2019Ariane de cette aventure : \u00ab\u00a0On veut transporter les gens dans des endroits inaccessibles, r\u00e9sume Ramdane Igalouzene. Le tout avec de la vulgarisation scientifique, car ce sujet nous tient \u00e0 c\u0153ur.\u00a0\u00bb<\/p>\n<p> <img decoding=\"async\" alt=\"\" class=\"img-size-limited\" data-zoomable=\"\" height=\"1500\" loading=\"lazy\" src=\"https:\/\/www.europesays.com\/fr\/wp-content\/uploads\/2025\/06\/whatsapp-image-2025-06-17-at-113738.jpg\" width=\"2000\"\/> \u00a9 Nahim Idir &#8211; Les deux fondateurs d\u2019Idiscovr, Ramdane Igalouzene et Aimen Zerroug. <\/p>\n<p><strong>Valid\u00e9 scientifiquement<\/strong> par le docteur Pierre Henriquet, l\u2019exp\u00e9rience propos\u00e9e est moins on\u00e9reuse qu\u2019un vrai voyage dans l\u2019espace, mais demande du budget : \u00ab\u00a0On est sur un projet \u00e0 pr\u00e8s de 400 000 euros. On a mis des fonds propres, mais on a \u00e9galement re\u00e7u des aides de partenaires financiers et des subventions de la part de la M\u00e9tropole de Saint-\u00c9tienne.\u00a0\u00bb <\/p>\n<p> D\u00e9j\u00e0 une centaine de pr\u00e9ventes <\/p>\n<p>Accessible <strong>\u00e0 partir de 8 ans<\/strong>, l\u2019\u00c9cho de l\u2019univers r\u00e9pond \u00e0 un march\u00e9 peu d\u00e9velopp\u00e9 dans la Loire. Preuve en est, les deux entrepreneurs ont d\u00e9j\u00e0 enregistr\u00e9 une <strong>centaine de pr\u00e9ventes<\/strong> pour une activit\u00e9 pouvant se faire en groupe. Le complexe permet d\u2019accueillir une dizaine de personnes en m\u00eame temps. <\/p>\n<p>Avec des casques de r\u00e9alit\u00e9 virtuelle, les possibilit\u00e9s sont infinies : \u00ab\u00a0On a commenc\u00e9 avec l\u2019espace car ce sujet parle \u00e0 tout le monde. Mais pour le futur si la mayonnaise prend bien, on peut imaginer d\u2019autres th\u00e9matiques et des ouvertures dans toute la France.\u00a0\u00bb <\/p>\n","protected":false},"excerpt":{"rendered":"Une grande premi\u00e8re. Pour Saint-\u00c9tienne comme pour moi, la r\u00e9alit\u00e9 virtuelle ne fait pas partie de mes habitudes.\u00a0Curieux&hellip;\n","protected":false},"author":2,"featured_media":187802,"comment_status":"","ping_status":"","sticky":false,"template":"","format":"standard","meta":{"footnotes":""},"categories":[9653],"tags":[1111,11,2430,1777,674,1011,27,1393,12,25,32555,4001,717],"class_list":{"0":"post-187801","1":"post","2":"type-post","3":"status-publish","4":"format-standard","5":"has-post-thumbnail","7":"category-saint-etienne","8":"tag-actu","9":"tag-actualites","10":"tag-auvergne-rhone-alpes","11":"tag-eu","12":"tag-europe","13":"tag-fr","14":"tag-france","15":"tag-loisirs","16":"tag-news","17":"tag-republique-francaise","18":"tag-ru00e9alitu00e9-virtuelle","19":"tag-saint-etienne","20":"tag-technologie"},"share_on_mastodon":{"url":"https:\/\/pubeurope.com\/@fr\/114708755626062065","error":""},"_links":{"self":[{"href":"https:\/\/www.europesays.com\/fr\/wp-json\/wp\/v2\/posts\/187801","targetHints":{"allow":["GET"]}}],"collection":[{"href":"https:\/\/www.europesays.com\/fr\/wp-json\/wp\/v2\/posts"}],"about":[{"href":"https:\/\/www.europesays.com\/fr\/wp-json\/wp\/v2\/types\/post"}],"author":[{"embeddable":true,"href":"https:\/\/www.europesays.com\/fr\/wp-json\/wp\/v2\/users\/2"}],"replies":[{"embeddable":true,"href":"https:\/\/www.europesays.com\/fr\/wp-json\/wp\/v2\/comments?post=187801"}],"version-history":[{"count":0,"href":"https:\/\/www.europesays.com\/fr\/wp-json\/wp\/v2\/posts\/187801\/revisions"}],"wp:featuredmedia":[{"embeddable":true,"href":"https:\/\/www.europesays.com\/fr\/wp-json\/wp\/v2\/media\/187802"}],"wp:attachment":[{"href":"https:\/\/www.europesays.com\/fr\/wp-json\/wp\/v2\/media?parent=187801"}],"wp:term":[{"taxonomy":"category","embeddable":true,"href":"https:\/\/www.europesays.com\/fr\/wp-json\/wp\/v2\/categories?post=187801"},{"taxonomy":"post_tag","embeddable":true,"href":"https:\/\/www.europesays.com\/fr\/wp-json\/wp\/v2\/tags?post=187801"}],"curies":[{"name":"wp","href":"https:\/\/api.w.org\/{rel}","templated":true}]}}