{"id":187813,"date":"2025-06-19T07:09:13","date_gmt":"2025-06-19T07:09:13","guid":{"rendered":"https:\/\/www.europesays.com\/fr\/187813\/"},"modified":"2025-06-19T07:09:13","modified_gmt":"2025-06-19T07:09:13","slug":"philippe-saurel-fait-un-pas-utiles-vers-les-municipales","status":"publish","type":"post","link":"https:\/\/www.europesays.com\/fr\/187813\/","title":{"rendered":"Philippe Saurel fait un pas \u00ab\u00a0UTILES\u00a0\u00bb vers les municipales"},"content":{"rendered":"<p>            Par<br \/>\n        <strong><br \/>\n            <a href=\"https:\/\/actu.fr\/auteur\/c-nithard\" title=\"Consulter tous les articles de C\u00e9dric Nithard\" rel=\"nofollow noopener\" target=\"_blank\">C\u00e9dric Nithard<\/a><br \/>\n        <\/strong><\/p>\n<p>        Publi\u00e9 le<\/p>\n<p>            19 juin 2025 \u00e0 8h14        <\/p>\n<p><strong>Philippe Saurel<\/strong> n\u2019a pas dit son dernier mot. Si sa r\u00e9flexion quant \u00e0 <strong>se pr\u00e9senter aux \u00e9lections municipales<\/strong> fait son chemin, <strong>l\u2019ancien maire de Montpellier<\/strong> se pr\u00e9pare. Dans cette optique, sans y avoir adh\u00e9r\u00e9, il a accept\u00e9 d\u2019\u00eatre <strong>chef de file du parti UTILES<\/strong> dans l\u2019H\u00e9rault et \u00e0 Montpellier. Explication avec le principal int\u00e9ress\u00e9 qui conc\u00e8de faire un pas vers les municipales. Mais dans quel sens ?<\/p>\n<p>Chef de file<\/p>\n<p class=\" wall-content\">\u00ab\u00a0La vie offre des rebondissements\u00a0\u00bb s\u2019amuse Philippe Saurel. Ceux qui l\u2019avaient cru enterr\u00e9 apr\u00e8s son \u00e9chec en 2020, ou qui ne suivent pas r\u00e9guli\u00e8rement les conseils municipaux et m\u00e9tropolitains o\u00f9 il retrouve depuis plusieurs mois une certaine vigueur, seront sans doute \u00e9tonn\u00e9s. Et pourtant, s\u2019il y a un domaine o\u00f9 il ne faut jurer de rien, c\u2019est bien la politique. L\u2019ancien maire de Montpellier le sait plus que personne. Quand, \u00e9cart\u00e9 du PS, beaucoup pronostiquaient sa d\u00e9faite \u00e9crasante en 2014, il est sorti des municipales avec une glorieuse victoire. Alors m\u00eame si elle n\u2019a pas \u00e9t\u00e9 confirm\u00e9e par une r\u00e9\u00e9lection, pourquoi ne pas tenter l\u2019aventure cette fois sous la forme transpartisane ?<\/p>\n<p class=\" wall-content\">\n<p class=\" wall-content\">Le 14 juin dernier, le parti UTILES, \u00e9manation du groupe parlementaire LIOT cr\u00e9\u00e9e en avril 2023 sous forme d\u2019association, organisait \u00e0 Paris une convention sur les villes de demain \u00e0 laquelle Philippe Saurel a \u00e9t\u00e9 invit\u00e9 \u00e0 d\u00e9velopper son analyse expos\u00e9e dans son livre R\u00e9parer la R\u00e9publique. Un ouvrage qui, dix ans apr\u00e8s sa sortie, m\u00e9rite d\u2019\u00eatre relu et pourquoi pas mis \u00e0 jour au vu des \u00e9v\u00e9nements d\u00e9roul\u00e9s ces derni\u00e8res ann\u00e9es. Une convention qui a \u00e9galement \u00e9t\u00e9 l\u2019occasion pour le parti, pr\u00e9sid\u00e9 par Bertrand Pancher, de pr\u00e9parer les \u00e9lections municipales et d\u00e9signer des chefs de file dans diff\u00e9rentes villes afin de le repr\u00e9senter. Ce qui a \u00e9t\u00e9 propos\u00e9 \u00e0 Philippe Saurel qui pr\u00e9cise : \u00ab Je ne suis adh\u00e9rent \u00e0 rien. Je suis en dehors de toute adh\u00e9sion et de tout parti politique \u00bb.<\/p>\n<p>    <a href=\"https:\/\/www.google.com\/maps\/embed?pb=!1m18!1m12!1m3!1d2889.3811990578774!2d3.894402211308459!3d43.5986039709843!2m3!1f0!2f0!3f0!3m2!1i1024!2i768!4f13.1!3m3!1m2!1s0x12b6ae016ee41ecf%3A0x43ad717412e05b44!2sH%C3%B4tel%20de%20Ville%20de%20Montpellier!5e0!3m2!1sfr!2sfr!4v1750345912355!5m2!1sfr!2sfr\" title=\"Ouvrie le lien\" rel=\"nofollow noopener\" target=\"_blank\">Cliquez ici pour visualiser le contenu<\/a><\/p>\n<p>\u00ab\u00a0Ce sont des mots qui me parlent\u00a0\u00bb<\/p>\n<p class=\" wall-content\">Alors lui qui revendique justement \u00eatre sorti des partis, qu\u2019est ce qui lui a plu chez ces personnalit\u00e9s regroup\u00e9es sous les termes Ultra-marins, Territoires, Ind\u00e9pendants, Libert\u00e9, \u00c9cologie et Solidarit\u00e9 ? \u00ab Ce sont des mots qui me parlent. C\u2019est un mouvement tr\u00e8s permissif puisqu\u2019il a des personnes de diff\u00e9rentes sensibilit\u00e9s \u00bb. Ainsi, comme on a pu le voir \u00e0 plusieurs reprises \u00e0 l\u2019Assembl\u00e9e nationale, le groupe LIOT semble \u00e9chapper \u00e0 la logique des partis. \u00abEt il a une autre qualit\u00e9 extraordinaire avec Charles de Courson, c\u2019est la volont\u00e9 de restaurer des finances saines au niveau de l\u2019\u00c9tat dont il est d\u2019ailleurs charg\u00e9 en tant que rapporteur g\u00e9n\u00e9ral de la commission des finances \u00e0 l\u2019Assembl\u00e9e nationale \u00bb. Une question financi\u00e8re qui n\u2019est pas \u00e9trang\u00e8re \u00e0 Philippe Saurel en contradiction sur ce point avec Micha\u00ebl Delafosse quant \u00e0 l\u2019usage de la dette par les collectivit\u00e9s.<\/p>\n<p>Vid\u00e9os : en ce moment sur Actu<\/p>\n<p class=\" wall-content\">Autant d\u2019atouts chez UTILES qui ferait replonger Philippe Saurel dans un parti ? \u00ab \u00catre dans une structure transpartisane pourquoi pas, pour l\u2019instant ce n\u2019est pas le cas. Mais ce que propose UTILES va dans ce sens plus qu\u2019un parti dogmatique. Revenir dans un parti oui mais sans parti pris (rires). Vous voyez bien que ce n\u2019est pas possible. Les partis d\u00e9veloppent des id\u00e9es qui sont quelques fois contraires \u00e0 l\u2019int\u00e9r\u00eat du peuple. Cela ne m\u2019int\u00e9resse pas \u00bb. Reste que, si l\u2019aventure sans le PS a \u00e9t\u00e9 victorieuse, les exp\u00e9riences aux r\u00e9gionales 2015 et aux l\u00e9gislatives 2022, sans faire de campagnes on\u00e9reuses, auraient pu lui co\u00fbter cher avec la difficult\u00e9 \u00e0 trouver une banque qui accepte de lui faire un pr\u00eat en l\u2019absence d\u2019une structure politique derri\u00e8re en soutien. \u00ab Cela veut dire aussi que la politique n\u2019est pas ouverte \u00e0 tout le monde \u00bb, observe-t-il.<\/p>\n<p>\u00ab\u00a0Un joli mot pour faire de la politique\u00a0\u00bb<\/p>\n<p class=\" wall-content\">Que personne ne s\u2019emballe encore toutefois. Chef de file ne veut n\u00e9anmoins pas dire t\u00eate de liste. \u00ab Les discussions pour les municipales ne sont pas encore enclench\u00e9es. Il faut d\u2019abord que je d\u00e9cide d\u2019\u00eatre candidat. J\u2019en parlerai quand je reviendrai de Gr\u00e8ce fin septembre \u00bb, rappelle-t-il. Pour l\u2019heure, son r\u00f4le sera donc de fonder avant juillet un comit\u00e9 UTILES dans l\u2019H\u00e9rault et Montpellier. \u00ab Cela m\u2019int\u00e9resse car c\u2019est un mouvement transpartisan, qui regroupe tous les territoires de la R\u00e9publique m\u00eame les plus \u00e9loign\u00e9s \u00bb et de pr\u00e9ciser \u00ab Je ne le fais pas pour que les gens me rejoignent. C\u2019est un mouvement int\u00e9ressant surtout dans une p\u00e9riode assez troubl\u00e9e. C\u2019est un mouvement pragmatique qui s\u2019attache aux territoires et portent les valeurs \u00e9nonc\u00e9es dans son nom. Et je trouve que \u00ab utile \u00bb est un joli mot pour faire de la politique \u00bb.<\/p>\n<p class=\" wall-content\">\n<p class=\" wall-content\">Un mot dont il confie avoir pos\u00e9 son int\u00e9r\u00eat avec la cr\u00e9ation de l\u2019association par le groupe parlementaire LIOT : \u00ab Je trouvais que c\u2019\u00e9tait bien de remettre ce terme au coeur de la politique. Quand on se tourne \u00e0 gauche ou \u00e0 droite, on voit beaucoup de choses que les citoyens d\u00e9testent. Je soigne 25 personnes par jour depuis bient\u00f4t six ans, j\u2019\u00e9coute ce que les gens disent. Ils en sont aujourd\u2019hui \u00e0 atteindre leur poste de t\u00e9l\u00e9vision. Peut-\u00eatre faut-il revenir \u00e0 ce que Fran\u00e7ois Hollande avait nomm\u00e9 le socialisme municipal ? C\u2019est \u00e0 dire le pragmatisme, ce que finalement nous avons fait en 2014 quand nous avons \u00e9t\u00e9 \u00e9lus en dehors des partis politiques, juste pour les citoyens \u00bb. Sans dire qu\u2019il milite pour lui-m\u00eame, Philippe Saurel entend \u00ab faire exister le groupe UTILES et cette fa\u00e7on de penser au niveau h\u00e9raultais. Pour l\u2019instant et pas plus loin. UTILES une petite porte diff\u00e9rente \u00bb. <br \/>Une porte qui permettrait en faisant un pas pour la franchir de se diriger vers les municipales ? \u00ab Oui \u00bb, glisse-t-il dans un grand \u00e9clat de rire conscient de sauver le titre de cet article. \u00ab La vie offre des rebondissements \u00bb, nous disait -il. Ces municipales aussi.<\/p>\n<p class=\" wall-content\">Suivez toute l\u2019actualit\u00e9 de vos villes et m\u00e9dias favoris en vous inscrivant \u00e0 <a href=\"https:\/\/moncompte.actu.fr\" title=\"D\u00e9couvez Mon Actu\" rel=\"nofollow noopener\" data-trk=\"{&quot;cta&quot;:{&quot;action&quot;:&quot;https:\\\/\\\/moncompte.actu.fr&quot;,&quot;category&quot;:&quot;mon compte&quot;,&quot;from&quot;:&quot;article footer&quot;,&quot;name&quot;:&quot;Mon actu&quot;,&quot;type&quot;:&quot;cta&quot;}}\" target=\"_blank\">Mon Actu<\/a>.<\/p>\n","protected":false},"excerpt":{"rendered":"Par C\u00e9dric Nithard Publi\u00e9 le 19 juin 2025 \u00e0 8h14 Philippe Saurel n\u2019a pas dit son dernier mot.&hellip;\n","protected":false},"author":2,"featured_media":187814,"comment_status":"","ping_status":"","sticky":false,"template":"","format":"standard","meta":{"footnotes":""},"categories":[9599],"tags":[1111,11,1777,674,1011,27,2208,3434,12,2680,316,25],"class_list":{"0":"post-187813","1":"post","2":"type-post","3":"status-publish","4":"format-standard","5":"has-post-thumbnail","7":"category-montpellier","8":"tag-actu","9":"tag-actualites","10":"tag-eu","11":"tag-europe","12":"tag-fr","13":"tag-france","14":"tag-montpellier","15":"tag-municipales-2026","16":"tag-news","17":"tag-occitanie","18":"tag-politique","19":"tag-republique-francaise"},"share_on_mastodon":{"url":"https:\/\/pubeurope.com\/@fr\/114708779087104670","error":""},"_links":{"self":[{"href":"https:\/\/www.europesays.com\/fr\/wp-json\/wp\/v2\/posts\/187813","targetHints":{"allow":["GET"]}}],"collection":[{"href":"https:\/\/www.europesays.com\/fr\/wp-json\/wp\/v2\/posts"}],"about":[{"href":"https:\/\/www.europesays.com\/fr\/wp-json\/wp\/v2\/types\/post"}],"author":[{"embeddable":true,"href":"https:\/\/www.europesays.com\/fr\/wp-json\/wp\/v2\/users\/2"}],"replies":[{"embeddable":true,"href":"https:\/\/www.europesays.com\/fr\/wp-json\/wp\/v2\/comments?post=187813"}],"version-history":[{"count":0,"href":"https:\/\/www.europesays.com\/fr\/wp-json\/wp\/v2\/posts\/187813\/revisions"}],"wp:featuredmedia":[{"embeddable":true,"href":"https:\/\/www.europesays.com\/fr\/wp-json\/wp\/v2\/media\/187814"}],"wp:attachment":[{"href":"https:\/\/www.europesays.com\/fr\/wp-json\/wp\/v2\/media?parent=187813"}],"wp:term":[{"taxonomy":"category","embeddable":true,"href":"https:\/\/www.europesays.com\/fr\/wp-json\/wp\/v2\/categories?post=187813"},{"taxonomy":"post_tag","embeddable":true,"href":"https:\/\/www.europesays.com\/fr\/wp-json\/wp\/v2\/tags?post=187813"}],"curies":[{"name":"wp","href":"https:\/\/api.w.org\/{rel}","templated":true}]}}