{"id":187831,"date":"2025-06-19T07:18:09","date_gmt":"2025-06-19T07:18:09","guid":{"rendered":"https:\/\/www.europesays.com\/fr\/187831\/"},"modified":"2025-06-19T07:18:09","modified_gmt":"2025-06-19T07:18:09","slug":"batonnat-de-grasse-maitres-bensa-troin-et-nain-doyennette-lemportent","status":"publish","type":"post","link":"https:\/\/www.europesays.com\/fr\/187831\/","title":{"rendered":"B\u00e2tonnat de Grasse : Ma\u00eetres Bensa Troin et Nain Doyennette l\u2019emportent"},"content":{"rendered":"<p>                    <img loading=\"lazy\" decoding=\"async\" src=\"https:\/\/www.europesays.com\/fr\/wp-content\/uploads\/2025\/06\/25a9926bc1487a7dd7d46058ea9b79.jpg\" class=\"img-responsive post-image\" width=\"680\" height=\"510\" alt=\"B\u00e2tonnat de Grasse : (\u2026)\" title=\"B\u00e2tonnat de Grasse : Ma\u00eetres Bensa Troin et Nain Doyennette l'emportent\"\/><\/p>\n<p class=\"chapo\">Au 1er janvier 2026, le barreau de Grasse aura \u00e0 sa t\u00eate, pour la premi\u00e8re fois, un bin\u00f4me\u00a0: Florence Bensa Troin assumera les fonctions de b\u00e2tonnier et Roselyne Nain Doyennette celles de vice-b\u00e2tonnier. Elles ont remport\u00e9 les \u00e9lections mercredi 18 juin avec 311 voix, contre 227 obtenues par Nathalie Daon et Rita Massad.<\/p>\n<p>Elles avaient toutes les quatre mis en avant la charge de travail croissante pour justifier leur choix d\u2019une double candidature pour succ\u00e9der \u00e0 <strong>Franck Gambini.<\/strong><br class=\"texte\"\/><br \/>\n\u00ab\u00a0C\u2019est une nouveaut\u00e9 pour le barreau de Grasse et cela illustre une vraie prise de conscience de l\u2019importance de la charge de travail du b\u00e2tonnier\u00a0\u00bb, avait confi\u00e9 Me Bensa Troin dans <a href=\"https:\/\/www.petitesaffiches.fr\/actualites,069\/droit,044\/election-des-batonniers-barreau-de,35484.html\" rel=\"nofollow noopener\" target=\"_blank\">un entretien accord\u00e9 aux Petites Affiches<\/a> peu de temps avant l\u2019\u00e9lection. \u00ab\u00a0Roselyne et moi avons toutes les deux des cabinets, nous savons ce qu\u2019est l\u2019exercice de la profession, notamment les difficult\u00e9s de gestion d\u2019un cabinet.\u00a0\u00bb \u00ab\u00a0 \u00c0 deux nous pourrons assumer toutes ces fonctions et \u00eatre omnipr\u00e9sentes\u00a0\u00bb, avait compl\u00e9t\u00e9 Me Nain Doyennette.<\/p>\n<p>Florence Bensa Troin, inscrite au barreau de Grasse depuis 25 ans, a r\u00e9alis\u00e9 deux mandats au conseil de l\u2019Ordre et deux mandats \u00e0 la CARPA. Roselyne Nain-Doyennette a effectu\u00e9 deux mandats \u00e0 la D\u00e9fense p\u00e9nale assist\u00e9e et un mandat au conseil de l\u2019Ordre.<br class=\"autobr\"\/><br \/>\nElles avaient indiqu\u00e9 dans leur profession de foi que leurs actions seraient principalement tourn\u00e9es vers la formation, l\u2019intelligence artificielle, la protection du p\u00e9rim\u00e8tre du droit ou encore la promotion des modes amiables.<br class=\"autobr\"\/><br \/>\n\u00ab\u00a0L\u2019essentiel de notre programme tourne autour de la qualit\u00e9 du service offert aux confr\u00e8res, notamment par des formations qualitatives dans les mati\u00e8res classiques mais \u00e9galement sur des sujets d\u2019actualit\u00e9 comme l\u2019intelligence artificielle. Il faut qu\u2019on en fasse un instrument de comp\u00e9titivit\u00e9 qui soit \u00e0 notre service\u00a0\u00bb, avait expliqu\u00e9 Me Bensa Troin aux Petites Affiches.<\/p>\n","protected":false},"excerpt":{"rendered":"Au 1er janvier 2026, le barreau de Grasse aura \u00e0 sa t\u00eate, pour la premi\u00e8re fois, un bin\u00f4me\u00a0:&hellip;\n","protected":false},"author":2,"featured_media":187832,"comment_status":"","ping_status":"","sticky":false,"template":"","format":"standard","meta":{"footnotes":""},"categories":[2819],"tags":[1111,11,2408,1777,674,1011,27,12,2401,882,25],"class_list":{"0":"post-187831","1":"post","2":"type-post","3":"status-publish","4":"format-standard","5":"has-post-thumbnail","7":"category-nice","8":"tag-actu","9":"tag-actualites","10":"tag-appels-d","11":"tag-eu","12":"tag-europe","13":"tag-fr","14":"tag-france","15":"tag-news","16":"tag-nice","17":"tag-provence-alpes-cote-dazur","18":"tag-republique-francaise"},"share_on_mastodon":{"url":"https:\/\/pubeurope.com\/@fr\/114708814481018627","error":""},"_links":{"self":[{"href":"https:\/\/www.europesays.com\/fr\/wp-json\/wp\/v2\/posts\/187831","targetHints":{"allow":["GET"]}}],"collection":[{"href":"https:\/\/www.europesays.com\/fr\/wp-json\/wp\/v2\/posts"}],"about":[{"href":"https:\/\/www.europesays.com\/fr\/wp-json\/wp\/v2\/types\/post"}],"author":[{"embeddable":true,"href":"https:\/\/www.europesays.com\/fr\/wp-json\/wp\/v2\/users\/2"}],"replies":[{"embeddable":true,"href":"https:\/\/www.europesays.com\/fr\/wp-json\/wp\/v2\/comments?post=187831"}],"version-history":[{"count":0,"href":"https:\/\/www.europesays.com\/fr\/wp-json\/wp\/v2\/posts\/187831\/revisions"}],"wp:featuredmedia":[{"embeddable":true,"href":"https:\/\/www.europesays.com\/fr\/wp-json\/wp\/v2\/media\/187832"}],"wp:attachment":[{"href":"https:\/\/www.europesays.com\/fr\/wp-json\/wp\/v2\/media?parent=187831"}],"wp:term":[{"taxonomy":"category","embeddable":true,"href":"https:\/\/www.europesays.com\/fr\/wp-json\/wp\/v2\/categories?post=187831"},{"taxonomy":"post_tag","embeddable":true,"href":"https:\/\/www.europesays.com\/fr\/wp-json\/wp\/v2\/tags?post=187831"}],"curies":[{"name":"wp","href":"https:\/\/api.w.org\/{rel}","templated":true}]}}