{"id":187837,"date":"2025-06-19T07:21:10","date_gmt":"2025-06-19T07:21:10","guid":{"rendered":"https:\/\/www.europesays.com\/fr\/187837\/"},"modified":"2025-06-19T07:21:10","modified_gmt":"2025-06-19T07:21:10","slug":"ligue-2-mercato-un-milieu-du-fc-nantes-sur-le-point-de-debarquer-en-seconde-division","status":"publish","type":"post","link":"https:\/\/www.europesays.com\/fr\/187837\/","title":{"rendered":"Ligue 2 &#8211; Mercato : un milieu du FC Nantes sur le point de d\u00e9barquer en seconde division ?"},"content":{"rendered":"<p style=\"text-align: justify;\">\u00c0 20 ans, <strong>Malang Gomes<\/strong> a progressivement fait son trou avec les cat\u00e9gories jeunes puis la r\u00e9serve du <strong>FC Nantes<\/strong>. Milieu de terrain d\u00e9fensif, il a notamment port\u00e9 le brassard en Youth League en U19 et sort d\u2019une saison aboutie en National 3 o\u00f9 il a disput\u00e9 24 matchs pour 5 buts inscrits et 2 passes d\u00e9cisives d\u00e9livr\u00e9es. Assez, semble-t-il, pour convaincre les dirigeants des Canaris de le pr\u00eater afin qu\u2019il puisse poursuivre son apprentissage en d\u00e9couvrant la <strong>Ligue 2<\/strong>.<\/p>\n<p>\u00c0 lire aussi &gt;&gt;\u00a0<a href=\"https:\/\/maligue2.fr\/2025\/06\/18\/ligue-2-mercato-le-sc-bastia-et-le-pau-fc-officialisent-deux-signatures\/\" rel=\"nofollow noopener\" target=\"_blank\">Ligue 2 \u2013 Mercato : le SC Bastia et le Pau FC officialisent deux signatures<\/a><\/p>\n<p style=\"text-align: justify;\">En effet, nos confr\u00e8res de <a href=\"https:\/\/www.ouest-france.fr\/sport\/football\/fc-nantes\/info-ouest-france-le-fc-nantes-va-preter-malang-gomes-au-mans-fc-6a8a174a-4c7f-11f0-a713-daeef56bef5e\" rel=\"nofollow noopener\" target=\"_blank\">Ouest-France<\/a> indiquent qu\u2019un club qui vient d\u2019effectuer son retour dans le monde professionnel<strong>\u00a0<\/strong>serait sur le point de s\u2019attacher ses services pour la saison \u00e0 venir. D\u00e9sireux de continuer \u00e0 \u00e9toffer son milieu de terrain, notamment suite au d\u00e9part de son joyau, Gabin Beunardeau, <strong>le Mans FC<\/strong> s\u2019appr\u00eaterait \u00e0 enr\u00f4ler Gomes.<\/p>\n<p style=\"text-align: justify;\">Les Sang et Or ont d\u2019ores et d\u00e9j\u00e0 officialis\u00e9 l\u2019arriv\u00e9e de <a href=\"https:\/\/maligue2.fr\/2025\/06\/07\/le-mans-fc-sur-le-point-de-doubler-une-autre-ecurie-de-l2-pour-un-milieu-de-terrain-de-lus-boulogne\/\" rel=\"nofollow noopener\" target=\"_blank\">Jean Vercruysse<\/a> en provenance de l\u2019US Boulogne, et ils pourraient donc continuer \u00e0 renforcer leur entrejeu avec l\u2019un des \u00e9l\u00e9ments prometteurs de la Joneli\u00e8re.<\/p>\n<p>Photo by Philippe Le Brech\/Icon Sport<\/p>\n","protected":false},"excerpt":{"rendered":"\u00c0 20 ans, Malang Gomes a progressivement fait son trou avec les cat\u00e9gories jeunes puis la r\u00e9serve du&hellip;\n","protected":false},"author":2,"featured_media":187838,"comment_status":"","ping_status":"","sticky":false,"template":"","format":"standard","meta":{"footnotes":""},"categories":[2818],"tags":[1111,11,1777,674,1011,27,2191,766,12,2636,25],"class_list":{"0":"post-187837","1":"post","2":"type-post","3":"status-publish","4":"format-standard","5":"has-post-thumbnail","7":"category-nantes","8":"tag-actu","9":"tag-actualites","10":"tag-eu","11":"tag-europe","12":"tag-fr","13":"tag-france","14":"tag-le-mans","15":"tag-nantes","16":"tag-news","17":"tag-pays-de-la-loire","18":"tag-republique-francaise"},"share_on_mastodon":{"url":"https:\/\/pubeurope.com\/@fr\/114708826643892454","error":""},"_links":{"self":[{"href":"https:\/\/www.europesays.com\/fr\/wp-json\/wp\/v2\/posts\/187837","targetHints":{"allow":["GET"]}}],"collection":[{"href":"https:\/\/www.europesays.com\/fr\/wp-json\/wp\/v2\/posts"}],"about":[{"href":"https:\/\/www.europesays.com\/fr\/wp-json\/wp\/v2\/types\/post"}],"author":[{"embeddable":true,"href":"https:\/\/www.europesays.com\/fr\/wp-json\/wp\/v2\/users\/2"}],"replies":[{"embeddable":true,"href":"https:\/\/www.europesays.com\/fr\/wp-json\/wp\/v2\/comments?post=187837"}],"version-history":[{"count":0,"href":"https:\/\/www.europesays.com\/fr\/wp-json\/wp\/v2\/posts\/187837\/revisions"}],"wp:featuredmedia":[{"embeddable":true,"href":"https:\/\/www.europesays.com\/fr\/wp-json\/wp\/v2\/media\/187838"}],"wp:attachment":[{"href":"https:\/\/www.europesays.com\/fr\/wp-json\/wp\/v2\/media?parent=187837"}],"wp:term":[{"taxonomy":"category","embeddable":true,"href":"https:\/\/www.europesays.com\/fr\/wp-json\/wp\/v2\/categories?post=187837"},{"taxonomy":"post_tag","embeddable":true,"href":"https:\/\/www.europesays.com\/fr\/wp-json\/wp\/v2\/tags?post=187837"}],"curies":[{"name":"wp","href":"https:\/\/api.w.org\/{rel}","templated":true}]}}