{"id":187841,"date":"2025-06-19T07:23:11","date_gmt":"2025-06-19T07:23:11","guid":{"rendered":"https:\/\/www.europesays.com\/fr\/187841\/"},"modified":"2025-06-19T07:23:11","modified_gmt":"2025-06-19T07:23:11","slug":"mercato-un-ancien-espoir-des-girondins-de-bordeaux-quitte-dinan-lehon-pour-la-regional-2","status":"publish","type":"post","link":"https:\/\/www.europesays.com\/fr\/187841\/","title":{"rendered":"Mercato : un ancien espoir des Girondins de Bordeaux quitte Dinan L\u00e9hon pour la R\u00e9gional 2"},"content":{"rendered":"<p><img decoding=\"async\" src=\"https:\/\/www.europesays.com\/fr\/wp-content\/uploads\/2025\/06\/671_63686624438be36aeb0b3ce850f38e67.jpg\" alt=\"Mercato : un ancien espoir des Girondins de Bordeaux quitte Dinan L\u00e9hon pour la R\u00e9gional 2\" class=\"img-responsive mt-3\"\/><\/p>\n<p class=\"text-center mb-3\" style=\"font-size: 14px\">\u00a9 Iconsport<\/p>\n<p><strong>11 d\u00e9parts d\u2019un coup<\/strong><\/p>\n<p style=\"text-align: justify;\">Apr\u00e8s son <a href=\"https:\/\/www.webgirondins.com\/actualite-girondins-dncg-deux-clubs-dans-le-groupe-des-girondins-valident-leur-budget-129466\" target=\"_blank\" rel=\"noopener\">passage r\u00e9ussi devant la DNCG<\/a>, Dinan L\u00e9hon, club des C\u00f4tes-d\u2019Armor, annonce sur ses r\u00e9seaux sociaux se s\u00e9parer de onze de ses joueurs. Parmi eux, Sofian Valla, ancien pensionnaire de la r\u00e9serve bordelaise. Le natif de Villeneuve-Saint-Georges est arriv\u00e9 aux Girondins en 2013 avant de rejoindre le Stade Bordelais en 2017. Cependant, il n\u2019a jamais pris part \u00e0 une rencontre avec l\u2019\u00e9quipe premi\u00e8re.<\/p>\n<p><strong>Nouveau championnat<\/strong><\/p>\n<p style=\"text-align: justify;\">\u00c2g\u00e9 de 31 ans, Sofian Valla se lance un nouveau challenge en rejoignant le championnat de R\u00e9gional 2, et plus pr\u00e9cis\u00e9ment le FC Dinard. Le club breton a boucl\u00e9 le dernier exercice \u00e0 la troisi\u00e8me place de son groupe.<\/p>\n<p style=\"text-align: justify;\"><img decoding=\"async\" src=\"https:\/\/www.europesays.com\/fr\/wp-content\/uploads\/2025\/06\/valla dinard.PNG\" alt=\"valla dinard.PNG (430 KB)\" style=\"width:700px;max-width:100%;\"\/><\/p>\n<p style=\"text-align: justify;\">\u00a0<\/p>\n<p style=\"text-align: justify;\">\u00c0 lire &gt;&gt; <strong><a href=\"https:\/\/www.webgirondins.com\/actualite-girondins-girondins-bixente-lizarazu-il-nous-donnait-envie-d-evoluer-un-jour-dans-cette-equipe-129467\" target=\"_blank\" rel=\"noopener\">Girondins. Bixente Lizarazu : \u201cIl nous donnait envie d&rsquo;\u00e9voluer un jour dans cette \u00e9quipe\u201d<\/a><\/strong><\/p>\n<p>Notre podcast court :<\/p>\n<p style=\"text-align: justify;\">\u00a0<\/p>\n<p>\u00a0<\/p>\n<p>R\u00e9\u00e9dition article du 18 juin 2025.<\/p>\n<p>\u00a0<\/p>\n","protected":false},"excerpt":{"rendered":"\u00a9 Iconsport 11 d\u00e9parts d\u2019un coup Apr\u00e8s son passage r\u00e9ussi devant la DNCG, Dinan L\u00e9hon, club des C\u00f4tes-d\u2019Armor,&hellip;\n","protected":false},"author":2,"featured_media":187842,"comment_status":"","ping_status":"","sticky":false,"template":"","format":"standard","meta":{"footnotes":""},"categories":[2817],"tags":[1111,11,4255,1997,12103,3335,5244,25373,1446,3472,7236,1777,674,1119,1011,27,1987,32559,3473,1434,12,4565,2219,471,19080,16,14190,25,32560,1810,32561],"class_list":{"0":"post-187841","1":"post","2":"type-post","3":"status-publish","4":"format-standard","5":"has-post-thumbnail","7":"category-bordeaux","8":"tag-actu","9":"tag-actualites","10":"tag-ancien","11":"tag-bordeaux","12":"tag-bretonne","13":"tag-centre","14":"tag-club","15":"tag-connaitre","16":"tag-dans","17":"tag-dinan","18":"tag-espoir","19":"tag-eu","20":"tag-europe","21":"tag-formation","22":"tag-fr","23":"tag-france","24":"tag-girondins","25":"tag-issu","26":"tag-lehon","27":"tag-mercato","28":"tag-news","29":"tag-nouveau","30":"tag-nouvelle-aquitaine","31":"tag-pour","32":"tag-quitte","33":"tag-region","34":"tag-regional","35":"tag-republique-francaise","36":"tag-sofian","37":"tag-toujours","38":"tag-valla"},"share_on_mastodon":{"url":"https:\/\/pubeurope.com\/@fr\/114708834485347382","error":""},"_links":{"self":[{"href":"https:\/\/www.europesays.com\/fr\/wp-json\/wp\/v2\/posts\/187841","targetHints":{"allow":["GET"]}}],"collection":[{"href":"https:\/\/www.europesays.com\/fr\/wp-json\/wp\/v2\/posts"}],"about":[{"href":"https:\/\/www.europesays.com\/fr\/wp-json\/wp\/v2\/types\/post"}],"author":[{"embeddable":true,"href":"https:\/\/www.europesays.com\/fr\/wp-json\/wp\/v2\/users\/2"}],"replies":[{"embeddable":true,"href":"https:\/\/www.europesays.com\/fr\/wp-json\/wp\/v2\/comments?post=187841"}],"version-history":[{"count":0,"href":"https:\/\/www.europesays.com\/fr\/wp-json\/wp\/v2\/posts\/187841\/revisions"}],"wp:featuredmedia":[{"embeddable":true,"href":"https:\/\/www.europesays.com\/fr\/wp-json\/wp\/v2\/media\/187842"}],"wp:attachment":[{"href":"https:\/\/www.europesays.com\/fr\/wp-json\/wp\/v2\/media?parent=187841"}],"wp:term":[{"taxonomy":"category","embeddable":true,"href":"https:\/\/www.europesays.com\/fr\/wp-json\/wp\/v2\/categories?post=187841"},{"taxonomy":"post_tag","embeddable":true,"href":"https:\/\/www.europesays.com\/fr\/wp-json\/wp\/v2\/tags?post=187841"}],"curies":[{"name":"wp","href":"https:\/\/api.w.org\/{rel}","templated":true}]}}