{"id":187850,"date":"2025-06-19T07:29:10","date_gmt":"2025-06-19T07:29:10","guid":{"rendered":"https:\/\/www.europesays.com\/fr\/187850\/"},"modified":"2025-06-19T07:29:10","modified_gmt":"2025-06-19T07:29:10","slug":"un-milliard-de-streams-un-nouvel-album-un-concert-a-marseille-le-phenomene-yann-muller-semble-inarretable","status":"publish","type":"post","link":"https:\/\/www.europesays.com\/fr\/187850\/","title":{"rendered":"\u00ab\u00a0Un milliard de streams\u00a0\u00bb, un nouvel album, un concert \u00e0 Marseille, le ph\u00e9nom\u00e8ne Yann Muller semble inarr\u00eatable"},"content":{"rendered":"<p><a href=\"https:\/\/www.laprovence.com\/article\/sortie-loisirs\/36398514040839\/ambiance-survoltee-sur-lesplanade-charles-de-gaulle-pour-lancer-lete-a-istres\" target=\"_blank\" rel=\"noopener\">Yann Muller<\/a> c\u2019est d\u2019abord une signature visuelle. Un chapeau et un sourire franc qui ne le l\u00e2chent pas. DJ-producteur solaire, il a b\u00e2ti sa renomm\u00e9e en revisitant les classiques de mani\u00e8re moderne. Avec ses tenues embl\u00e9matiques et ses sets adaptatifs, \u00ab\u00a0le DJ au milliard de streams\u00a0\u00bb, comme on le pr\u00e9sente, incarne une tendance forte de la sc\u00e8ne \u00e9lectro-pop fran\u00e7aise. Mercredi 18\u00a0juin, le Ni\u00e7ois a sorti son nouvel album Madeleine. \u00ab\u00a0C\u2019est bien plus qu\u2019un simple album, c\u2019est un hommage \u00e0 la chanson fran\u00e7aise et aux souvenirs d\u2019enfance, les m\u00e9lodies \u00e9cout\u00e9es en voiture, \u00e0 la maison ou en vacances avec ses parents et amis\u00a0\u00bb, confie le DJ, rencontr\u00e9 lors de son passage au Sofitel de Marseille. Le titre fait r\u00e9f\u00e9rence \u00e0 la c\u00e9l\u00e8bre madeleine de Proust, symbole des souvenirs nostalgiques.<\/p>\n<p>\u00ab\u00a0Ma musique touche toutes les g\u00e9n\u00e9rations\u00a0\u00bb<\/p>\n<p>N\u00e9 \u00e0 Nice, c\u2019est \u00e0 Saint-Tropez, et au restaurant Le Caf\u00e9, sur la c\u00e9l\u00e8bre place des Lices, qu\u2019il se fait remarquer. \u00ab\u00a0Je fais de la vari\u00e9t\u00e9 fran\u00e7aise avec une touche \u00e9lectro dessus. Mes soir\u00e9es sont vraiment un concert o\u00f9 le public vient chanter, danser, sur des morceaux qu\u2019il conna\u00eet\u00a0\u00bb, poursuit-il. \u00ab\u00a0Ma musique touche toutes les g\u00e9n\u00e9rations. C\u2019est pour \u00e7a que c\u2019est tr\u00e8s facile pour moi de procurer des \u00e9motions.\u00a0\u00bb Sur sc\u00e8ne, l\u2019intention est \u00ab\u00a0de cr\u00e9er un souvenir\u00a0\u00bb.<\/p>\n","protected":false},"excerpt":{"rendered":"Yann Muller c\u2019est d\u2019abord une signature visuelle. Un chapeau et un sourire franc qui ne le l\u00e2chent pas.&hellip;\n","protected":false},"author":2,"featured_media":187851,"comment_status":"","ping_status":"","sticky":false,"template":"","format":"standard","meta":{"footnotes":""},"categories":[2814],"tags":[17,1111,11,1692,1697,251,1777,674,1011,27,884,27194,12,10542,882,25,32562,9066],"class_list":{"0":"post-187850","1":"post","2":"type-post","3":"status-publish","4":"format-standard","5":"has-post-thumbnail","7":"category-marseille","8":"tag-17","9":"tag-actu","10":"tag-actualites","11":"tag-album","12":"tag-concert","13":"tag-culture","14":"tag-eu","15":"tag-europe","16":"tag-fr","17":"tag-france","18":"tag-marseille","19":"tag-milliard","20":"tag-news","21":"tag-nouvel","22":"tag-provence-alpes-cote-dazur","23":"tag-republique-francaise","24":"tag-streams","25":"tag-un"},"share_on_mastodon":{"url":"https:\/\/pubeurope.com\/@fr\/114708857694818589","error":""},"_links":{"self":[{"href":"https:\/\/www.europesays.com\/fr\/wp-json\/wp\/v2\/posts\/187850","targetHints":{"allow":["GET"]}}],"collection":[{"href":"https:\/\/www.europesays.com\/fr\/wp-json\/wp\/v2\/posts"}],"about":[{"href":"https:\/\/www.europesays.com\/fr\/wp-json\/wp\/v2\/types\/post"}],"author":[{"embeddable":true,"href":"https:\/\/www.europesays.com\/fr\/wp-json\/wp\/v2\/users\/2"}],"replies":[{"embeddable":true,"href":"https:\/\/www.europesays.com\/fr\/wp-json\/wp\/v2\/comments?post=187850"}],"version-history":[{"count":0,"href":"https:\/\/www.europesays.com\/fr\/wp-json\/wp\/v2\/posts\/187850\/revisions"}],"wp:featuredmedia":[{"embeddable":true,"href":"https:\/\/www.europesays.com\/fr\/wp-json\/wp\/v2\/media\/187851"}],"wp:attachment":[{"href":"https:\/\/www.europesays.com\/fr\/wp-json\/wp\/v2\/media?parent=187850"}],"wp:term":[{"taxonomy":"category","embeddable":true,"href":"https:\/\/www.europesays.com\/fr\/wp-json\/wp\/v2\/categories?post=187850"},{"taxonomy":"post_tag","embeddable":true,"href":"https:\/\/www.europesays.com\/fr\/wp-json\/wp\/v2\/tags?post=187850"}],"curies":[{"name":"wp","href":"https:\/\/api.w.org\/{rel}","templated":true}]}}