{"id":187852,"date":"2025-06-19T07:30:09","date_gmt":"2025-06-19T07:30:09","guid":{"rendered":"https:\/\/www.europesays.com\/fr\/187852\/"},"modified":"2025-06-19T07:30:09","modified_gmt":"2025-06-19T07:30:09","slug":"droit-de-reponse-de-grandlyon-habitat","status":"publish","type":"post","link":"https:\/\/www.europesays.com\/fr\/187852\/","title":{"rendered":"Droit de r\u00e9ponse de GrandLyon Habitat"},"content":{"rendered":"<p>Monsieur le Directeur de la publication,<\/p>\n<p>L\u2019article publi\u00e9 le mercredi 18 juin 2025 sur le site de Lyon Mag, sous le titre pr\u00e9cit\u00e9, met gravement en cause GrandLyon Habitat en laissant entendre que notre organisme aurait financ\u00e9 et valid\u00e9 une fresque \u00e0 caract\u00e8re islamiste sur un immeuble de son patrimoine \u00e0 V\u00e9nissieux. Ce titre, ainsi que certains propos de l\u2019article, sont inexacts et de nature \u00e0 induire en erreur les lecteurs.<\/p>\n<p>Conform\u00e9ment \u00e0 l\u2019article 13 de la loi du 29 juillet 1881 sur la libert\u00e9 de la presse, GrandLyon Habitat vous demande de publier le pr\u00e9sent droit de r\u00e9ponse.<\/p>\n<p>GrandLyon Habitat rappelle avec fermet\u00e9 son attachement absolu aux principes de la\u00efcit\u00e9, au respect des lois de la\u00a0 R\u00e9publique et \u00e0 sa mission de service public. Aucune fresque ne saurait, en aucun cas, constituer une apologie religieuse ou politique sur notre patrimoine. Le projet artistique cit\u00e9 s\u2019inscrit dans un cadre strict, avec une concertation large des habitants et une validation rigoureuse par nos \u00e9quipes.<\/p>\n<p>Le projet \u00ab\u00a0D\u2019Art-naise\u00a0\u00bb men\u00e9 dans la tour 61 \u00e0 V\u00e9nissieux, comme celui r\u00e9alis\u00e9 en 2024 dans la tour 41, s\u2019appuie sur une d\u00e9marche participative impliquant les habitants, notamment des jeunes du quartier, accompagn\u00e9s par des associations locales. Entre le 24 et le 28 f\u00e9vrier 2025, une concertation a \u00e9t\u00e9 men\u00e9e par GrandLyon Habitat aupr\u00e8s des r\u00e9sidents de la tour 61, donnant lieu \u00e0 la collecte de nombreux t\u00e9moignages (44 foyers rencontr\u00e9s sur 60), et \u00e0 l\u2019\u00e9mergence de trois th\u00e9matiques : la nature, l\u2019urbain, et l\u2019humain. Les fresques traduisent ces souhaits : des sc\u00e8nes de vie quotidienne comme des enfants allant \u00e0 l\u2019\u00e9cole, des familles se promenant ou \u00e9changeant en pied d\u2019immeuble, des personnes pratiquant une activit\u00e9 physique en ext\u00e9rieur, d\u2019autres jardinant, sans message religieux ou id\u00e9ologique.<\/p>\n<p>Le style visuel, qui diff\u00e8re de celui de la tour 41, repose sur la technique des pochoirs. Ce choix artistique a \u00e9t\u00e9 guid\u00e9 par la volont\u00e9 d&rsquo;impliquer les habitants eux-m\u00eames dans la cr\u00e9ation. Cette m\u00e9thode, limit\u00e9e par nature, ne permet ni finesse ni d\u00e9tails pr\u00e9cis, en particulier pour les visages ou les v\u00eatements. Tous les personnages repr\u00e9sent\u00e9s \u2013 sans exception \u2013 sont volontairement non individualis\u00e9s. Les interpr\u00e9tations attribuant \u00e0 certaines silhouettes un \u00ab\u00a0voile\u00a0\u00bb, des \u00ab\u00a0gants et un collant\u00a0\u00bb ou une appartenance religieuse rel\u00e8vent d\u2019une lecture subjective, que nous contestons formellement.<\/p>\n<p>Nous regrettons que ces \u00e9l\u00e9ments, transmis \u00e0 votre r\u00e9daction avant publication, n\u2019aient \u00e9t\u00e9 ni repris fid\u00e8lement, ni replac\u00e9s dans le contexte m\u00e9thodologique et collectif du projet. Le recours \u00e0 une citation suggestive et non argument\u00e9e comme \u00ab\u00a0D\u00e9duction faite parce que son visage est marron, ses mains noires et ses jambes grises\u00a0\u00bb contribue \u00e0 une confusion pr\u00e9judiciable, en introduisant des consid\u00e9rations infond\u00e9es, pouvant heurter tant les habitants, les jeunes qui ont particip\u00e9 \u00e0 la cr\u00e9ation de la fresque que nos partenaires.<\/p>\n<p>Enfin, nous pr\u00e9cisons que le projet a \u00e9t\u00e9 men\u00e9 en lien avec les partenaires institutionnels impliqu\u00e9s dans la vie du quartier, notamment la Ville de V\u00e9nissieux et le GPV (Grand Projet de Ville), et financ\u00e9 en partie par la M\u00e9tropole de Lyon dans le cadre du GSUP, pour un montant total de 49 622 \u20ac (dont 20 000 \u20ac financ\u00e9s par la M\u00e9tropole). GrandLyon Habitat poursuivra ses engagements en faveur du lien social, de l\u2019am\u00e9lioration du cadre de vie et du\u00a0 respect des valeurs r\u00e9publicaines.<\/p>\n<p>Jean-No\u00ebl FREIXINOS<br \/>Directeur g\u00e9n\u00e9ral de GrandLyon Habitat<\/p>\n","protected":false},"excerpt":{"rendered":"Monsieur le Directeur de la publication, L\u2019article publi\u00e9 le mercredi 18 juin 2025 sur le site de Lyon&hellip;\n","protected":false},"author":2,"featured_media":187853,"comment_status":"","ping_status":"","sticky":false,"template":"","format":"standard","meta":{"footnotes":""},"categories":[1889],"tags":[1111,11,2813,2190,2430,1109,251,1112,2811,1777,674,118,1011,27,1922,1110,1114,2428,2810,12,241,316,25,2812,517,800],"class_list":{"0":"post-187852","1":"post","2":"type-post","3":"status-publish","4":"format-standard","5":"has-post-thumbnail","7":"category-lyon","8":"tag-actu","9":"tag-actualites","10":"tag-article","11":"tag-asvel","12":"tag-auvergne-rhone-alpes","13":"tag-breves","14":"tag-culture","15":"tag-depeches","16":"tag-economique","17":"tag-eu","18":"tag-europe","19":"tag-faits-divers","20":"tag-fr","21":"tag-france","22":"tag-info","23":"tag-informations","24":"tag-infos","25":"tag-lyon","26":"tag-lyonmag","27":"tag-news","28":"tag-ol","29":"tag-politique","30":"tag-republique-francaise","31":"tag-sociale","32":"tag-sport","33":"tag-transports"},"share_on_mastodon":{"url":"https:\/\/pubeurope.com\/@fr\/114708861685310744","error":""},"_links":{"self":[{"href":"https:\/\/www.europesays.com\/fr\/wp-json\/wp\/v2\/posts\/187852","targetHints":{"allow":["GET"]}}],"collection":[{"href":"https:\/\/www.europesays.com\/fr\/wp-json\/wp\/v2\/posts"}],"about":[{"href":"https:\/\/www.europesays.com\/fr\/wp-json\/wp\/v2\/types\/post"}],"author":[{"embeddable":true,"href":"https:\/\/www.europesays.com\/fr\/wp-json\/wp\/v2\/users\/2"}],"replies":[{"embeddable":true,"href":"https:\/\/www.europesays.com\/fr\/wp-json\/wp\/v2\/comments?post=187852"}],"version-history":[{"count":0,"href":"https:\/\/www.europesays.com\/fr\/wp-json\/wp\/v2\/posts\/187852\/revisions"}],"wp:featuredmedia":[{"embeddable":true,"href":"https:\/\/www.europesays.com\/fr\/wp-json\/wp\/v2\/media\/187853"}],"wp:attachment":[{"href":"https:\/\/www.europesays.com\/fr\/wp-json\/wp\/v2\/media?parent=187852"}],"wp:term":[{"taxonomy":"category","embeddable":true,"href":"https:\/\/www.europesays.com\/fr\/wp-json\/wp\/v2\/categories?post=187852"},{"taxonomy":"post_tag","embeddable":true,"href":"https:\/\/www.europesays.com\/fr\/wp-json\/wp\/v2\/tags?post=187852"}],"curies":[{"name":"wp","href":"https:\/\/api.w.org\/{rel}","templated":true}]}}