{"id":187854,"date":"2025-06-19T07:31:14","date_gmt":"2025-06-19T07:31:14","guid":{"rendered":"https:\/\/www.europesays.com\/fr\/187854\/"},"modified":"2025-06-19T07:31:14","modified_gmt":"2025-06-19T07:31:14","slug":"lyon-tout-savoir-sur-navigone-la-nouvelle-navette-fluviale-du-reseau-tcl","status":"publish","type":"post","link":"https:\/\/www.europesays.com\/fr\/187854\/","title":{"rendered":"Lyon : tout savoir sur Navig\u00f4ne, la nouvelle navette fluviale du r\u00e9seau TCL"},"content":{"rendered":"<p><img loading=\"lazy\" decoding=\"async\" alt=\"\u00a9 S\u00e9verine Renard - La navette Navig\u00f4ne met environ 23 minutes pour faire le trajet entre Vaise-Industrie et les Terrasses de la Presqu'\u00eele et 40 minutes pour le trajet de 6,2 kilom\u00e8tres jusqu'\u00e0 la Confluence.\" data-zoom-src=\"https:\/\/www.europesays.com\/fr\/wp-content\/uploads\/2025\/06\/initial-navigone-credit-severine-renard.jpg\" data-zoomable=\"\" height=\"702\" src=\"https:\/\/www.europesays.com\/fr\/wp-content\/uploads\/2025\/06\/initial-navigone-credit-severine-renard.jpg\" width=\"1248\"\/>  <\/p>\n<p class=\"article-desc\">\u00a9 S\u00e9verine Renard &#8211; La navette Navig\u00f4ne met environ 23 minutes pour faire le trajet entre Vaise-Industrie et les Terrasses de la Presqu&rsquo;\u00eele et 40 minutes pour le trajet de 6,2 kilom\u00e8tres jusqu&rsquo;\u00e0 la Confluence. <\/p>\n<p>\u00ab\u00a0Les bateaux-mouches, n\u00e9s \u00e0 Lyon dans le quartier de la Mouche, ont fonctionn\u00e9 de 1863 \u00e0 1913. Plus d&rsquo;un si\u00e8cle plus tard, nous remettons en place ce service autour duquel l&rsquo;attente \u00e9tait forte\u00a0\u00bb, a d\u00e9clar\u00e9 <strong>Bruno Bernard<\/strong>, lors de l&rsquo;inauguration du <a href=\"https:\/\/mesinfos.fr\/69000-lyon\/lyon-qu-est-ce-que-navigone-le-futur-service-de-transport-en-commun-par-bateau-201406.html\" target=\"_blank\" rel=\"noopener\">nouveau service de transport en commun lyonnais&#8230; sur l&rsquo;eau<\/a>. Le pr\u00e9sident de Sytral mobilit\u00e9s et de la M\u00e9tropole de Lyon confiait m\u00eame que <strong>Navig\u00f4ne<\/strong> lui permettait de \u00ab\u00a0r\u00e9aliser un r\u00eave d&rsquo;enfant\u00a0\u00bb. <\/p>\n<p>Il est vrai qu&rsquo;il y a un c\u00f4t\u00e9 insolite \u00e0 <strong>emprunter un bateau<\/strong> pour effectuer en une quarantaine de minutes <strong>le trajet entre Vaise-Industrie et la Confluence<\/strong>, en desservant au passage la Presqu&rsquo;\u00eele avec la halte <strong>Terrasses de la presqu\u2019\u00eele<\/strong> et le secteur des <strong>Subsistances <\/strong>avec une halte sur le quai Saint Vincent. <\/p>\n<p>La <strong>navette fluviale<\/strong>, qui embarque deux membres d\u2019\u00e9quipage et jusqu&rsquo;\u00e0 <strong>70 passagers<\/strong>, fonctionne de 7h \u00e0 21h la semaine et de 9h \u00e0 21h le week-end. C\u00f4t\u00e9 tarifs, les <strong>abonn\u00e9s TCL<\/strong> n\u2019auront rien \u00e0 d\u00e9bourser car Navig\u00f4ne est compris dans l&rsquo;abonnement. Les autres usagers devront payer <strong>3 euros le trajet<\/strong> ou 5 euros l&rsquo;aller-retour.<\/p>\n<p>  Navig\u00f4ne : deux bateaux \u00e9lectriques cet automne et deux autres au printemps <\/p>\n<p>Cette ligne est aujourd&rsquo;hui op\u00e9r\u00e9e par deux bateaux thermiques, le Vaporetto et le Lui. Ils seront remplac\u00e9s d\u00e8s cet automne par <strong>deux bateaux \u00e9lectriques<\/strong>, baptis\u00e9s le Gone et la Fenotte. Ces nouvelles embarcations de 21,5 m\u00e8tres de long et 7,2 m\u00e8tres de large sont en cours de construction sur le site d\u2019Ocea aux Sables d&rsquo;Olonne.<\/p>\n<p>\u00ab\u00a0Deux autres bateaux \u00e9lectriques rejoindront la flotte en avril 2026. Les quatre catamarans permettront alors d&rsquo;augmenter la fr\u00e9quence du service avec un d\u00e9part toutes les 15 minutes en heures de pointe, contre 30 minutes actuellement, et toutes les 30 minutes en heures creuses, contre une heure actuellement\u00a0\u00bb, a d\u00e9taill\u00e9 Bruno Bernard. <\/p>\n<p>A noter que le week-end, le service sera assur\u00e9 toutes les 30 minutes d\u00e8s le printemps prochain contre une heure aujourd&rsquo;hui. <\/p>\n<p>Navettes fluviales TCL : 560 000 voyageurs attendus par an\u00a0 <\/p>\n<p>Exploit\u00e9e par le groupement <strong>RATP dev et Les Yachts de Lyon<\/strong>, dans le cadre d&rsquo;un contrat de d\u00e9l\u00e9gation de service public de sept ans d&rsquo;un montant de 53,5 millions d&rsquo;euros, Navig\u00f4ne attend quelque <strong>560 000 voyageurs par an<\/strong>, soit entre 1 500 et 1 700 voyageurs par jour.<\/p>\n<p>En raison des crues, la navigation sera impossible entre 20 et 30 jours par an. A bord, les passagers profiteront d&rsquo;une connexion wifi, de prises 220 V et USB, et pourront m\u00eame <strong>monter avec leur v\u00e9lo<\/strong> gr\u00e2ce aux six emplacements pr\u00e9vus. <\/p>\n<p>Pour l&rsquo;heure, des haltes provisoires sont en place sur le trajet car les travaux d&rsquo;am\u00e9nagement des stations sont toujours en cours. \u00ab\u00a0L&rsquo;investissement pour l&rsquo;am\u00e9nagement des haltes s&rsquo;\u00e9l\u00e8ve \u00e0 7 millions d\u2019euros\u00a0\u00bb, a indiqu\u00e9 le pr\u00e9sident de Sytral mobilit\u00e9s avant d&rsquo;ajouter que \u00ab\u00a0les bateaux \u00e9lectriques co\u00fbtent 4,2 millions d&rsquo;euros pi\u00e8ce\u00a0\u00bb. <\/p>\n<p>Acquises par les exploitants, ces embarcations seront r\u00e9cup\u00e9r\u00e9es par <a href=\"https:\/\/mesinfos.fr\/auvergne-rhone-alpes\/sytral-mobilites-prevoit-la-mise-en-place-de-navettes-fluviales-tcl-sur-la-saone-pour-2025-120174.html\" target=\"_blank\" rel=\"noopener\">Sytral mobilit\u00e9s<\/a> au terme du contrat.<\/p>\n","protected":false},"excerpt":{"rendered":"\u00a9 S\u00e9verine Renard &#8211; La navette Navig\u00f4ne met environ 23 minutes pour faire le trajet entre Vaise-Industrie et&hellip;\n","protected":false},"author":2,"featured_media":187855,"comment_status":"","ping_status":"","sticky":false,"template":"","format":"standard","meta":{"footnotes":""},"categories":[1889],"tags":[1111,11,2430,1777,674,1011,27,2428,12,25,32563,10213,7035],"class_list":{"0":"post-187854","1":"post","2":"type-post","3":"status-publish","4":"format-standard","5":"has-post-thumbnail","7":"category-lyon","8":"tag-actu","9":"tag-actualites","10":"tag-auvergne-rhone-alpes","11":"tag-eu","12":"tag-europe","13":"tag-fr","14":"tag-france","15":"tag-lyon","16":"tag-news","17":"tag-republique-francaise","18":"tag-sytral-mobilitu00e9s","19":"tag-tcl","20":"tag-transport-fluvial"},"share_on_mastodon":{"url":"https:\/\/pubeurope.com\/@fr\/114708865671989404","error":""},"_links":{"self":[{"href":"https:\/\/www.europesays.com\/fr\/wp-json\/wp\/v2\/posts\/187854","targetHints":{"allow":["GET"]}}],"collection":[{"href":"https:\/\/www.europesays.com\/fr\/wp-json\/wp\/v2\/posts"}],"about":[{"href":"https:\/\/www.europesays.com\/fr\/wp-json\/wp\/v2\/types\/post"}],"author":[{"embeddable":true,"href":"https:\/\/www.europesays.com\/fr\/wp-json\/wp\/v2\/users\/2"}],"replies":[{"embeddable":true,"href":"https:\/\/www.europesays.com\/fr\/wp-json\/wp\/v2\/comments?post=187854"}],"version-history":[{"count":0,"href":"https:\/\/www.europesays.com\/fr\/wp-json\/wp\/v2\/posts\/187854\/revisions"}],"wp:featuredmedia":[{"embeddable":true,"href":"https:\/\/www.europesays.com\/fr\/wp-json\/wp\/v2\/media\/187855"}],"wp:attachment":[{"href":"https:\/\/www.europesays.com\/fr\/wp-json\/wp\/v2\/media?parent=187854"}],"wp:term":[{"taxonomy":"category","embeddable":true,"href":"https:\/\/www.europesays.com\/fr\/wp-json\/wp\/v2\/categories?post=187854"},{"taxonomy":"post_tag","embeddable":true,"href":"https:\/\/www.europesays.com\/fr\/wp-json\/wp\/v2\/tags?post=187854"}],"curies":[{"name":"wp","href":"https:\/\/api.w.org\/{rel}","templated":true}]}}