{"id":187863,"date":"2025-06-19T07:36:12","date_gmt":"2025-06-19T07:36:12","guid":{"rendered":"https:\/\/www.europesays.com\/fr\/187863\/"},"modified":"2025-06-19T07:36:12","modified_gmt":"2025-06-19T07:36:12","slug":"gaspillage-textile-paris-lance-une-grande-offensive-avec-des-points-de-collecte-dans-85-etablissements-scolaires","status":"publish","type":"post","link":"https:\/\/www.europesays.com\/fr\/187863\/","title":{"rendered":"Gaspillage textile : Paris lance une grande offensive, avec des points de collecte dans 85 \u00e9tablissements scolaires"},"content":{"rendered":"<p class=\"paragraph text_align_left\">Les chiffres sont \u00e9loquents : chaque ann\u00e9e, <a href=\"https:\/\/www.leparisien.fr\/economie\/consommation\/chaque-francais-a-achete-42-pieces-vetements-neufs-en-2024-un-record-17-06-2025-DKYK4ZFNEBFHZER3NRGZQFOPGY.php\" target=\"_self\" rel=\"nofollow noopener\">plus de 30 000 tonnes de textiles finissent dans les ordures m\u00e9nag\u00e8res<\/a> parisiennes, direction l\u2019incin\u00e9rateur. Un g\u00e2chis consid\u00e9rable que la municipalit\u00e9 entend d\u00e9sormais combattre avec une s\u00e9rie de mesures concr\u00e8tes.<\/p>\n<p class=\"paragraph text_align_left\">Pour rem\u00e9dier \u00e0 cette situation, la Ville de <a href=\"https:\/\/www.leparisien.fr\/paris-75\/\" target=\"_self\" rel=\"nofollow noopener\">Paris<\/a> d\u00e9ploie depuis le d\u00e9but de la semaine une op\u00e9ration d\u2019envergure dans 85 \u00e9tablissements scolaires. Jusqu\u2019au 3 juillet, \u00e9l\u00e8ves et parents peuvent d\u00e9poser v\u00eatements, linge de maison et chaussures dans des points de collecte d\u00e9di\u00e9s. Une initiative men\u00e9e en partenariat avec ReFashion, l\u2019\u00e9co-organisme de la fili\u00e8re textile.<\/p>\n<p class=\"paragraph text_align_left\">\u00ab \u00c0 la fin de l\u2019ann\u00e9e scolaire, on retrouve beaucoup de v\u00eatements abandonn\u00e9s dans les \u00e9coles. C\u2019est aussi le moment o\u00f9 on vide les placards des affaires qui deviennent trop petites \u00bb, explique Antoine Guillou, adjoint \u00e0 la maire de Paris en charge notamment de la r\u00e9duction des d\u00e9chets, du r\u00e9emploi et du recyclage.<\/p>\n<p>Un maillage renforc\u00e9<\/p>\n<p class=\"paragraph text_align_left\">Cette campagne s\u2019inscrit dans le cadre du nouveau Plan Local de Pr\u00e9vention des D\u00e9chets M\u00e9nagers et Assimil\u00e9s, adopt\u00e9 en d\u00e9cembre dernier. L\u2019ambition est claire : r\u00e9duire de 100 000 tonnes la production de d\u00e9chets produits \u00e0 Paris d\u2019ici 2030 et atteindre un taux de valorisation de 60 %.<\/p>\n<p class=\"paragraph text_align_left\">Si la capitale compte d\u00e9j\u00e0 736 points d\u2019apport volontaire, dont 240 bornes textiles sur l\u2019espace public, la municipalit\u00e9 veut aller plus loin. D\u2019ici 2030, pas moins de 250 nouveaux points de collecte seront install\u00e9s dans les \u00e9quipements municipaux. Mairies d\u2019arrondissement, gymnases et autres \u00e9tablissements publics accueilleront ces dispositifs qui ne se limiteront pas aux seuls textiles : jouets et articles de sport seront \u00e9galement concern\u00e9s. \u00ab Nous voulons mettre le plus de bornes possible \u00e0 disposition en cr\u00e9ant ce r\u00e9seau de collecte qu\u2019on veut extr\u00eamement dense dans tous ces lieux \u00bb, poursuit Antoine Guillou.<\/p>\n<p>La \u00ab fast fashion \u00bb dans le viseur<\/p>\n<p class=\"paragraph text_align_left\">Cette initiative s\u2019attaque \u00e9galement aux d\u00e9rives de la \u00ab fast fashion \u00bb, cette mode \u00e9ph\u00e9m\u00e8re qui pousse \u00e0 la surconsommation vestimentaire. Les textiles repr\u00e9sentent aujourd\u2019hui 5 % des ordures m\u00e9nag\u00e8res parisiennes vou\u00e9es \u00e0 l\u2019incin\u00e9ration, un chiffre que la Ville esp\u00e8re voir significativement diminuer gr\u00e2ce \u00e0 ces nouvelles infrastructures de collecte.<\/p>\n","protected":false},"excerpt":{"rendered":"Les chiffres sont \u00e9loquents : chaque ann\u00e9e, plus de 30 000 tonnes de textiles finissent dans les ordures&hellip;\n","protected":false},"author":2,"featured_media":187864,"comment_status":"","ping_status":"","sticky":false,"template":"","format":"standard","meta":{"footnotes":""},"categories":[1888],"tags":[11,1777,674,1011,27,1944,12,626,25],"class_list":{"0":"post-187863","1":"post","2":"type-post","3":"status-publish","4":"format-standard","5":"has-post-thumbnail","7":"category-paris","8":"tag-actualites","9":"tag-eu","10":"tag-europe","11":"tag-fr","12":"tag-france","13":"tag-ma-ville","14":"tag-news","15":"tag-paris","16":"tag-republique-francaise"},"share_on_mastodon":{"url":"https:\/\/pubeurope.com\/@fr\/114708885344720879","error":""},"_links":{"self":[{"href":"https:\/\/www.europesays.com\/fr\/wp-json\/wp\/v2\/posts\/187863","targetHints":{"allow":["GET"]}}],"collection":[{"href":"https:\/\/www.europesays.com\/fr\/wp-json\/wp\/v2\/posts"}],"about":[{"href":"https:\/\/www.europesays.com\/fr\/wp-json\/wp\/v2\/types\/post"}],"author":[{"embeddable":true,"href":"https:\/\/www.europesays.com\/fr\/wp-json\/wp\/v2\/users\/2"}],"replies":[{"embeddable":true,"href":"https:\/\/www.europesays.com\/fr\/wp-json\/wp\/v2\/comments?post=187863"}],"version-history":[{"count":0,"href":"https:\/\/www.europesays.com\/fr\/wp-json\/wp\/v2\/posts\/187863\/revisions"}],"wp:featuredmedia":[{"embeddable":true,"href":"https:\/\/www.europesays.com\/fr\/wp-json\/wp\/v2\/media\/187864"}],"wp:attachment":[{"href":"https:\/\/www.europesays.com\/fr\/wp-json\/wp\/v2\/media?parent=187863"}],"wp:term":[{"taxonomy":"category","embeddable":true,"href":"https:\/\/www.europesays.com\/fr\/wp-json\/wp\/v2\/categories?post=187863"},{"taxonomy":"post_tag","embeddable":true,"href":"https:\/\/www.europesays.com\/fr\/wp-json\/wp\/v2\/tags?post=187863"}],"curies":[{"name":"wp","href":"https:\/\/api.w.org\/{rel}","templated":true}]}}