{"id":187865,"date":"2025-06-19T07:37:12","date_gmt":"2025-06-19T07:37:12","guid":{"rendered":"https:\/\/www.europesays.com\/fr\/187865\/"},"modified":"2025-06-19T07:37:12","modified_gmt":"2025-06-19T07:37:12","slug":"les-valeurs-a-suivre-a-paris-et-en-europe-actualise-19-06-2025-a-0854","status":"publish","type":"post","link":"https:\/\/www.europesays.com\/fr\/187865\/","title":{"rendered":"Les valeurs \u00e0 suivre \u00e0 Paris et en Europe (actualis\u00e9) &#8211; 19\/06\/2025 \u00e0 08:54"},"content":{"rendered":"<p>\n (Actualis\u00e9 avec Virbac)\n<\/p>\n<p>\n *\n<\/p>\n<p>\n Variation des futures sur indice CAC 40  0#FCE:\n<\/p>\n<p>\n *\n<\/p>\n<p>\n Variation des futures sur indice Stoxx 600  0#FXXP:\n<\/p>\n<p>\n *\n<\/p>\n<p>\n Valeurs qui se traitent ex-dividende  .EX.PA\n<\/p>\n<p>\n *\n<\/p>\n<p>\n Le point sur les march\u00e9s europ\u00e9ens  .EUFR\n<\/p>\n<p>\n Les valeurs \u00e0 suivre jeudi \u00e0<br \/>\nla Bourse de Paris et en Europe :\n<\/p>\n<p>\n * PERNOD RICARD<br \/>\n <a href=\"https:\/\/www.boursorama.com\/cours\/1rPRI\/\" rel=\"nofollow noopener\" target=\"_blank\"><br \/>\n  PERP.PA<br \/>\n <\/a><br \/>\n va regrouper ses activit\u00e9s sous<br \/>\ndeux divisions principales, selon un document interne consult\u00e9<br \/>\npar Reuters mercredi, alors que les acteurs europ\u00e9ens des<br \/>\nspiritueux font face \u00e0 une baisse des ventes.\n<\/p>\n<p>\n * SAINT-GOBAIN<br \/>\n <a href=\"https:\/\/www.boursorama.com\/cours\/1rPSGO\/\" rel=\"nofollow noopener\" target=\"_blank\"><br \/>\n  SGOB.PA<br \/>\n <\/a><br \/>\n a annonc\u00e9 mercredi soir<br \/>\nl&rsquo;acquisition de Maturix, fournisseur danois de solutions<br \/>\nnum\u00e9riques de suivi en temps r\u00e9el de la fabrication du b\u00e9ton.\n<\/p>\n<p>\n * EUTELSAT<br \/>\n <a href=\"https:\/\/www.boursorama.com\/cours\/1rPETL\/\" rel=\"nofollow noopener\" target=\"_blank\"><br \/>\n  ETL.PA<br \/>\n <\/a><br \/>\n a annonc\u00e9 mercredi avoir conclu avec le<br \/>\nminist\u00e8re fran\u00e7ais des Arm\u00e9es un accord-cadre pour le<br \/>\nd\u00e9ploiement de services en orbite terrestre basse (LEO) dans le<br \/>\ncadre du projet Nexus, dont l&rsquo;objectif est de renforcer<br \/>\nl&rsquo;approche actuelle de la France en mati\u00e8re de communications<br \/>\nmilitaires spatiales.\n<\/p>\n<p>\n * ALSTOM<br \/>\n <a href=\"https:\/\/www.boursorama.com\/cours\/1rPALO\/\" rel=\"nofollow noopener\" target=\"_blank\"><br \/>\n  ALSO.PA<br \/>\n <\/a><br \/>\n a annonc\u00e9 mercredi faire partie d&rsquo;un<br \/>\nconsortium ayant remport\u00e9 un contrat pour la construction d&rsquo;une<br \/>\nligne de tramway en Italie, d&rsquo;une valeur totale de 326 millions<br \/>\nd&rsquo;euros.\n<\/p>\n<p>\n *\n<\/p>\n<p>\n VIRBAC\n<\/p>\n<p>\n <a href=\"https:\/\/www.boursorama.com\/cours\/1rPVIRP\/\" rel=\"nofollow noopener\" target=\"_blank\"><br \/>\n  VIRB.PA<br \/>\n <\/a><br \/>\n a annonc\u00e9 jeudi la nomination de Paul Martingell<br \/>\nen tant que directeur g\u00e9n\u00e9ral du groupe, \u00e0 compter du 1er<br \/>\nseptembre 2025.\n<\/p>\n<p>\n * NESTLE<br \/>\n <a href=\"https:\/\/www.boursorama.com\/cours\/2aNESN\/\" rel=\"nofollow noopener\" target=\"_blank\"><br \/>\n  NESN.S<br \/>\n <\/a><br \/>\n a d\u00e9clar\u00e9 mercredi que Paul Bulcke<br \/>\nquitterait son poste de pr\u00e9sident du conseil d&rsquo;administration en<br \/>\navril 2026 et qu&rsquo;il proposerait son vice-pr\u00e9sident Pablo Isla<br \/>\npour le remplacer.\n<\/p>\n<p>\n * SAAB<br \/>\n <a href=\"https:\/\/www.boursorama.com\/cours\/2u0GWL.LQ\/\" rel=\"nofollow noopener\" target=\"_blank\"><br \/>\n  SAABb.ST<br \/>\n <\/a><br \/>\n &#8211; La France a fait part de son intention<br \/>\nd&rsquo;acqu\u00e9rir quatre avions Global Eye, a d\u00e9clar\u00e9 mercredi soir le<br \/>\nministre su\u00e9dois de la D\u00e9fense, Pal Jonson, dans un message<br \/>\npubli\u00e9 sur le r\u00e9seau X.\n<\/p>\n<p>\n * STORA ENSO<br \/>\n <a href=\"https:\/\/www.boursorama.com\/cours\/2u0CXC.LQ\/\" rel=\"nofollow noopener\" target=\"_blank\"><br \/>\n  STERV.HE<br \/>\n <\/a><br \/>\n &#8211; Le groupe forestier finlandais<br \/>\nentame un examen strat\u00e9gique de ses actifs forestiers en Su\u00e8de,<br \/>\ny compris une \u00e9ventuelle s\u00e9paration et une cotation des actifs<br \/>\npar le biais d&rsquo;une scission partielle, a-t-il d\u00e9clar\u00e9 mercredi.\n<\/p>\n<p>\n * SHELL<br \/>\n <a href=\"https:\/\/www.boursorama.com\/cours\/1uSHEL.L\/\" rel=\"nofollow noopener\" target=\"_blank\"><br \/>\n  SHEL.L<br \/>\n <\/a><br \/>\n &#8211; Le directeur g\u00e9n\u00e9ral, Wael Sawan, a<br \/>\nd\u00e9clar\u00e9 jeudi que le g\u00e9ant p\u00e9trolier et gazier \u00e9tait \u00ab\u00a0tr\u00e8s<br \/>\nprudent\u00a0\u00bb sur ses livraisons depuis le Moyen-Orient, au regard de<br \/>\nl&rsquo;aggravation du conflit entre Isra\u00ebl et l&rsquo;Iran.\n<\/p>\n<p>\n * RIO TINTO<br \/>\n <a href=\"https:\/\/www.boursorama.com\/cours\/1uRIO.L\/\" rel=\"nofollow noopener\" target=\"_blank\"><br \/>\n  RIO.L<br \/>\n <\/a><br \/>\n va d\u00e9bourser 138,75 millions de dollars<br \/>\npour mettre fin \u00e0 un contentieux, le g\u00e9ant minier<br \/>\nanglo-australien \u00e9tant accus\u00e9 d&rsquo;avoir tromp\u00e9 les investisseurs<br \/>\nen dissimulant des probl\u00e8mes avec son expansion souterraine de<br \/>\nsept milliards de dollars de la mine de cuivre et d&rsquo;or d&rsquo;Oyu<br \/>\nTolgoi en Mongolie.\n<\/p>\n<p>\n * HAYS<br \/>\n <a href=\"https:\/\/www.boursorama.com\/cours\/1uHAS.L\/\" rel=\"nofollow noopener\" target=\"_blank\"><br \/>\n  HAYS.L<br \/>\n <\/a><br \/>\n a annonc\u00e9 jeudi anticiper une baisse de<br \/>\nplus de 57% de son b\u00e9n\u00e9fice d&rsquo;exploitation annuel \u00e0 environ 45<br \/>\nmillions de livres (60,23 millions de dollars), un chiffre en<br \/>\nde\u00e7\u00e0 des 56,4 millions de livres pr\u00e9vus par le march\u00e9, selon les<br \/>\nestimations compil\u00e9es par le groupe de recrutement.\n<\/p>\n<p>\n * UBS<br \/>\n <a href=\"https:\/\/www.boursorama.com\/cours\/2aUBSG\/\" rel=\"nofollow noopener\" target=\"_blank\"><br \/>\n  UBSG.S<br \/>\n <\/a><br \/>\n &#8211; La branche de gestion d&rsquo;actifs de la banque<br \/>\nsuisse a annonc\u00e9 jeudi avoir nomm\u00e9 Desmond Ng \u00e0 la t\u00eate de sa<br \/>\nzone Asie-Pacifique, \u00e0 compter du 1er octobre.\n<\/p>\n<p>\n L&rsquo;AGENDA FRANCE &amp; INTERNATIONAL \u00c0 7 JOURS:<\/p>\n<p> nL8N3SG0QX\n<\/p>\n<p>\n (R\u00e9dig\u00e9 par Diana Mandia et Claude Chendjou, \u00e9dit\u00e9 par Sophie<br \/>\nLouet)<\/p>\n","protected":false},"excerpt":{"rendered":"(Actualis\u00e9 avec Virbac) * Variation des futures sur indice CAC 40 0#FCE: * Variation des futures sur indice&hellip;\n","protected":false},"author":2,"featured_media":64038,"comment_status":"","ping_status":"","sticky":false,"template":"","format":"standard","meta":{"footnotes":""},"categories":[1888],"tags":[400,11,398,408,405,1777,674,1011,27,403,402,399,404,12,626,25,401,406,407],"class_list":{"0":"post-187865","1":"post","2":"type-post","3":"status-publish","4":"format-standard","5":"has-post-thumbnail","7":"category-paris","8":"tag-action-cac-40","9":"tag-actualites","10":"tag-bourse-de-paris","11":"tag-boursorama","12":"tag-cotations","13":"tag-eu","14":"tag-europe","15":"tag-fr","16":"tag-france","17":"tag-indices-devises","18":"tag-investir","19":"tag-investissement","20":"tag-marche-boursier","21":"tag-news","22":"tag-paris","23":"tag-republique-francaise","24":"tag-sicav","25":"tag-trackers","26":"tag-warrants"},"share_on_mastodon":{"url":"https:\/\/pubeurope.com\/@fr\/114708889162126088","error":""},"_links":{"self":[{"href":"https:\/\/www.europesays.com\/fr\/wp-json\/wp\/v2\/posts\/187865","targetHints":{"allow":["GET"]}}],"collection":[{"href":"https:\/\/www.europesays.com\/fr\/wp-json\/wp\/v2\/posts"}],"about":[{"href":"https:\/\/www.europesays.com\/fr\/wp-json\/wp\/v2\/types\/post"}],"author":[{"embeddable":true,"href":"https:\/\/www.europesays.com\/fr\/wp-json\/wp\/v2\/users\/2"}],"replies":[{"embeddable":true,"href":"https:\/\/www.europesays.com\/fr\/wp-json\/wp\/v2\/comments?post=187865"}],"version-history":[{"count":0,"href":"https:\/\/www.europesays.com\/fr\/wp-json\/wp\/v2\/posts\/187865\/revisions"}],"wp:featuredmedia":[{"embeddable":true,"href":"https:\/\/www.europesays.com\/fr\/wp-json\/wp\/v2\/media\/64038"}],"wp:attachment":[{"href":"https:\/\/www.europesays.com\/fr\/wp-json\/wp\/v2\/media?parent=187865"}],"wp:term":[{"taxonomy":"category","embeddable":true,"href":"https:\/\/www.europesays.com\/fr\/wp-json\/wp\/v2\/categories?post=187865"},{"taxonomy":"post_tag","embeddable":true,"href":"https:\/\/www.europesays.com\/fr\/wp-json\/wp\/v2\/tags?post=187865"}],"curies":[{"name":"wp","href":"https:\/\/api.w.org\/{rel}","templated":true}]}}