{"id":187866,"date":"2025-06-19T07:38:13","date_gmt":"2025-06-19T07:38:13","guid":{"rendered":"https:\/\/www.europesays.com\/fr\/187866\/"},"modified":"2025-06-19T07:38:13","modified_gmt":"2025-06-19T07:38:13","slug":"des-groupes-despions-russes-detectes-affirme-le-porte-parole-de-la-presidence","status":"publish","type":"post","link":"https:\/\/www.europesays.com\/fr\/187866\/","title":{"rendered":"des groupes d\u2019espions russes d\u00e9tect\u00e9s, affirme le porte-parole de la pr\u00e9sidence"},"content":{"rendered":"<p class=\"fig-paragraph\"><a href=\"http:\/\/www.lefigaro.fr\/flash-actu\/argentine-s-inspirant-du-fbi-milei-etend-les-prerogatives-de-la-police-federale-20250618\" target=\"_blank\" data-fig-type=\"NewsFlash\" rel=\"noopener\" data-gtm-custom-categorie=\"navigation\" data-gtm-custom-action=\"crossclick\" data-gtm-custom-label=\"Contextuel\" data-gtm-event=\"customEventSPE\" data-fig-domain=\"LEFIGARO\">L&rsquo;Argentine\u00a0<\/a>affirme avoir d\u00e9tect\u00e9 un groupe d&rsquo;<a href=\"http:\/\/www.lefigaro.fr\/international\/un-controle-permanent-de-soi-le-couple-d-espions-russes-libere-raconte-sa-vie-sous-une-fausse-identite-20240806\" target=\"_blank\" data-fig-type=\"NewsFlash\" rel=\"noopener\" data-gtm-custom-categorie=\"navigation\" data-gtm-custom-action=\"crossclick\" data-gtm-custom-label=\"Contextuel\" data-gtm-event=\"customEventSPE\" data-fig-domain=\"LEFIGARO\">espions russes<\/a>\u00a0qui menaient des \u00abactivit\u00e9s suspectes\u00bb dans le pays afin de promouvoir les int\u00e9r\u00eats de Moscou en fabriquant de fausses informations, a d\u00e9clar\u00e9 mercredi le porte-parole de la pr\u00e9sidence, Manuel Adorni.<\/p>\n<p class=\"fig-paragraph\">Les services d&rsquo;intelligence argentins ont identifi\u00e9 une organisation, appel\u00e9e \u00abLa Compagnie\u00bb, soup\u00e7onn\u00e9e d&rsquo;\u00eatre li\u00e9e au gouvernement russe et au projet Lakhta, consid\u00e9r\u00e9 par les \u00c9tats-Unis comme une op\u00e9ration de d\u00e9sinformation russe visant \u00e0 influencer les opinions publiques sur son territoire ainsi qu&rsquo;en\u00a0<a href=\"http:\/\/www.lefigaro.fr\/conjoncture\/le-plan-de-l-europe-pour-mobiliser-et-attirer-les-capitaux-20250617\" target=\"_blank\" data-fig-type=\"Article\" rel=\"noopener\" data-gtm-custom-categorie=\"navigation\" data-gtm-custom-action=\"crossclick\" data-gtm-custom-label=\"Contextuel\" data-gtm-event=\"customEventSPE\" data-fig-domain=\"LEFIGARO\">Europe<\/a>. Manuel Adorni a pr\u00e9cis\u00e9 lors d&rsquo;une conf\u00e9rence de presse que le citoyen russe Lev Konstantinovich Andriashvili, install\u00e9 en Argentine, dirigeait cette organisation avec son \u00e9pouse et compatriote Irina Yakovenko. Tous deux \u00e9taient charg\u00e9s de \u00abrecevoir le financement et de promouvoir des liens avec des collaborateurs locaux\u00bb.<\/p>\n<p class=\"fig-body-link\">\n            \u00c0 lire aussi<br \/>\n        <a class=\"fig-body-link__link fig-premium-mark\" href=\"http:\/\/www.lefigaro.fr\/international\/une-famille-normale-comment-des-espions-russes-ont-fait-croire-qu-ils-etaient-un-couple-d-argentins-vivant-en-slovenie-20240802\" target=\"_blank\" data-fig-type=\"Article\" rel=\"noopener\" data-gtm-custom-categorie=\"navigation\" data-gtm-custom-action=\"crossclick\" data-gtm-custom-label=\"Contextuel\" data-gtm-event=\"customEventSPE\" data-fig-domain=\"LEFIGARO\">Une famille \u00abnormale\u00bb\u00a0: comment des espions russes ont fait croire qu\u2019ils \u00e9taient un couple d\u2019Argentins vivant en Slov\u00e9nie<br \/>\n    <\/a>\n<\/p>\n<p>\u00abL\u2019Argentine ne se laissera pas soumettre \u00e0 l\u2019influence d\u2019une autre nation\u00bb<\/p>\n<p class=\"fig-paragraph\">L&rsquo;objectif de \u00abLa Compagnie\u00bb \u00e9tait de constituer un groupe de personnes loyales aux int\u00e9r\u00eats de la Russie afin de d\u00e9velopper des campagnes de d\u00e9sinformation contre l&rsquo;\u00c9tat argentin, a indiqu\u00e9 le porte-parole. \u00abL&rsquo;Argentine ne se laissera pas soumettre \u00e0 l&rsquo;influence d&rsquo;une autre nation\u00bb, a soulign\u00e9 Manuel Adorni.<\/p>\n<p class=\"fig-paragraph\">Parmi les activit\u00e9s identifi\u00e9es figuraient la cr\u00e9ation et la diffusion de contenus sur les r\u00e9seaux sociaux, l&rsquo;influence sur des organisations civiles et des\u00a0<a href=\"http:\/\/www.lefigaro.fr\/secteur\/high-tech\/presidentielle-en-pologne-une-ong-britannique-accuse-tiktok-de-favoriser-les-contenus-d-extreme-droite-20250604\" target=\"_blank\" data-fig-type=\"Article\" rel=\"noopener\" data-gtm-custom-categorie=\"navigation\" data-gtm-custom-action=\"crossclick\" data-gtm-custom-label=\"Contextuel\" data-gtm-event=\"customEventSPE\" data-fig-domain=\"LEFIGARO\">ONG\u00a0<\/a>locales, le d\u00e9veloppement de groupes de discussion avec des citoyens argentins, ainsi que l\u2019obtention d&rsquo;informations politiques pour la Russie. Le porte-parole a pr\u00e9cis\u00e9 qu&rsquo;il s&rsquo;agissait d&rsquo;informations \u00abd\u00e9classifi\u00e9es\u00bb et qu&rsquo;il existait aussi du mat\u00e9riel classifi\u00e9, faisant \u00abpartie du secret d&rsquo;\u00c9tat\u00bb.<\/p>\n","protected":false},"excerpt":{"rendered":"L&rsquo;Argentine\u00a0affirme avoir d\u00e9tect\u00e9 un groupe d&rsquo;espions russes\u00a0qui menaient des \u00abactivit\u00e9s suspectes\u00bb dans le pays afin de promouvoir les&hellip;\n","protected":false},"author":2,"featured_media":187867,"comment_status":"","ping_status":"","sticky":false,"template":"","format":"standard","meta":{"footnotes":""},"categories":[1591],"tags":[1111,47,11,6715,1109,1112,18860,118,1887,1108,107,1106,1107,27,1110,1114,14,12,1113,316,1885,1886,132],"class_list":{"0":"post-187866","1":"post","2":"type-post","3":"status-publish","4":"format-standard","5":"has-post-thumbnail","7":"category-russie","8":"tag-actu","9":"tag-actualite","10":"tag-actualites","11":"tag-argentine","12":"tag-breves","13":"tag-depeches","14":"tag-espions","15":"tag-faits-divers","16":"tag-federation-de-russie","17":"tag-fil","18":"tag-fil-info","19":"tag-flash","20":"tag-flash-actu","21":"tag-france","22":"tag-informations","23":"tag-infos","24":"tag-international","25":"tag-news","26":"tag-nouvelles","27":"tag-politique","28":"tag-russia","29":"tag-russian-federation","30":"tag-russie"},"share_on_mastodon":{"url":"https:\/\/pubeurope.com\/@fr\/114708893094938450","error":""},"_links":{"self":[{"href":"https:\/\/www.europesays.com\/fr\/wp-json\/wp\/v2\/posts\/187866","targetHints":{"allow":["GET"]}}],"collection":[{"href":"https:\/\/www.europesays.com\/fr\/wp-json\/wp\/v2\/posts"}],"about":[{"href":"https:\/\/www.europesays.com\/fr\/wp-json\/wp\/v2\/types\/post"}],"author":[{"embeddable":true,"href":"https:\/\/www.europesays.com\/fr\/wp-json\/wp\/v2\/users\/2"}],"replies":[{"embeddable":true,"href":"https:\/\/www.europesays.com\/fr\/wp-json\/wp\/v2\/comments?post=187866"}],"version-history":[{"count":0,"href":"https:\/\/www.europesays.com\/fr\/wp-json\/wp\/v2\/posts\/187866\/revisions"}],"wp:featuredmedia":[{"embeddable":true,"href":"https:\/\/www.europesays.com\/fr\/wp-json\/wp\/v2\/media\/187867"}],"wp:attachment":[{"href":"https:\/\/www.europesays.com\/fr\/wp-json\/wp\/v2\/media?parent=187866"}],"wp:term":[{"taxonomy":"category","embeddable":true,"href":"https:\/\/www.europesays.com\/fr\/wp-json\/wp\/v2\/categories?post=187866"},{"taxonomy":"post_tag","embeddable":true,"href":"https:\/\/www.europesays.com\/fr\/wp-json\/wp\/v2\/tags?post=187866"}],"curies":[{"name":"wp","href":"https:\/\/api.w.org\/{rel}","templated":true}]}}