{"id":187870,"date":"2025-06-19T07:40:09","date_gmt":"2025-06-19T07:40:09","guid":{"rendered":"https:\/\/www.europesays.com\/fr\/187870\/"},"modified":"2025-06-19T07:40:09","modified_gmt":"2025-06-19T07:40:09","slug":"les-reseaux-sociaux-des-etudiants-etrangers-passes-au-crible-pour-valider-leur-demande-de-visa","status":"publish","type":"post","link":"https:\/\/www.europesays.com\/fr\/187870\/","title":{"rendered":"les r\u00e9seaux sociaux des \u00e9tudiants \u00e9trangers pass\u00e9s au crible pour valider leur demande de visa"},"content":{"rendered":"<p>Les autorit\u00e9s am\u00e9ricaines vont ordonner aux \u00e9tudiants \u00e9trangers d\u2019activer un acc\u00e8s public \u00e0 leurs r\u00e9seaux sociaux pour v\u00e9rifier qu\u2019ils ne postent pas de contenus contre les \u00c9tats-Unis.<\/p>\n<p class=\"fig-paragraph\">Les \u00e9trangers souhaitant \u00e9tudier aux \u00c9tats-Unis verront leurs comptes sur les\u00a0<a href=\"http:\/\/www.lefigaro.fr\/secteur\/high-tech\/dossier\/facebook-a-20-ans-comment-les-reseaux-sociaux-ont-bouleverse-nos-vies\" data-fig-type=\"Topic\" data-gtm-custom-categorie=\"navigation\" data-gtm-custom-action=\"crossclick\" data-gtm-custom-label=\"Contextuel\" data-gtm-event=\"customEventSPE\" data-fig-domain=\"LEFIGARO\" target=\"_blank\" rel=\"noopener\">r\u00e9seaux sociaux<\/a>\u00a0pass\u00e9s au crible \u00e0 la recherche de contenus anti-am\u00e9ricains, selon de nouvelles directives communiqu\u00e9es ce mercredi par le d\u00e9partement d&rsquo;\u00c9tat, qui va reprendre le traitement des demandes. Ils seront notamment invit\u00e9s \u00e0 r\u00e9gler les param\u00e8tres de confidentialit\u00e9 de tous leurs comptes pour les mettre en mode \u00abpublic\u00bb afin que les agents consulaires puissent v\u00e9rifier les contenus, selon un haut responsable du d\u00e9partement d&rsquo;\u00c9tat sous couvert d&rsquo;anonymat.<\/p>\n<p class=\"fig-paragraph\">Les agents consulaires am\u00e9ricains proc\u00e9deront \u00e0 un \u00abcontr\u00f4le complet et approfondi de tous les \u00e9tudiants et visiteurs participant \u00e0 un programme d&rsquo;\u00e9change\u00bb, a-t-il dit. Cette \u00abv\u00e9rification renforc\u00e9e nous permettra de nous assurer que toute personne qui tente de se rendre dans notre pays soit correctement contr\u00f4l\u00e9e\u00bb, a ajout\u00e9 le responsable.<\/p>\n<p>Les prises de rendez-vous pour les visas suspendues en mai<\/p>\n<p class=\"fig-paragraph\">Le secr\u00e9taire d&rsquo;\u00c9tat am\u00e9ricain\u00a0<a href=\"http:\/\/www.lefigaro.fr\/international\/guerre-en-ukraine-marco-rubio-demande-au-chef-de-la-diplomatie-russe-de-negocier-de-bonne-foi-avec-kiev-20250529\" data-fig-type=\"NewsFlash\" data-gtm-custom-categorie=\"navigation\" data-gtm-custom-action=\"crossclick\" data-gtm-custom-label=\"Contextuel\" data-gtm-event=\"customEventSPE\" data-fig-domain=\"LEFIGARO\" target=\"_blank\" rel=\"noopener\">Marco Rubio<\/a>\u00a0avait ordonn\u00e9 fin mai aux ambassades et aux consulats de\u00a0<a href=\"http:\/\/www.lefigaro.fr\/international\/les-etats-unis-suspendent-le-traitement-des-demandes-de-visas-etudiants-afin-d-examiner-leurs-reseaux-sociaux-20250527\" data-fig-type=\"NewsFlash\" data-gtm-custom-categorie=\"navigation\" data-gtm-custom-action=\"crossclick\" data-gtm-custom-label=\"Contextuel\" data-gtm-event=\"customEventSPE\" data-fig-domain=\"LEFIGARO\" target=\"_blank\" rel=\"noopener\">suspendre la prise de rendez-vous pour les visas d&rsquo;\u00e9tudiants<\/a>\u00a0en attendant de nouvelles directives sur la v\u00e9rification des publications des demandeurs sur les r\u00e9seaux sociaux. Selon un d\u00e9cret pris d\u00e8s le premier jour de sa pr\u00e9sidence en janvier, Donald Trump avait appel\u00e9 \u00e0 un contr\u00f4le accru des personnes entrant aux \u00c9tats-Unis pour s&rsquo;assurer qu&rsquo;elles \u00abn&rsquo;aient pas d&rsquo;attitudes hostiles envers ses citoyens, sa culture, son gouvernement, ses institutions ou ses principes fondateurs\u00bb.<\/p>\n<p class=\"fig-paragraph\">Depuis lors, l&rsquo;administration Trump s&rsquo;est engag\u00e9e dans une s\u00e9rie de batailles contre les universit\u00e9s, annulant des milliers de visas et cherchant \u00e0\u00a0<a href=\"http:\/\/www.lefigaro.fr\/flash-actu\/harvard-conteste-en-justice-l-interdiction-par-trump-des-etudiants-etrangers-20250606\" data-fig-type=\"NewsFlash\" data-gtm-custom-categorie=\"navigation\" data-gtm-custom-action=\"crossclick\" data-gtm-custom-label=\"Contextuel\" data-gtm-event=\"customEventSPE\" data-fig-domain=\"LEFIGARO\" target=\"_blank\" rel=\"noopener\">interdire \u00e0 l&rsquo;universit\u00e9 Harvard d&rsquo;accueillir des \u00e9tudiants \u00e9trangers<\/a>. Marco Rubio a r\u00e9voqu\u00e9 des visas en grande partie d&rsquo;\u00e9tudiants ayant men\u00e9 des manifestations critiques \u00e0 l&rsquo;\u00e9gard de l&rsquo;offensive isra\u00e9lienne dans la bande de Gaza.<\/p>\n<p class=\"fig-paragraph\">En avril, le minist\u00e8re de la S\u00e9curit\u00e9 int\u00e9rieure a indiqu\u00e9 que les demandes des \u00e9tudiants \u00e9trangers seraient examin\u00e9es pour y rechercher toute \u00abactivit\u00e9 antis\u00e9mite\u00bb susceptible d&rsquo;entra\u00eener un refus de visa. Les universit\u00e9s am\u00e9ricaines attirent chaque ann\u00e9e des centaines de milliers d&rsquo;\u00e9tudiants \u00e9trangers notamment d&rsquo;Asie, en particulier chinois et indiens. Depuis plus de dix ans, le gouvernement am\u00e9ricain v\u00e9rifie les r\u00e9seaux sociaux des personnes qui cherchent \u00e0\u00a0<a href=\"http:\/\/www.lefigaro.fr\/international\/etats-unis-la-cour-supreme-autorise-trump-a-revoquer-le-statut-legal-d-un-demi-million-d-immigres-20250531\" data-fig-type=\"NewsFlash\" data-gtm-custom-categorie=\"navigation\" data-gtm-custom-action=\"crossclick\" data-gtm-custom-label=\"Contextuel\" data-gtm-event=\"customEventSPE\" data-fig-domain=\"LEFIGARO\" target=\"_blank\" rel=\"noopener\">immigrer aux \u00c9tats-Unis<\/a>\u00a0ou \u00e0 obtenir une carte verte.<\/p>\n","protected":false},"excerpt":{"rendered":"Les autorit\u00e9s am\u00e9ricaines vont ordonner aux \u00e9tudiants \u00e9trangers d\u2019activer un acc\u00e8s public \u00e0 leurs r\u00e9seaux sociaux pour v\u00e9rifier&hellip;\n","protected":false},"author":2,"featured_media":187871,"comment_status":"","ping_status":"","sticky":false,"template":"","format":"standard","meta":{"footnotes":""},"categories":[1589],"tags":[259,11,260,73,1866,6379,14,261,12,262,1864,1865,1863,308,2447],"class_list":{"0":"post-187870","1":"post","2":"type-post","3":"status-publish","4":"format-standard","5":"has-post-thumbnail","7":"category-etats-unis","8":"tag-actualite-internationale","9":"tag-actualites","10":"tag-affaires-etrangeres","11":"tag-etats-unis","12":"tag-etats-unis-damerique","13":"tag-etudiants","14":"tag-international","15":"tag-ministere-des-affaires-etrangeres","16":"tag-news","17":"tag-politique-etrangere","18":"tag-united-states","19":"tag-united-states-of-america","20":"tag-us","21":"tag-usa","22":"tag-visas"},"share_on_mastodon":{"url":"https:\/\/pubeurope.com\/@fr\/114708900945087006","error":""},"_links":{"self":[{"href":"https:\/\/www.europesays.com\/fr\/wp-json\/wp\/v2\/posts\/187870","targetHints":{"allow":["GET"]}}],"collection":[{"href":"https:\/\/www.europesays.com\/fr\/wp-json\/wp\/v2\/posts"}],"about":[{"href":"https:\/\/www.europesays.com\/fr\/wp-json\/wp\/v2\/types\/post"}],"author":[{"embeddable":true,"href":"https:\/\/www.europesays.com\/fr\/wp-json\/wp\/v2\/users\/2"}],"replies":[{"embeddable":true,"href":"https:\/\/www.europesays.com\/fr\/wp-json\/wp\/v2\/comments?post=187870"}],"version-history":[{"count":0,"href":"https:\/\/www.europesays.com\/fr\/wp-json\/wp\/v2\/posts\/187870\/revisions"}],"wp:featuredmedia":[{"embeddable":true,"href":"https:\/\/www.europesays.com\/fr\/wp-json\/wp\/v2\/media\/187871"}],"wp:attachment":[{"href":"https:\/\/www.europesays.com\/fr\/wp-json\/wp\/v2\/media?parent=187870"}],"wp:term":[{"taxonomy":"category","embeddable":true,"href":"https:\/\/www.europesays.com\/fr\/wp-json\/wp\/v2\/categories?post=187870"},{"taxonomy":"post_tag","embeddable":true,"href":"https:\/\/www.europesays.com\/fr\/wp-json\/wp\/v2\/tags?post=187870"}],"curies":[{"name":"wp","href":"https:\/\/api.w.org\/{rel}","templated":true}]}}