{"id":187874,"date":"2025-06-19T07:42:09","date_gmt":"2025-06-19T07:42:09","guid":{"rendered":"https:\/\/www.europesays.com\/fr\/187874\/"},"modified":"2025-06-19T07:42:09","modified_gmt":"2025-06-19T07:42:09","slug":"et-si-lyza-avait-represente-lallemagne-en-2025-a-bale","status":"publish","type":"post","link":"https:\/\/www.europesays.com\/fr\/187874\/","title":{"rendered":"\u00ab\u00a0Et si Lyza\u00a0avait repr\u00e9sent\u00e9 l\u2019Allemagne en 2025 \u00e0 B\u00e2le ?\u00a0\u00bb"},"content":{"rendered":"<p><strong>Ce jeudi, nous partons en Allemagne qui a termin\u00e9 cette ann\u00e9e \u00e0 la<\/strong> <strong>15e place lors de la finale. <\/strong><\/p>\n<p>L\u2019Allemagne a particip\u00e9 \u00e0 B\u00e2le avec <strong>Abor &amp; Tynna<\/strong> et leur titre <strong>\u00ab\u00a0Baller\u00a0\u00bb<\/strong> : pensez-vous que la candidate arriv\u00e9e deuxi\u00e8me de la s\u00e9lection allemande,<strong> Lyza <\/strong>avec la chanson <strong>\u00ab\u00a0Lovers On Mars\u00a0\u00bb<\/strong> aurait pu pr\u00e9tendre \u00e0 un meilleur classement ?<\/p>\n<\/p>\n<p><strong>Mon avis \u00e0 titre personnel :<\/strong><\/p>\n<p>Je ne peux pas le nier, \u00ab\u00a0Lovers On Mars\u00a0\u00bb est une tr\u00e8s jolie chanson et surtout, elle est remarquablement interpr\u00e9t\u00e9e par Lyza qui vocalement \u00e9tait largement au-dessus de Tynna, il n\u2019y a absolument aucun doute sur ce point-l\u00e0. Cependant, bien que la chanson soit int\u00e9ressante, elle n\u2019a rien de sp\u00e9ciale et ne pr\u00e9sente aucun \u00e9l\u00e9ment distinctif majeur qui l\u2019aurait mise en avant. La voix est certes importante au concours, mais ce n\u2019est le pas le seul crit\u00e8re qui fait le succ\u00e8s d\u2019une chanson et malgr\u00e9 cette qualit\u00e9 vocale ind\u00e9niable, je suis persuad\u00e9 que \u00ab\u00a0Lovers On Mars\u00a0\u00bb serait pass\u00e9e inaper\u00e7ue lors de la finale. Tout cela pour dire que \u00ab\u00a0Baller\u00a0\u00bb, avec son rythme et sa musicalit\u00e9 tr\u00e8s addictifs et agr\u00e9ables aux oreilles, \u00e9tait le bon choix \u00e0 faire pour B\u00e2le, m\u00eame avec les imperfections vocales \u00e9videntes.<\/p>\n<p>D\u00e9sormais, \u00e0 vous de vous exprimer, \u00e0 la fois en donnant votre avis \u00e0 travers un commentaire ou plus simplement en votant \u00ab\u00a0OUI\u00a0\u00bb ou \u00ab\u00a0NON\u00a0\u00bb dans le petit sondage ci-dessous :<\/p>\n<p>Demain, nous irons en Pologne pour ce 18e jour de pr\u00e9diction.<\/p>\n<p>J\u2019aime \u00e7a\u00a0:<\/p>\n<p>J\u2019aime chargement\u2026<\/p>\n<p><a class=\"sd-link-color\"\/><\/p>\n<p>\n\tSimilaire<\/p>\n","protected":false},"excerpt":{"rendered":"Ce jeudi, nous partons en Allemagne qui a termin\u00e9 cette ann\u00e9e \u00e0 la 15e place lors de la&hellip;\n","protected":false},"author":2,"featured_media":187875,"comment_status":"","ping_status":"","sticky":false,"template":"","format":"standard","meta":{"footnotes":""},"categories":[1587],"tags":[11,672,1804,1805,1803,1777,674,1801,12,1802],"class_list":{"0":"post-187874","1":"post","2":"type-post","3":"status-publish","4":"format-standard","5":"has-post-thumbnail","7":"category-allemagne","8":"tag-actualites","9":"tag-allemagne","10":"tag-bundesrepublik-deutschland","11":"tag-de","12":"tag-deutschland","13":"tag-eu","14":"tag-europe","15":"tag-germany","16":"tag-news","17":"tag-republique-federale-dallemagne"},"share_on_mastodon":{"url":"https:\/\/pubeurope.com\/@fr\/114708908802825630","error":""},"_links":{"self":[{"href":"https:\/\/www.europesays.com\/fr\/wp-json\/wp\/v2\/posts\/187874","targetHints":{"allow":["GET"]}}],"collection":[{"href":"https:\/\/www.europesays.com\/fr\/wp-json\/wp\/v2\/posts"}],"about":[{"href":"https:\/\/www.europesays.com\/fr\/wp-json\/wp\/v2\/types\/post"}],"author":[{"embeddable":true,"href":"https:\/\/www.europesays.com\/fr\/wp-json\/wp\/v2\/users\/2"}],"replies":[{"embeddable":true,"href":"https:\/\/www.europesays.com\/fr\/wp-json\/wp\/v2\/comments?post=187874"}],"version-history":[{"count":0,"href":"https:\/\/www.europesays.com\/fr\/wp-json\/wp\/v2\/posts\/187874\/revisions"}],"wp:featuredmedia":[{"embeddable":true,"href":"https:\/\/www.europesays.com\/fr\/wp-json\/wp\/v2\/media\/187875"}],"wp:attachment":[{"href":"https:\/\/www.europesays.com\/fr\/wp-json\/wp\/v2\/media?parent=187874"}],"wp:term":[{"taxonomy":"category","embeddable":true,"href":"https:\/\/www.europesays.com\/fr\/wp-json\/wp\/v2\/categories?post=187874"},{"taxonomy":"post_tag","embeddable":true,"href":"https:\/\/www.europesays.com\/fr\/wp-json\/wp\/v2\/tags?post=187874"}],"curies":[{"name":"wp","href":"https:\/\/api.w.org\/{rel}","templated":true}]}}