{"id":187876,"date":"2025-06-19T07:43:11","date_gmt":"2025-06-19T07:43:11","guid":{"rendered":"https:\/\/www.europesays.com\/fr\/187876\/"},"modified":"2025-06-19T07:43:11","modified_gmt":"2025-06-19T07:43:11","slug":"armement-leurope-de-la-defense-va-rester-un-combat-selon-francois-lenglet","status":"publish","type":"post","link":"https:\/\/www.europesays.com\/fr\/187876\/","title":{"rendered":"Armement : \u00ab\u00a0l&rsquo;Europe de la d\u00e9fense va rester un combat\u00a0\u00bb, selon Fran\u00e7ois Lenglet"},"content":{"rendered":"<p class=\"article-p mdl\">Lors du Salon du Bourget, l&rsquo;un des principaux salons a\u00e9ronautiques du monde, que le g\u00e9ant de la d\u00e9fense allemand Rheinmetall a annonc\u00e9 une nouvelle alliance avec la plus grosse start-up am\u00e9ricaine de l\u2019industrie de la d\u00e9fense, Anduril. Il s\u2019agit de fabriquer des drones de combat et des missiles. D\u00e9j\u00e0, en mai 2025, Rheinmetall avait annonc\u00e9\u00a0<a class=\"link\" href=\"https:\/\/www.lesechos.fr\/industrie-services\/air-defense\/missiles-le-coup-de-maitre-de-rheinmetall-et-lockheed-martin-2163172\" target=\"_blank\" rel=\"noopener\">un partenariat industriel et strat\u00e9gique<\/a>\u00a0avec l\u2019am\u00e9ricain Lockheed Martin, pour construire en Allemagne une usine de roquettes et de missiles, avec la technologie d\u2019outre-Atlantique.<\/p>\n<p class=\"article-p mdl\">C\u2019est un signe de plus que l\u2019Europe de la d\u00e9fense va rester un combat, parce qu\u2019il y avait des solutions europ\u00e9ennes pour ces accords et que ce sont des Am\u00e9ricains qui ont \u00e9t\u00e9 choisis. L\u2019Allemagne est, sur le plan strat\u00e9gique, align\u00e9e sur l\u2019Am\u00e9rique depuis des d\u00e9cennies.<\/p>\n<p>            Les \u00c9tats-Unis plut\u00f4t que l\u2019Europe<\/p>\n<p class=\"article-p mdl\">L\u2019Allemagne est largement \u00e9quip\u00e9e de militaires am\u00e9ricains, \u00e0 commencer par\u00a0<a class=\"link\" href=\"https:\/\/www.rtl.fr\/actu\/international\/edito-elon-musk-appelle-a-remplacer-les-avions-de-combat-par-des-drones-visionnaire-ou-provocateur-7900454238\" target=\"_blank\" rel=\"noopener\">les avions F-35<\/a>. Il y a des milliers de soldats am\u00e9ricains stationn\u00e9s en Allemagne. Aujourd\u2019hui, l\u2019industrie de la d\u00e9fense outre-Rhin conna\u00eet un puissant renouveau. Parce que la situation g\u00e9opolitique a chang\u00e9, avec la menace russe, et que le gouvernement va d\u00e9gager des dizaines de milliards d\u2019euros de cr\u00e9dits pour s\u2019\u00e9quiper. En plus, le pays conna\u00eet une crise grave pour son industrie traditionnelle, la chimie et l\u2019automobile. Il est donc d\u00e9sireux d\u2019investir les secteurs dans lesquels il n\u2019\u00e9tait pas ou peu pr\u00e9sent comme la d\u00e9fense.<\/p>\n<p class=\"article-p mdl\">Si vous associez renouveau industriel et tropisme am\u00e9ricain, \u00e7a donne des accords avec les \u00c9tats-Unis. C\u2019est ce qu\u2019on commence \u00e0 observer, dans le sillage de la\u00a0<a class=\"link\" href=\"https:\/\/www.lesechos.fr\/monde\/europe\/a-washington-une-premiere-rencontre-test-entre-merz-et-trump-2169097\" target=\"_blank\" rel=\"noopener\">rencontre entre le chancelier Merz et Donald Trump<\/a>, en juin 2025. Inutile de dire que pour les Am\u00e9ricains, ces partenariats sont une aubaine pour se d\u00e9velopper sur le march\u00e9 militaire europ\u00e9en, qui est en plein essor.<\/p>\n<p>            Des concurrents puissants pour l&rsquo;armement fran\u00e7ais ?<\/p>\n<p class=\"article-p mdl\">Il y aura des concurrents, oui, mais pas sur tous les march\u00e9s. En mati\u00e8re d\u2019avions de chasse, les Fran\u00e7ais de Dassault ont une avance consid\u00e9rable. Idem pour les sous-marins, notre autre sp\u00e9cialit\u00e9 avec <strong>Naval Group<\/strong>, ou l\u2019\u00e9lectronique et le spatial, avec <strong>Thal\u00e8s<\/strong>.\n<\/p>\n<p class=\"article-p mdl\">Sur le militaire terrestre, c\u2019est vrai. D\u2019ailleurs, notre champion, KNDS, anciennement Nexter, est d\u00e9j\u00e0 franco-allemand, puisque l\u2019\u00c9tat fran\u00e7ais et une famille d\u2019industriels d\u2019outre-Rhin sont d\u00e9j\u00e0 associ\u00e9s \u00e0 50\/50 au capital.\n<\/p>\n<p class=\"article-p mdl\">Pour l\u2019Europe de la D\u00e9fense, il y a deux sujets diff\u00e9rents. La <strong>coordination op\u00e9rationnelle des moyens militaires d\u2019un c\u00f4t\u00e9 et de l\u2019autre l\u2019industrie<\/strong>. On note pour celle-ci le lancement de programmes europ\u00e9ens pour le char ou l\u2019avion de combat de demain. Ces programmes, th\u00e9oriquement lanc\u00e9s, patinent, \u00e0 cause des rivalit\u00e9s habituelles entre les \u00e9tats et les industriels. C\u2019est l\u2019Europe ! Dans les deux cas, ce sont des chantiers titanesques, qui prendront le temps d\u2019une g\u00e9n\u00e9ration.<\/p>\n<p>    La r\u00e9daction vous recommande<\/p>\n<p class=\"s-newsletter__title\">\n                L\u2019actualit\u00e9 par la r\u00e9daction de RTL dans votre bo\u00eete mail.\n            <\/p>\n<p class=\"s-newsletter__subtitle\">\n                Gr\u00e2ce \u00e0 votre compte RTL abonnez-vous \u00e0 la newsletter RTL info pour suivre toute l&rsquo;actualit\u00e9 au quotidien\n            <\/p>\n<p>\n                                    Lire la suite\n                                <\/p>\n","protected":false},"excerpt":{"rendered":"Lors du Salon du Bourget, l&rsquo;un des principaux salons a\u00e9ronautiques du monde, que le g\u00e9ant de la d\u00e9fense&hellip;\n","protected":false},"author":2,"featured_media":187877,"comment_status":"","ping_status":"","sticky":false,"template":"","format":"standard","meta":{"footnotes":""},"categories":[1586],"tags":[11,672,1924,13796,554,73,1777,674,107,1011,27,693,1922,12,20743,362,360,25,364],"class_list":{"0":"post-187876","1":"post","2":"type-post","3":"status-publish","4":"format-standard","5":"has-post-thumbnail","7":"category-europe","8":"tag-actualites","9":"tag-allemagne","10":"tag-armement","11":"tag-avions","12":"tag-defense","13":"tag-etats-unis","14":"tag-eu","15":"tag-europe","16":"tag-fil-info","17":"tag-fr","18":"tag-france","19":"tag-industrie","20":"tag-info","21":"tag-news","22":"tag-partenariats","23":"tag-replay","24":"tag-replay-integral","25":"tag-republique-francaise","26":"tag-union-europeenne"},"share_on_mastodon":{"url":"https:\/\/pubeurope.com\/@fr\/114708912778242089","error":""},"_links":{"self":[{"href":"https:\/\/www.europesays.com\/fr\/wp-json\/wp\/v2\/posts\/187876","targetHints":{"allow":["GET"]}}],"collection":[{"href":"https:\/\/www.europesays.com\/fr\/wp-json\/wp\/v2\/posts"}],"about":[{"href":"https:\/\/www.europesays.com\/fr\/wp-json\/wp\/v2\/types\/post"}],"author":[{"embeddable":true,"href":"https:\/\/www.europesays.com\/fr\/wp-json\/wp\/v2\/users\/2"}],"replies":[{"embeddable":true,"href":"https:\/\/www.europesays.com\/fr\/wp-json\/wp\/v2\/comments?post=187876"}],"version-history":[{"count":0,"href":"https:\/\/www.europesays.com\/fr\/wp-json\/wp\/v2\/posts\/187876\/revisions"}],"wp:featuredmedia":[{"embeddable":true,"href":"https:\/\/www.europesays.com\/fr\/wp-json\/wp\/v2\/media\/187877"}],"wp:attachment":[{"href":"https:\/\/www.europesays.com\/fr\/wp-json\/wp\/v2\/media?parent=187876"}],"wp:term":[{"taxonomy":"category","embeddable":true,"href":"https:\/\/www.europesays.com\/fr\/wp-json\/wp\/v2\/categories?post=187876"},{"taxonomy":"post_tag","embeddable":true,"href":"https:\/\/www.europesays.com\/fr\/wp-json\/wp\/v2\/tags?post=187876"}],"curies":[{"name":"wp","href":"https:\/\/api.w.org\/{rel}","templated":true}]}}