{"id":187882,"date":"2025-06-19T07:46:10","date_gmt":"2025-06-19T07:46:10","guid":{"rendered":"https:\/\/www.europesays.com\/fr\/187882\/"},"modified":"2025-06-19T07:46:10","modified_gmt":"2025-06-19T07:46:10","slug":"aux-etats-unis-les-consequences-graves-du-programme-dexpulsion-de-trump-sur-leconomie","status":"publish","type":"post","link":"https:\/\/www.europesays.com\/fr\/187882\/","title":{"rendered":"Aux \u00c9tats-Unis, les cons\u00e9quences graves du programme d\u2019expulsion de Trump sur l&rsquo;\u00e9conomie"},"content":{"rendered":"<p>Cela va \u00eatre le \u00ab\u00a0plus grand programme d&rsquo;expulsions massives de l&rsquo;histoire\u00a0\u00bb, a promis Donald Trump. Depuis son arriv\u00e9e \u00e0 la Maison-Blanche, le pr\u00e9sident am\u00e9ricain a fait de la lutte contre l&rsquo;immigration clandestine une de ses grandes priorit\u00e9s. Mais ces derniers jours, des manifestations ont eu lieu \u00e0 travers tous le pays pour d\u00e9noncer les descentes d&rsquo;agents de la police f\u00e9d\u00e9rale de l&rsquo;immigration (ICE) arr\u00eatant des immigr\u00e9s ill\u00e9gaux, souvent m\u00eame sur leur lieu de travail.<\/p>\n<p>\u00c0 Los Angeles, o\u00f9 les manifestations ont commenc\u00e9 et se sont ensuite envenim\u00e9es par endroits, le pr\u00e9sident a d\u00e9ploy\u00e9 4\u00a0000 gardes nationaux et 700 marines, \u00e0 l&rsquo;encontre de la volont\u00e9 du maire de la ville et du gouverneur de Californie. Malgr\u00e9 ces mouvements, Donald Trump ne compte pas s&rsquo;arr\u00eater l\u00e0\u00a0: il a annonc\u00e9, dimanche, de nouvelles op\u00e9rations d&rsquo;expulsion \u00e0 Los Angeles, Chicago et New York. Des villes dirig\u00e9es d&rsquo;apr\u00e8s lui par des \u00ab\u00a0d\u00e9mocrates d&rsquo;extr\u00eame gauche\u00a0\u00bb \u00e0 \u00ab\u00a0l&rsquo;esprit malade\u00a0\u00bb.<\/p>\n<p>Pourtant, d\u00e9porter les immigr\u00e9s ill\u00e9gaux et ralentir l&rsquo;immigration pourrait co\u00fbter \u00e0 l&rsquo;\u00e9conomie am\u00e9ricaine. \u00ab\u00a0Sur tous les tableaux, les d\u00e9portations de masses nuiraient \u00e0 l&rsquo;\u00e9conomie am\u00e9ricaine\u00a0\u00bb, argue Romuald Sciora, chercheur associ\u00e9 \u00e0 l&rsquo;Iris et auteur de\u00a0L&rsquo;Am\u00e9rique \u00e9clat\u00e9e, plong\u00e9e au c\u0153ur d&rsquo;une nation en d\u00e9liquescence\u00a0(Armand Colin).\u00a0D&rsquo;apr\u00e8s les chiffres de Goldman Sachs, le ralentissement de l&rsquo;immigration ferait perdre 30 \u00e0 40 points de base \u00e0 la croissance du PIB am\u00e9ricain par rapport au rythme de 2023-2024.<\/p>\n<p>Des secteurs en manque de main-d&rsquo;\u0153uvre<\/p>\n<p>Car les immigr\u00e9s contribuent \u00e0 l&rsquo;\u00e9conomie am\u00e9ricaine. Romuald Sciora distingue deux cat\u00e9gories chez les immigr\u00e9s ill\u00e9gaux. Ceux qui sont tr\u00e8s bien int\u00e9gr\u00e9s\u00a0: ils sont propri\u00e9taires, peuvent avoir une entreprise, sont mari\u00e9s avec des Am\u00e9ricain(e)s,\u00a0etc. \u00ab\u00a0Ce sont malheureusement bien souvent des cibles faciles pour l&rsquo;administration Trump car ils savent o\u00f9 les trouver\u00a0\u00bb, pointe-t-il.<\/p>\n<p>Les autres sont moins bien int\u00e9gr\u00e9s, mais ils servent de main-d&rsquo;\u0153uvre dans l&rsquo;agriculture et l&rsquo;industrie. En l&rsquo;occurrence, des chefs d&rsquo;entreprise montent au cr\u00e9neau ces jours-ci pour d\u00e9noncer les expulsions d&rsquo;immigr\u00e9s ill\u00e9gaux, notamment dans les fermes ou encore les usines, rapporte le Wall Street Journal\u00a0(WSJ).\u00a0\u00ab De graves perturbations de notre approvisionnement alimentaire seraient pr\u00e9judiciables aux Am\u00e9ricains \u00bb, a m\u00eame comment\u00e9 Brooke Rollins, secr\u00e9taire \u00e0 l&rsquo;Agriculture des \u00c9tats-Unis, dans un message post\u00e9 sur le r\u00e9seau social X.<\/p>\n<p>D&rsquo;apr\u00e8s les chiffres de Goldman Sachs, les immigr\u00e9s qui ne d\u00e9tiennent ni visa, ni carte verte, repr\u00e9sentent 4\u00a0% \u00e0 5 % de la main-d&rsquo;\u0153uvre am\u00e9ricaine totale. Et de 15\u00a0% \u00e0 20 % dans les secteurs agricoles, agroalimentaires et de la construction. Une perte de cette main-d&rsquo;\u0153uvre \u00ab\u00a0pourrait entra\u00eener des goulots d&rsquo;\u00e9tranglement temporaires de la production, des p\u00e9nuries et des hausses de prix\u00a0\u00bb, avance la note de la banque. Certains secteurs ont des besoins criants de main-d&rsquo;\u0153uvre, comme celui de la construction, qui aurait besoin de 500\u00a0000 travailleurs en plus, rapporte le WSJ.<\/p>\n<p>\u00ab\u00a0Si demain, Donald Trump d\u00e9cidait de d\u00e9porter l&rsquo;int\u00e9gralit\u00e9 des immigr\u00e9s ill\u00e9gaux des \u00c9tats-Unis, ce serait une catastrophe dans beaucoup de secteurs et cela cr\u00e9erait des crises locales, car ces gens consomment, payent leurs imp\u00f4ts&#8230;\u00a0\u00bb, avance quant \u00e0 lui Romuald Sciora.<\/p>\n<p>Des d\u00e9portations qui ont un prix<\/p>\n<p>\u00c0 la question de savoir si les immigr\u00e9s remplacent les travailleurs am\u00e9ricains, un argument pl\u00e9biscit\u00e9 par d\u00e9fenseurs d&rsquo;une ligne anti-immigration, la r\u00e9ponse est plus complexe. Pour le Migration Policy Institute, un think tank\u00a0non partisan, les immigr\u00e9s occupent le plus souvent des postes \u00ab\u00a0aux extr\u00e9mit\u00e9s sup\u00e9rieures et inf\u00e9rieures du spectre \u00e9ducatif des emplois\u00a0\u00bb, c&rsquo;est-\u00e0-dire qu&rsquo;ils occupent des postes souvent compl\u00e9mentaires. Des emplois qui demandent des comp\u00e9tences sp\u00e9cialis\u00e9es ou \u00e0 l&rsquo;inverse qui proposent des conditions de travail moins enviables avec des salaires beaucoup plus bas.<\/p>\n<p>De son c\u00f4t\u00e9, Romuald Sciora estime que cela peut \u00eatre le cas dans certains \u00c9tats d\u00e9sindustrialis\u00e9s, avec une \u00ab\u00a0paup\u00e9risation plus importante\u00a0\u00bb car les immigr\u00e9s, ici ill\u00e9gaux, occupent des emplois mal pay\u00e9s que \u00ab\u00a0les employeurs refuseraient de payer plus cher\u00a0\u00bb. Selon lui, la solution r\u00e9siderait dans la \u00ab\u00a0r\u00e9gularisation de ces immigr\u00e9s ill\u00e9gaux\u00a0\u00bb\u00a0dans le territoire. \u00ab Si on choisit cette solution, les immigr\u00e9s pourraient demander des salaires d\u00e9cents, ce qui ne sera pas au go\u00fbt des entreprises, c&rsquo;est pour \u00e7a que rien ne change depuis quarante ans\u00a0\u00bb, argue-t-il.<\/p>\n<p>Par ailleurs, les politiques anti-immigration co\u00fbtent \u00e9galement de l&rsquo;argent. \u00ab\u00a0Les d\u00e9portations co\u00fbtent plus cher que de r\u00e9gulariser ces personnes qui participent \u00e0 l&rsquo;\u00e9conomie locale\u00a0\u00bb, pointe Romuald Sciora. En effet, d&rsquo;apr\u00e8s le minist\u00e8re de la S\u00e9curit\u00e9 int\u00e9rieure, arr\u00eater, placer en d\u00e9tention et expulser une personne du territoire am\u00e9ricain co\u00fbteraient 17 121 dollars (15 104 euros). Dans le m\u00e9ga projet fiscal du pr\u00e9sident am\u00e9ricain, plus de 46 milliards de dollars sont pr\u00e9vus pour la construction du mur entre le Mexique et les \u00c9tats-Unis. 70 milliards sont aussi r\u00e9serv\u00e9s pour la s\u00e9curit\u00e9 aux fronti\u00e8res.<\/p>\n<p>Il n&#8217;emp\u00eache, l&rsquo;administration Trump n&rsquo;a pas l&rsquo;air de vouloir faire marche arri\u00e8re. Outre le programme d&rsquo;expulsions en cours, elle envisage \u00e9galement d&rsquo;\u00e9tendre ses restrictions d&rsquo;entr\u00e9e \u00e0 36 nouveaux pays (20 sont pour le moment concern\u00e9s). Ce qui repr\u00e9senterait en tout 18 % de la population mondiale.<\/p>\n","protected":false},"excerpt":{"rendered":"Cela va \u00eatre le \u00ab\u00a0plus grand programme d&rsquo;expulsions massives de l&rsquo;histoire\u00a0\u00bb, a promis Donald Trump. Depuis son arriv\u00e9e&hellip;\n","protected":false},"author":2,"featured_media":187883,"comment_status":"","ping_status":"","sticky":false,"template":"","format":"standard","meta":{"footnotes":""},"categories":[2],"tags":[17,11,1007,32564,32565,33,73,1011,27,18725,151,12,5240,25],"class_list":{"0":"post-187882","1":"post","2":"type-post","3":"status-publish","4":"format-standard","5":"has-post-thumbnail","7":"category-actualites","8":"tag-17","9":"tag-actualites","10":"tag-aux","11":"tag-consequences","12":"tag-dexpulsion","13":"tag-economie","14":"tag-etats-unis","15":"tag-fr","16":"tag-france","17":"tag-graves","18":"tag-les","19":"tag-news","20":"tag-programme","21":"tag-republique-francaise"},"share_on_mastodon":{"url":"https:\/\/pubeurope.com\/@fr\/114708924522213799","error":""},"_links":{"self":[{"href":"https:\/\/www.europesays.com\/fr\/wp-json\/wp\/v2\/posts\/187882","targetHints":{"allow":["GET"]}}],"collection":[{"href":"https:\/\/www.europesays.com\/fr\/wp-json\/wp\/v2\/posts"}],"about":[{"href":"https:\/\/www.europesays.com\/fr\/wp-json\/wp\/v2\/types\/post"}],"author":[{"embeddable":true,"href":"https:\/\/www.europesays.com\/fr\/wp-json\/wp\/v2\/users\/2"}],"replies":[{"embeddable":true,"href":"https:\/\/www.europesays.com\/fr\/wp-json\/wp\/v2\/comments?post=187882"}],"version-history":[{"count":0,"href":"https:\/\/www.europesays.com\/fr\/wp-json\/wp\/v2\/posts\/187882\/revisions"}],"wp:featuredmedia":[{"embeddable":true,"href":"https:\/\/www.europesays.com\/fr\/wp-json\/wp\/v2\/media\/187883"}],"wp:attachment":[{"href":"https:\/\/www.europesays.com\/fr\/wp-json\/wp\/v2\/media?parent=187882"}],"wp:term":[{"taxonomy":"category","embeddable":true,"href":"https:\/\/www.europesays.com\/fr\/wp-json\/wp\/v2\/categories?post=187882"},{"taxonomy":"post_tag","embeddable":true,"href":"https:\/\/www.europesays.com\/fr\/wp-json\/wp\/v2\/tags?post=187882"}],"curies":[{"name":"wp","href":"https:\/\/api.w.org\/{rel}","templated":true}]}}