{"id":187888,"date":"2025-06-19T07:49:14","date_gmt":"2025-06-19T07:49:14","guid":{"rendered":"https:\/\/www.europesays.com\/fr\/187888\/"},"modified":"2025-06-19T07:49:14","modified_gmt":"2025-06-19T07:49:14","slug":"un-joueur-professionnel-va-disputer-en-famille-un-tournoi-de-volley-ball-sur-herbe-a-sable-sur-sarthe","status":"publish","type":"post","link":"https:\/\/www.europesays.com\/fr\/187888\/","title":{"rendered":"Un joueur professionnel va disputer en famille un tournoi de volley-ball sur herbe \u00e0 Sabl\u00e9-sur-Sarthe"},"content":{"rendered":"<p>            Par<br \/>\n        <strong><br \/>\n            <a href=\"https:\/\/actu.fr\/auteur\/thomas-cherbonnel\" title=\"Consulter tous les articles de Thomas Cherbonnel\" rel=\"nofollow noopener\" target=\"_blank\">Thomas Cherbonnel<\/a><br \/>\n        <\/strong><\/p>\n<p>        Publi\u00e9 le<\/p>\n<p>            18 juin 2025 \u00e0 16h30        <\/p>\n<p>Le club de <b>volley<\/b> de <b>Sabl\u00e9-sur-Sarthe <\/b>organise la deuxi\u00e8me \u00e9dition de son tournoi de <b>volley sur herbe (3\u00a0contre 3)<\/b>, ce <b>dimanche 22\u00a0juin 2025<\/b>, \u00e0 partir de <b>10\u00a0heures<\/b>. Et au moment de jeter un coup d\u2019\u0153il sur la liste des engag\u00e9es, un nom retient l\u2019attention\u2009: <b>Ponsin<\/b>. Alexandre et ses fils, <b>Ars\u00e8ne <\/b>et <b>Augustin<\/b>, participeront \u00e0 la comp\u00e9tition.<\/p>\n<p class=\" wall-content\">Le pr\u00e9nom qui parle le plus dans la cit\u00e9 sabolienne, c\u2019est probablement celui d\u2019<b>Alexandre<\/b>. Ce dernier a achet\u00e9 une maison secondaire dans la commune voisine de <b>Coss\u00e9-en-Champagne<\/b> (<a href=\"https:\/\/actu.fr\/pays-de-la-loire\/mayenne_53\" rel=\"nofollow noopener\" target=\"_blank\">en Mayenne<\/a>), il y a un peu plus de dix ans.<\/p>\n<p class=\" wall-content\">D\u00e9sormais, il y passe une <b>bonne partie de son temps<\/b>, puisque s\u2019il continue d\u2019\u00eatre une partie de sa semaine, \u00e0 <b>Paris<\/b> pour sa vie professionnelle, <b>l\u2019homme de 53\u00a0ans<\/b> passe le reste de son temps \u00e0 <b>Coss\u00e9-en-Champagne<\/b>.<\/p>\n<p>    <img   decoding=\"async\" loading=\"lazy\" class=\"size-large\" src=\"https:\/\/www.europesays.com\/fr\/wp-content\/uploads\/2025\/06\/c48d7c6d10586da8d7c6d1058656e7v-960x640.jpeg\" alt=\"Alexandre Ponsin.\" width=\"960\" height=\"640\"\/><br \/>\n    Alexandre Ponsin est licenci\u00e9 au club de Sabl\u00e9. \u00a9DRAlexandre Ponsin a connu le haut-niveau<\/p>\n<p class=\" wall-content\"><b>En 2023<\/b>, il a pris une licence avec sa compagne Jeanne au club de volley de Sabl\u00e9, \u00ab\u2009pour continuer \u00e0 faire un peu de volley\u2009\u00bb. Mais Alexandre a \u00e9volu\u00e9 bien plus haut en tant que pointu (attaquant). \u00ab\u2009J\u2019ai jou\u00e9 en pro pendant une petite dizaine d\u2019ann\u00e9es au<b> Plessis-Robinson<\/b> (<b>Hauts-de-Seine)<\/b>\u2009\u00bb.<\/p>\n<p class=\" wall-content\">Celui qui voit ce sport d\u2019\u00e9quipe comme un bon exutoire a encore de beaux restes, puisque lui et son \u00e9quipe ont termin\u00e9 2e de R\u00e9gionale. Et cela alors qu\u2019ils \u00e9taient promus \u00e0 ce niveau. Et en cas de d\u00e9sistements de certaines \u00e9quipes, ils pourraient m\u00eame monter en Pr\u00e9-nationale\u2009!<\/p>\n<p>    <img   decoding=\"async\" loading=\"lazy\" class=\"size-large\" src=\"https:\/\/www.europesays.com\/fr\/wp-content\/uploads\/2025\/06\/cc06649a10586c116649a105884d66v-960x640.jpg\" alt=\"Ars\u00e8ne Ponsin\" width=\"960\" height=\"640\"\/><br \/>\n    Ars\u00e8ne Ponsin est volleyeur professionnel. Il \u00e9voluait jusqu\u2019\u00e0 cette saison au club du Plessis Robinson. \u00a9DRArs\u00e8ne est joueur professionnel<\/p>\n<p class=\" wall-content\">La passion du volley, Alexandre Ponsin l\u2019a transmise \u00e0 ses enfants. \u00c0 commencer par Ars\u00e8ne. \u00c2g\u00e9 de <b>23\u00a0ans<\/b>, il a suivi les traces en choisissant aussi une carri\u00e8re de sportif de haut niveau. Celui qui \u00e9volue au poste de r\u00e9ceptionneur attaquant a pass\u00e9 cinq ans au <b>Plessis-Robinson<\/b>. \u00ab\u2009J\u2019\u00e9tais d\u2019abord au centre de formation puis cette saison je venais de signer mon premier contrat pro.\u2009\u00bb<\/p>\n<p class=\" wall-content\">Lors du prochain exercice, Ars\u00e8ne va d\u00e9couvrir un nouveau championnat car il a sign\u00e9 dans le club de <b>Louvain <\/b>en <b>Belgique<\/b>.<\/p>\n<p class=\" wall-content\">\u00ab\u2009Cela faisait cinq ans que j\u2019\u00e9tais dans le m\u00eame club. Je voulais voir autre chose, sortir un peu de ma zone de confort ici \u00e0 Paris. Aller chercher un peu plus de temps de jeu dans un championnat qui est peut-\u00eatre un peu moins fort mais dans lequel je peux quand m\u00eame d\u00e9velopper.\u2009\u00bb<\/p>\n<p class=\" wall-content\">Avec son nouveau club, Ars\u00e8ne aura la possibilit\u00e9 de jouer la <b>Ligue des champions<\/b>. Le joueur professionnel voit une chose que son papa parvient \u00e0 faire mieux que lui sur le terrain\u2009: \u00ab\u2009rentrer dans la t\u00eate des adversaires\u2009\u00bb.<\/p>\n<p>\u00ab\u2009Une tr\u00e8s grosse technique\u2009\u00bb<\/p>\n<p class=\" wall-content\">Quel regard \u00e0<b> Alexandre<\/b> sur le parcours de son fils\u2009? \u00ab\u2009C\u2019est quelque chose dont je suis tr\u00e8s fier [\u2026] Ars\u00e8ne est dot\u00e9 d\u2019une tr\u00e8s grosse technique. Il n\u2019est pas tr\u00e8s grand pour un volleyeur (ndlr\u2009: Ars\u00e8ne mesure 1m86). Mais il a une vitesse et une d\u00e9tente assez impressionnante. Il sort son \u00e9pingle du jeu dans un championnat qui est plut\u00f4t avec des gabarits de 1 m 95 \u2013 2 m. Il a su se battre avec ses armes et devenir titulaire\u2009\u00bb, note celui qui \u00e9volue d\u00e9sormais comme son fils au poste de <b>r\u00e9ceptionneur attaquant<\/b>.<\/p>\n<p>Augustin champion du monde de MMA<\/p>\n<p class=\" wall-content\">Le troisi\u00e8me membre de l\u2019\u00e9quipe pour le tournoi de Sabl\u00e9, c\u2019est <b>Augustin<\/b>, fr\u00e8re cadet <b>d\u2019Ars\u00e8ne<\/b>.<\/p>\n<p class=\" wall-content\"><b>L\u2019homme de 21\u00a0ans<\/b>, a lui aussi pratiqu\u00e9 le volley jusqu\u2019en <b>Nationale 3<\/b>. Mais il a d\u00e9cid\u00e9 d\u2019arr\u00eater, il y a trois ans pour se consacrer aux sports de combat. Fin 2024, il a obtenu le titre de champion du monde de <b>MMA<\/b>, en ligue amateur.<\/p>\n<p>    <img   decoding=\"async\" loading=\"lazy\" class=\"size-large\" src=\"https:\/\/www.europesays.com\/fr\/wp-content\/uploads\/2025\/06\/52b878dd10586b6b878dd1058aab87v-869x640.jpg\" alt=\"Augustin Ponsin\" width=\"869\" height=\"640\"\/><br \/>\n    Augustin Ponsin est champion du monde de MMA en ligue amateur. \u00a9DRUn trio en route vers la victoire\u2009?<\/p>\n<p class=\" wall-content\">Mais alors les <b>Ponsin <\/b>abordent ce tournoi sur herbe avec quel objectif\u2009? \u00ab\u2009La victoire c\u2019est clairement l\u2019ambition. Mais Ars\u00e8ne a choisi de ne pas jouer en attaque, mais plut\u00f4t de nous faire des passes. Peut-\u00eatre qu\u2019on le mettra \u00e0 l\u2019attaque pour les derniers matchs. Cela nous donnera un peu plus de chance\u2009\u00bb, sourit Alexandre Ponsin.<\/p>\n<p class=\" wall-content\">\u00ab\u2009Je ne suis pas \u00e0 100\u2009% physiquement. Je vais \u00e9viter de faire n\u2019importe quoi et de trop sauter et de trop prendre de risque\u2009\u00bb, temp\u00e8re Ars\u00e8ne. Mais \u00ab\u2009l\u2019objectif sera de gagner et tout donner pour le faire\u2009\u00bb.<\/p>\n<p class=\" wall-content\">Avec ce tournoi, \u00ab\u2009C\u2019est le moment de faire du volley, de pouvoir d\u00e9compenser avec une ambiance plus cool\u2009\u00bb, note celui dont la saison est termin\u00e9e depuis quelques semaines.<\/p>\n<p>Tournoi de volley sur herbe, dimanche 22\u00a0juin, \u00e0 partir de 10\u00a0heures, \u00e0 l\u2019hippodrome de Sabl\u00e9-sur-Sarthe.<\/p>\n<p class=\" wall-content\">Suivez toute l\u2019actualit\u00e9 de vos villes et m\u00e9dias favoris en vous inscrivant \u00e0 <a href=\"https:\/\/moncompte.actu.fr\" title=\"D\u00e9couvez Mon Actu\" rel=\"nofollow noopener\" data-trk=\"{&quot;cta&quot;:{&quot;action&quot;:&quot;https:\\\/\\\/moncompte.actu.fr&quot;,&quot;category&quot;:&quot;mon compte&quot;,&quot;from&quot;:&quot;article footer&quot;,&quot;name&quot;:&quot;Mon actu&quot;,&quot;type&quot;:&quot;cta&quot;}}\" target=\"_blank\">Mon Actu<\/a>.<\/p>\n","protected":false},"excerpt":{"rendered":"Par Thomas Cherbonnel Publi\u00e9 le 18 juin 2025 \u00e0 16h30 Le club de volley de Sabl\u00e9-sur-Sarthe organise la&hellip;\n","protected":false},"author":2,"featured_media":187889,"comment_status":"","ping_status":"","sticky":false,"template":"","format":"standard","meta":{"footnotes":""},"categories":[1417],"tags":[1011,27,60,1470,1469],"class_list":{"0":"post-187888","1":"post","2":"type-post","3":"status-publish","4":"format-standard","5":"has-post-thumbnail","7":"category-volley","8":"tag-fr","9":"tag-france","10":"tag-sports","11":"tag-volley","12":"tag-volleyball"},"share_on_mastodon":{"url":"https:\/\/pubeurope.com\/@fr\/114708936520118680","error":""},"_links":{"self":[{"href":"https:\/\/www.europesays.com\/fr\/wp-json\/wp\/v2\/posts\/187888","targetHints":{"allow":["GET"]}}],"collection":[{"href":"https:\/\/www.europesays.com\/fr\/wp-json\/wp\/v2\/posts"}],"about":[{"href":"https:\/\/www.europesays.com\/fr\/wp-json\/wp\/v2\/types\/post"}],"author":[{"embeddable":true,"href":"https:\/\/www.europesays.com\/fr\/wp-json\/wp\/v2\/users\/2"}],"replies":[{"embeddable":true,"href":"https:\/\/www.europesays.com\/fr\/wp-json\/wp\/v2\/comments?post=187888"}],"version-history":[{"count":0,"href":"https:\/\/www.europesays.com\/fr\/wp-json\/wp\/v2\/posts\/187888\/revisions"}],"wp:featuredmedia":[{"embeddable":true,"href":"https:\/\/www.europesays.com\/fr\/wp-json\/wp\/v2\/media\/187889"}],"wp:attachment":[{"href":"https:\/\/www.europesays.com\/fr\/wp-json\/wp\/v2\/media?parent=187888"}],"wp:term":[{"taxonomy":"category","embeddable":true,"href":"https:\/\/www.europesays.com\/fr\/wp-json\/wp\/v2\/categories?post=187888"},{"taxonomy":"post_tag","embeddable":true,"href":"https:\/\/www.europesays.com\/fr\/wp-json\/wp\/v2\/tags?post=187888"}],"curies":[{"name":"wp","href":"https:\/\/api.w.org\/{rel}","templated":true}]}}