{"id":187892,"date":"2025-06-19T07:51:09","date_gmt":"2025-06-19T07:51:09","guid":{"rendered":"https:\/\/www.europesays.com\/fr\/187892\/"},"modified":"2025-06-19T07:51:09","modified_gmt":"2025-06-19T07:51:09","slug":"atp-darren-cahill-coach-de-sinner-jai-un-peu-de-mal-a-comparer-jannik-et-alcaraz-a-federer-nadal-et-djokovic-car-je-ne-pense-pas-que-ce-soit-juste","status":"publish","type":"post","link":"https:\/\/www.europesays.com\/fr\/187892\/","title":{"rendered":"ATP > Darren Cahill, coach de Sinner : \u00ab\u00a0J&rsquo;ai un peu de mal \u00e0 comparer Jannik et Alcaraz \u00e0 Federer, Nadal et Djokovic car je ne pense pas que ce soit juste\u00a0\u00bb"},"content":{"rendered":"<p>Co\u2010entra\u00eeneur de Jannik Sinner avec Simone Vagnozzi, Darren Cahill a parti\u00adcip\u00e9 au podcast d\u2019Andy Roddick, dont les propos sont relay\u00e9s par <a href=\"https:\/\/www.tennisworlditalia.com\/tennis\/news\/Interviste_Tennis\/100488\/darren-cahill-fatico-a-paragonare-sinner-e-alcaraz-ai-big-3-non-penso-sia-giusto-\/\" data-wpel-link=\"external\" target=\"_blank\" rel=\"nofollow external noopener\">Tennis World Italia<\/a>. L\u2019Australien explique notam\u00adment pour\u00adquoi il est diffi\u00adcile de comparer les deux ph\u00e9no\u00adm\u00e8nes actuels \u00e0 Roger Federer, Rafael Nadal et Novak Djokovic.\u00a0<\/p>\n<p><strong>\u00ab\u202fJ\u2019ai un peu de mal \u00e0 comparer la grande domi\u00adna\u00adtion de Federer, Nadal et Djokovic avec Jannik et Carlos Alcaraz. Je ne pense pas que ce soit juste envers eux, je ne veux pas leur mettre davan\u00adtage de pres\u00adsion. Ils ont eu la chance d\u2019ana\u00adlyser ce que les trois ont fait avant eux. M\u00eame pendant leurs ann\u00e9es juniors, ils les ont vus s\u2019en\u00adtra\u00eener de pr\u00e8s. Ils b\u00e9n\u00e9\u00adfi\u00adcient donc d\u2019une forma\u00adtion incroyable, ils savent ce qu\u2019il faut faire pour atteindre ce niveau et c\u2019est un avan\u00adtage pour\u00a0eux\u202f\u00bb.<\/strong><\/p>\n<p class=\"post-published-date\" style=\"color: silver; font-size: 75%; text-align: left;\">Publi\u00e9 le jeudi 19 juin 2025 \u00e0 08:55<\/p>\n","protected":false},"excerpt":{"rendered":"Co\u2010entra\u00eeneur de Jannik Sinner avec Simone Vagnozzi, Darren Cahill a parti\u00adcip\u00e9 au podcast d\u2019Andy Roddick, dont les propos&hellip;\n","protected":false},"author":2,"featured_media":161705,"comment_status":"","ping_status":"","sticky":false,"template":"","format":"standard","meta":{"footnotes":""},"categories":[1415],"tags":[1744,105,2199,1011,27,1960,2127,60,1467],"class_list":{"0":"post-187892","1":"post","2":"type-post","3":"status-publish","4":"format-standard","5":"has-post-thumbnail","7":"category-tennis","8":"tag-alcaraz","9":"tag-djokovic","10":"tag-federer","11":"tag-fr","12":"tag-france","13":"tag-nadal","14":"tag-sinner","15":"tag-sports","16":"tag-tennis"},"share_on_mastodon":{"url":"https:\/\/pubeurope.com\/@fr\/114708944210857694","error":""},"_links":{"self":[{"href":"https:\/\/www.europesays.com\/fr\/wp-json\/wp\/v2\/posts\/187892","targetHints":{"allow":["GET"]}}],"collection":[{"href":"https:\/\/www.europesays.com\/fr\/wp-json\/wp\/v2\/posts"}],"about":[{"href":"https:\/\/www.europesays.com\/fr\/wp-json\/wp\/v2\/types\/post"}],"author":[{"embeddable":true,"href":"https:\/\/www.europesays.com\/fr\/wp-json\/wp\/v2\/users\/2"}],"replies":[{"embeddable":true,"href":"https:\/\/www.europesays.com\/fr\/wp-json\/wp\/v2\/comments?post=187892"}],"version-history":[{"count":0,"href":"https:\/\/www.europesays.com\/fr\/wp-json\/wp\/v2\/posts\/187892\/revisions"}],"wp:featuredmedia":[{"embeddable":true,"href":"https:\/\/www.europesays.com\/fr\/wp-json\/wp\/v2\/media\/161705"}],"wp:attachment":[{"href":"https:\/\/www.europesays.com\/fr\/wp-json\/wp\/v2\/media?parent=187892"}],"wp:term":[{"taxonomy":"category","embeddable":true,"href":"https:\/\/www.europesays.com\/fr\/wp-json\/wp\/v2\/categories?post=187892"},{"taxonomy":"post_tag","embeddable":true,"href":"https:\/\/www.europesays.com\/fr\/wp-json\/wp\/v2\/tags?post=187892"}],"curies":[{"name":"wp","href":"https:\/\/api.w.org\/{rel}","templated":true}]}}