{"id":187895,"date":"2025-06-19T07:54:09","date_gmt":"2025-06-19T07:54:09","guid":{"rendered":"https:\/\/www.europesays.com\/fr\/187895\/"},"modified":"2025-06-19T07:54:09","modified_gmt":"2025-06-19T07:54:09","slug":"salzbourg-assure-contre-pachuca-et-prend-la-tete-de-son-groupe-devant-le-real","status":"publish","type":"post","link":"https:\/\/www.europesays.com\/fr\/187895\/","title":{"rendered":"Salzbourg assure contre Pachuca et prend la t\u00eate de son groupe devant le Real"},"content":{"rendered":"<p>Salzbourg l\u2019a emport\u00e9 deux buts \u00e0 un contre le club mexicain de Pachuca. Les Autrichiens profitent de cette victoire pour se placer en premi\u00e8re place du groupe H, deux points devant le Real Madrid, tenu en \u00e9chec par Al-Hilal.<\/p>\n<p class=\"fig-paragraph\">Le RB Salzbourg a pris la t\u00eate du groupe H du\u00a0<a href=\"http:\/\/www.lefigaro.fr\/sports\/football\/coupe-du-monde-des-clubs-vitinha-continue-de-planer-de-l-autre-cote-de-l-atlantique-20250619\" data-fig-type=\"NewsFlash\" data-gtm-custom-categorie=\"navigation\" data-gtm-custom-action=\"crossclick\" data-gtm-custom-label=\"Contextuel\" data-gtm-event=\"customEventSPE\" data-fig-domain=\"LEFIGARO\" target=\"_blank\" rel=\"noopener\">Mondial des clubs<\/a>\u00a0en battant les Mexicains de Pachuca 2-1, jeudi \u00e0 Cincinnati. L&rsquo;\u00e9quipe autrichienne a ouvert le score gr\u00e2ce \u00e0 Oscar Gloukh (42e) avant une interruption de plus d&rsquo;une heure et demi \u00e0 la 54e minute en raison des mauvaises conditions m\u00e9t\u00e9orologiques et d&rsquo;un tr\u00e8s gros orage au-dessus du TQL Stadium.<\/p>\n<p class=\"fig-paragraph\">Pachuca a \u00e9galis\u00e9 d\u00e8s la reprise du jeu par Bryan Gonzalez (56e) mais Salzbourg a repris l&rsquo;avantage sur un but de Karim Onisiwo (76e) ce qui lui permet de dominer la poule H puisque le Real Madrid et les Saoudiens d&rsquo;Al Hilal s&rsquo;\u00e9taient quitt\u00e9s un peu plus t\u00f4t sur un score de parit\u00e9 (1-1).<\/p>\n","protected":false},"excerpt":{"rendered":"Salzbourg l\u2019a emport\u00e9 deux buts \u00e0 un contre le club mexicain de Pachuca. Les Autrichiens profitent de cette&hellip;\n","protected":false},"author":2,"featured_media":187896,"comment_status":"","ping_status":"","sticky":false,"template":"","format":"standard","meta":{"footnotes":""},"categories":[1412],"tags":[454,69,448,83,451,7151,64,450,449,1451,1452,1453,1454,1455,1011,27,452,453,66,446,447,70,4790,32566,60,455],"class_list":{"0":"post-187895","1":"post","2":"type-post","3":"status-publish","4":"format-standard","5":"has-post-thumbnail","7":"category-f1","8":"tag-ballon-dor","9":"tag-bundesliga","10":"tag-champions-league","11":"tag-coupe-de-france","12":"tag-coupe-du-monde","13":"tag-coupe-du-monde-des-clubs","14":"tag-equipe-de-france","15":"tag-euro","16":"tag-europa-league","17":"tag-f1","18":"tag-formula-1","19":"tag-formula1","20":"tag-formule-1","21":"tag-formule1","22":"tag-fr","23":"tag-france","24":"tag-italie","25":"tag-liga","26":"tag-ligue-1","27":"tag-ligue-2","28":"tag-ligue-des-champions","29":"tag-premier-league","30":"tag-real-madrid","31":"tag-salzbourg","32":"tag-sports","33":"tag-uefa"},"share_on_mastodon":{"url":"https:\/\/pubeurope.com\/@fr\/114708955975267565","error":""},"_links":{"self":[{"href":"https:\/\/www.europesays.com\/fr\/wp-json\/wp\/v2\/posts\/187895","targetHints":{"allow":["GET"]}}],"collection":[{"href":"https:\/\/www.europesays.com\/fr\/wp-json\/wp\/v2\/posts"}],"about":[{"href":"https:\/\/www.europesays.com\/fr\/wp-json\/wp\/v2\/types\/post"}],"author":[{"embeddable":true,"href":"https:\/\/www.europesays.com\/fr\/wp-json\/wp\/v2\/users\/2"}],"replies":[{"embeddable":true,"href":"https:\/\/www.europesays.com\/fr\/wp-json\/wp\/v2\/comments?post=187895"}],"version-history":[{"count":0,"href":"https:\/\/www.europesays.com\/fr\/wp-json\/wp\/v2\/posts\/187895\/revisions"}],"wp:featuredmedia":[{"embeddable":true,"href":"https:\/\/www.europesays.com\/fr\/wp-json\/wp\/v2\/media\/187896"}],"wp:attachment":[{"href":"https:\/\/www.europesays.com\/fr\/wp-json\/wp\/v2\/media?parent=187895"}],"wp:term":[{"taxonomy":"category","embeddable":true,"href":"https:\/\/www.europesays.com\/fr\/wp-json\/wp\/v2\/categories?post=187895"},{"taxonomy":"post_tag","embeddable":true,"href":"https:\/\/www.europesays.com\/fr\/wp-json\/wp\/v2\/tags?post=187895"}],"curies":[{"name":"wp","href":"https:\/\/api.w.org\/{rel}","templated":true}]}}