{"id":18790,"date":"2025-04-12T01:51:17","date_gmt":"2025-04-12T01:51:17","guid":{"rendered":"https:\/\/www.europesays.com\/fr\/18790\/"},"modified":"2025-04-12T01:51:17","modified_gmt":"2025-04-12T01:51:17","slug":"en-ile-de-france-la-pollution-de-lair-en-baisse-depuis-vingt-ans-liberation","status":"publish","type":"post","link":"https:\/\/www.europesays.com\/fr\/18790\/","title":{"rendered":"En Ile-de-France, la pollution de l\u2019air en baisse depuis vingt ans \u2013 Lib\u00e9ration"},"content":{"rendered":"<p class=\"sc-cPiKLX AiZTS text-element\">La <a href=\"https:\/\/www.liberation.fr\/societe\/sante\/ile-de-france-la-pollution-de-lair-a-continue-a-diminuer-en-2022-mais-reste-encore-trop-elevee-20230413_B5VK57HNXNADVPYSOMNY2KBOYI\/\" target=\"_blank\" rel=\"noopener\">tendance est bonne<\/a> malgr\u00e9 des impacts sanitaires toujours significatifs. Les niveaux de <a href=\"https:\/\/www.liberation.fr\/environnement\/pollution\/pollution-dans-les-villes-les-zfe-rendent-lair-moins-mortifere-20250407_DUCBVT4CWREUNFSHLKD2FEXDIM\/\" target=\"_blank\" rel=\"noopener\">pollution de l\u2019air<\/a> en Ile-de-France ont poursuivi en 2024 leur baisse enclench\u00e9e il y a vingt ans, annonce ce mercredi 9 avril Airparif, l\u2019organisme de surveillance de la qualit\u00e9 de l\u2019air dans la r\u00e9gion.<\/p>\n<p class=\"sc-cPiKLX AiZTS text-element\">Les concentrations de dioxyde d\u2019azote (NO2) &#8211; un gaz polluant qui aggrave notamment le risque de mortalit\u00e9 li\u00e9 au diab\u00e8te et aux AVC &#8211; ont baiss\u00e9 en moyenne de 45 % entre 2014 et 2024 (-50 % entre 2004 et 2024), pr\u00e9cise un communiqu\u00e9. Les <a href=\"https:\/\/www.liberation.fr\/environnement\/pollution\/pollution-de-lair-des-pics-de-particules-fines-partout-en-france-20250218_GTAVA7VBJ5CUZLGPBGFLEEMVQ4\/\" target=\"_blank\" rel=\"noopener\">concentrations de particules fines<\/a> (PM2.5), dont l\u2019inhalation augmente le risque de maladies cardiovasculaires et respiratoires et impacte la sant\u00e9 p\u00e9rinatale, ont baiss\u00e9 en moyenne de 35 % entre 2014 et 2024 (-55 % entre 2004 et 2024).<\/p>\n<p class=\"sc-cPiKLX AiZTS text-element\">En revanche, les indicateurs d\u2019impact sur la sant\u00e9 de l\u2019ozone de basse altitude (O3) &#8211; nocif pour le syst\u00e8me respiratoire &#8211; ont globalement stagn\u00e9 entre 2004 et 2024, avec des variations fortes d\u2019une ann\u00e9e sur l\u2019autre en fonction des conditions m\u00e9t\u00e9orologiques. L\u2019augmentation des temp\u00e9ratures est en effet favorable \u00e0 la formation de l\u2019ozone.<\/p>\n<p class=\"sc-cPiKLX AiZTS text-element\">Trois \u00e9pisodes de pollution, un aux particules et deux \u00e0 l\u2019ozone, ont \u00e9t\u00e9 enregistr\u00e9s en 2024 en r\u00e9gion parisienne. Il s\u2019agit du nombre de journ\u00e9es de pollution par an le plus bas jamais enregistr\u00e9. Les d\u00e9c\u00e8s pr\u00e9matur\u00e9s dus \u00e0 la pollution de l\u2019air sont \u00e9galement en baisse : de 10 000 par an en \u00cele-de-France en 2010 \u00e0 6 200 en 2019.<\/p>\n<p class=\"sc-cPiKLX AiZTS text-element\">Une am\u00e9lioration globale \u00e0 mettre au cr\u00e9dit des r\u00e9glementations et des politiques publiques de r\u00e9duction des \u00e9missions de polluants de l\u2019air li\u00e9es notamment au trafic routier, au chauffage et aux activit\u00e9s industrielles, explique Airparif.<\/p>\n<p class=\"sc-cPiKLX AiZTS text-element\">Malgr\u00e9 ces am\u00e9liorations, la pollution de l\u2019air a encore un impact significatif sur la sant\u00e9 humaine, estim\u00e9 \u00e0 une perte moyenne de 10 mois d\u2019esp\u00e9rance de vie par adulte en 2019 en \u00cele-de-France, selon Airparif. En 2024, plus de 2,6 millions de Franciliens respiraient un air dont les concentrations de polluants \u00e9taient sup\u00e9rieures aux seuils de la nouvelle directive europ\u00e9enne, \u00e0 respecter en 2030, ajoute-t-elle.<\/p>\n","protected":false},"excerpt":{"rendered":"La tendance est bonne malgr\u00e9 des impacts sanitaires toujours significatifs. Les niveaux de pollution de l\u2019air en Ile-de-France&hellip;\n","protected":false},"author":2,"featured_media":18791,"comment_status":"","ping_status":"","sticky":false,"template":"","format":"standard","meta":{"footnotes":""},"categories":[1592],"tags":[1111,11,1777,674,1011,27,662,12,626,7399,25],"class_list":{"0":"post-18790","1":"post","2":"type-post","3":"status-publish","4":"format-standard","5":"has-post-thumbnail","7":"category-ile-de-france","8":"tag-actu","9":"tag-actualites","10":"tag-eu","11":"tag-europe","12":"tag-fr","13":"tag-france","14":"tag-ile-de-france","15":"tag-news","16":"tag-paris","17":"tag-pollution-air","18":"tag-republique-francaise"},"share_on_mastodon":{"url":"https:\/\/pubeurope.com\/@fr\/114322491553732141","error":""},"_links":{"self":[{"href":"https:\/\/www.europesays.com\/fr\/wp-json\/wp\/v2\/posts\/18790","targetHints":{"allow":["GET"]}}],"collection":[{"href":"https:\/\/www.europesays.com\/fr\/wp-json\/wp\/v2\/posts"}],"about":[{"href":"https:\/\/www.europesays.com\/fr\/wp-json\/wp\/v2\/types\/post"}],"author":[{"embeddable":true,"href":"https:\/\/www.europesays.com\/fr\/wp-json\/wp\/v2\/users\/2"}],"replies":[{"embeddable":true,"href":"https:\/\/www.europesays.com\/fr\/wp-json\/wp\/v2\/comments?post=18790"}],"version-history":[{"count":0,"href":"https:\/\/www.europesays.com\/fr\/wp-json\/wp\/v2\/posts\/18790\/revisions"}],"wp:featuredmedia":[{"embeddable":true,"href":"https:\/\/www.europesays.com\/fr\/wp-json\/wp\/v2\/media\/18791"}],"wp:attachment":[{"href":"https:\/\/www.europesays.com\/fr\/wp-json\/wp\/v2\/media?parent=18790"}],"wp:term":[{"taxonomy":"category","embeddable":true,"href":"https:\/\/www.europesays.com\/fr\/wp-json\/wp\/v2\/categories?post=18790"},{"taxonomy":"post_tag","embeddable":true,"href":"https:\/\/www.europesays.com\/fr\/wp-json\/wp\/v2\/tags?post=18790"}],"curies":[{"name":"wp","href":"https:\/\/api.w.org\/{rel}","templated":true}]}}