{"id":187903,"date":"2025-06-19T07:58:10","date_gmt":"2025-06-19T07:58:10","guid":{"rendered":"https:\/\/www.europesays.com\/fr\/187903\/"},"modified":"2025-06-19T07:58:10","modified_gmt":"2025-06-19T07:58:10","slug":"a-vendre-une-maison-darchitecte-avec-piscine-au-coeur-de-saint-germain-des-pres","status":"publish","type":"post","link":"https:\/\/www.europesays.com\/fr\/187903\/","title":{"rendered":"\u00c0 vendre, une maison d&rsquo;architecte avec piscine au c\u0153ur de Saint-Germain-des-Pr\u00e9s"},"content":{"rendered":"<p>Une maison d&rsquo;architecte insolite avec piscine et pont-levis \u00e0 vendre \u00e0 Paris<\/p>\n<p>Sa pr\u00e9sence est insoup\u00e7onnable. Derri\u00e8re une porte coch\u00e8re discr\u00e8te du quartier Vaneau, dans le VII\u00e8me arrondissement de Paris, se d\u00e9voilent les traits d\u2019une maison contemporaine \u00e0 l\u2019architecture unique.<\/p>\n<p>Un geste architectural fait de lumi\u00e8re, de verre et d&rsquo;acier<\/p>\n<p>D\u2019une superficie de 750 m\u00e8tres carr\u00e9s, cet ancien atelier a \u00e9t\u00e9 m\u00e9tamorphos\u00e9 en maison dans la ville \u00e0 seulement quelques pas des jardins de <a href=\"https:\/\/www.admagazine.fr\/article\/hotel-de-matignon-premier-ministre\" target=\"_blank\" rel=\"noopener\">Matignon<\/a>. Comment pourrait-on deviner qu\u2019elle abrite un pont-levis et une piscine ? Articul\u00e9e autour d\u2019un patio de 100 m\u00e8tres carr\u00e9s, la maison \u00e0 vendre est un heureux m\u00e9lange de tonalit\u00e9s min\u00e9rales, de lumi\u00e8re et de v\u00e9g\u00e9tation puisqu\u2019elle d\u00e9voile un mur v\u00e9g\u00e9tal au borde l\u2019eau \u2014 ou la juste touche exotique pour oublier qu\u2019on vit au c\u0153ur de Paris. Lignes brutes, panneaux en bois, absence de fronti\u00e8re entre l\u2019int\u00e9rieur et l\u2019ext\u00e9rieur\u2026 L\u2019esprit de la demeure se veut <a href=\"https:\/\/www.admagazine.fr\/article\/35-m2-de-minimalisme-japonisant-et-elegant-derriere-lavenue-foch\" target=\"_blank\" rel=\"noopener\">japonisant<\/a>, le fil rouge r\u00e9sidant dans l\u2019atmosph\u00e8re sereine des lieux.<\/p>\n<p>Un ancien atelier industriel transform\u00e9 en lieu de vie chaleureux<\/p>\n<p>La m\u00e9tamorphose de cette maison est orchestr\u00e9e par l\u2019architecte Guillaume Cochin, \u00e0 qui l\u2019on doit notamment la construction de l\u2019ambassade de France \u00e0 Hano\u00ef. Il r\u00e9ussit ici \u00e0 transposer sa vision d\u2019une maison familiale o\u00f9 les grandes tribus s\u2019\u00e9panouissent, \u00e9voluent d\u2019un \u00e9tage \u00e0 un autre. Un pari relev\u00e9 avec brio, puisque l\u2019espace d\u2019origine \u00e9tait particuli\u00e8rement brut et <a href=\"https:\/\/www.admagazine.fr\/article\/minimalisme-industriel-retour\" target=\"_blank\" rel=\"noopener\">industriel<\/a>, d\u00e9nu\u00e9 de charme. Au terme de deux ann\u00e9es de travaux, la propri\u00e9t\u00e9 prend vie et semble dessin\u00e9e autour d\u2019un <a href=\"https:\/\/www.admagazine.fr\/article\/idees-amenager-patio-ete\" target=\"_blank\" rel=\"noopener\">patio<\/a> central qui fait office de c\u0153ur v\u00e9g\u00e9tal. La structure m\u00e9tallique d\u2019origine est conserv\u00e9e, associ\u00e9e \u00e0 de grandes baies vitr\u00e9es qui invitent la lumi\u00e8re \u00e0 l\u2019int\u00e9rieur tandis qu\u2019un bassin de nage s\u2019installe en vedette sur la terrasse. Un v\u00e9ritable cocon de verre et d\u2019acier rappelant les lignes de l\u2019architecture japonaise, en outre ultra s\u00e9curis\u00e9 : la maison comprend un sas s\u00e9curis\u00e9 et une porte int\u00e9rieure blind\u00e9e.<\/p>\n<p>Un cocon \u00e0 ciel ouvert, mais ultra s\u00e9curis\u00e9 en plein Saint-Germain-des-Pr\u00e9s<\/p>\n<p>Imagin\u00e9 comme un geste architectural urbain, le projet affiche 574 m\u00e8tres carr\u00e9s loi Carrez, r\u00e9partis entre deux corps de b\u00e2timents eux-m\u00eames li\u00e9s par le patio. On compte six chambres dont trois suites avec salles de bains et <a href=\"https:\/\/www.admagazine.fr\/adinspiration\/article\/inspirations-dressing-chic-chambre\" target=\"_blank\" rel=\"noopener\">dressings<\/a>, tout comme deux bureaux. Au sous-sol, la salle de sport, le sauna et le garage se donnent la r\u00e9plique. Un bien particuli\u00e8rement rare, tant par sa situation g\u00e9ographique \u00e0 Saint-Germain-des-Pr\u00e9s que par sa structure avec piscine ext\u00e9rieure et pont-levis motoris\u00e9.<\/p>\n","protected":false},"excerpt":{"rendered":"Une maison d&rsquo;architecte insolite avec piscine et pont-levis \u00e0 vendre \u00e0 Paris Sa pr\u00e9sence est insoup\u00e7onnable. Derri\u00e8re une&hellip;\n","protected":false},"author":2,"featured_media":187904,"comment_status":"","ping_status":"","sticky":false,"template":"","format":"standard","meta":{"footnotes":""},"categories":[1358],"tags":[29857,1348,1384,1385,1386,58,59,1011,27,1965],"class_list":{"0":"post-187903","1":"post","2":"type-post","3":"status-publish","4":"format-standard","5":"has-post-thumbnail","7":"category-arts-et-design","8":"tag-a-vendre","9":"tag-arts","10":"tag-arts-and-design","11":"tag-arts-et-design","12":"tag-design","13":"tag-divertissement","14":"tag-entertainment","15":"tag-fr","16":"tag-france","17":"tag-maisons-a-vendre"},"share_on_mastodon":{"url":"https:\/\/pubeurope.com\/@fr\/114708971701718767","error":""},"_links":{"self":[{"href":"https:\/\/www.europesays.com\/fr\/wp-json\/wp\/v2\/posts\/187903","targetHints":{"allow":["GET"]}}],"collection":[{"href":"https:\/\/www.europesays.com\/fr\/wp-json\/wp\/v2\/posts"}],"about":[{"href":"https:\/\/www.europesays.com\/fr\/wp-json\/wp\/v2\/types\/post"}],"author":[{"embeddable":true,"href":"https:\/\/www.europesays.com\/fr\/wp-json\/wp\/v2\/users\/2"}],"replies":[{"embeddable":true,"href":"https:\/\/www.europesays.com\/fr\/wp-json\/wp\/v2\/comments?post=187903"}],"version-history":[{"count":0,"href":"https:\/\/www.europesays.com\/fr\/wp-json\/wp\/v2\/posts\/187903\/revisions"}],"wp:featuredmedia":[{"embeddable":true,"href":"https:\/\/www.europesays.com\/fr\/wp-json\/wp\/v2\/media\/187904"}],"wp:attachment":[{"href":"https:\/\/www.europesays.com\/fr\/wp-json\/wp\/v2\/media?parent=187903"}],"wp:term":[{"taxonomy":"category","embeddable":true,"href":"https:\/\/www.europesays.com\/fr\/wp-json\/wp\/v2\/categories?post=187903"},{"taxonomy":"post_tag","embeddable":true,"href":"https:\/\/www.europesays.com\/fr\/wp-json\/wp\/v2\/tags?post=187903"}],"curies":[{"name":"wp","href":"https:\/\/api.w.org\/{rel}","templated":true}]}}