{"id":187905,"date":"2025-06-19T07:59:10","date_gmt":"2025-06-19T07:59:10","guid":{"rendered":"https:\/\/www.europesays.com\/fr\/187905\/"},"modified":"2025-06-19T07:59:10","modified_gmt":"2025-06-19T07:59:10","slug":"le-buveur-de-brume-guillaume-gallienne-ce-que-lheritage-familial-nous-enseigne","status":"publish","type":"post","link":"https:\/\/www.europesays.com\/fr\/187905\/","title":{"rendered":"Le Buveur de Brume, Guillaume Gallienne : ce que l\u2019h\u00e9ritage familial nous enseigne!"},"content":{"rendered":"<p>                        <img loading=\"lazy\" decoding=\"async\" src=\"https:\/\/www.europesays.com\/fr\/wp-content\/uploads\/2025\/06\/Le-buveur-de-brume-Stock-Fnac-400x611.jpg\" height=\"442\" width=\"750\" alt=\"Le Buveur de Brume, Guillaume Gallienne : ce que l\u2019h\u00e9ritage familial nous enseigne!\" class=\"adaptive\"\/><\/p>\n<p>\t\t\t\t\t                      <a href=\"\" class=\"event-texte\" tabindex=\"0\"\/><\/p>\n<p style=\"text-align: justify;\"><strong>Cr\u00e9\u00e9e en 2019 par les \u00e9ditions Stock, la collection Ma nuit au mus\u00e9e propose \u00e0 des auteurs de passer une nuit enti\u00e8re dans un mus\u00e9e de leur choix. De ces nuits naissent des textes surprenants, po\u00e9tiques et passionnants qui permettent des explorations sur des territoires diff\u00e9rents, des r\u00e9flexions philosophiques, esth\u00e9tiques, sociologiques, de la pure cr\u00e9ation litt\u00e9raire. Avant lui, Kamel Daoud, Lola Lafon, Le\u00efla Slimani s\u2019y sont illustr\u00e9s, Christine Angot \u00e9tant la derni\u00e8re parution, en mars dernier. Pour Le Buveur de Brume, l\u2019acteur et soci\u00e9taire de la Com\u00e9die-Fran\u00e7aise s\u2019est pr\u00eat\u00e9 \u00e0 cet exercice d\u2019introspection esth\u00e9tique et nocturne \u00e0 la Galerie Nationale de Tbilissi en G\u00e9orgie.<\/strong><\/p>\n<p style=\"text-align: justify;\">Avec \u00ab Le Buveur de Brume \u00bb, Guillaume Gallienne livre un r\u00e9cit d\u2019une rare d\u00e9licatesse o\u00f9 l\u2019intime \u00e9pouse l\u2019Histoire, et o\u00f9 l\u2019art devient le prisme d\u2019une qu\u00eate identitaire \u00e0 la fois po\u00e9tique et r\u00e9paratrice. Le com\u00e9dien choisit le Mus\u00e9e national de Tbilissi, en G\u00e9orgie. Il veut passer la nuit sous le portrait de son arri\u00e8re-grand-m\u00e8re, la princesse M\u00e9lita Cholokachvili. Mais \u00e0 son arriv\u00e9e, le tableau a \u00e9t\u00e9 d\u00e9plac\u00e9 au Mus\u00e9e national \u00e0 quelques rues de l\u00e0. Un lieu sans \u00e2me, gard\u00e9 par trois vigiles silencieux. Cette contrari\u00e9t\u00e9 devient le point de d\u00e9part d\u2019une introspection vertigineuse. Seul sur son lit de camp, la frustration monte peu \u00e0 peu jusqu\u2019\u00e0 un \u00ab p\u00e9tage de plomb \u00bb qui va conduire le projet d\u2019\u00e9criture dans une autre direction. A d\u00e9faut d\u2019\u00eatre un simple journal de r\u00e9sidence, Le Buveur de Brume d\u00e9ploie un r\u00e9cit sensible, qui entrelace les fils d\u2019une m\u00e9moire familiale, les tourments d\u2019un h\u00e9ritage g\u00e9orgien et les questions existentielles d\u2019un homme en qu\u00eate d\u2019apaisement. Tout commence par une image : le portrait de son arri\u00e8re-grand-m\u00e8re, la princesse Melita Cholokachvili \u2014 Babou. Ce tableau, \u00e0 lui seul, devient une clef : celle qui ouvre les portes non pas du mus\u00e9e mus\u00e9e, mais d\u2019un pan refoul\u00e9 de son histoire. Pourtant, rien ne se passe comme pr\u00e9vu dans cette \u00ab nuit au mus\u00e9e \u00bb, car la confrontation avec les souvenirs n\u2019ob\u00e9it \u00e0 aucun protocole. Elle exige, au contraire, un abandon, une mise \u00e0 nu. De cette d\u00e9stabilisation na\u00eet le texte. L\u2019\u00e9criture s\u2019impose alors comme un recours, une mani\u00e8re de canaliser la col\u00e8re, d\u2019apprivoiser les fant\u00f4mes du pass\u00e9, de comprendre ce qui, en nous, persiste malgr\u00e9 le temps. Gallienne raconte avec pudeur la lign\u00e9e aristocratique dont il est issu, mais aussi l\u2019exil, les silences familiaux, et surtout, cette double filiation \u2014 g\u00e9orgienne et fran\u00e7aise \u2014 qui fonde une identit\u00e9 fragment\u00e9e. Aux figures tut\u00e9laires de Babou et de Ca\u00ef, sa grand-m\u00e8re, il rend un hommage \u00e9mouvant, tout en faisant entendre les r\u00e9sonances intimes que ces figures \u00e9veillent en lui. Mais Le Buveur de Brume est plus qu\u2019un simple r\u00e9cit de filiation. Il est aussi une m\u00e9ditation sur l\u2019art, sur sa fonction r\u00e9paratrice et salvatrice. Gallienne, sans emphase, interroge son m\u00e9tier de com\u00e9dien \u2014 cet \u00ab engagement de vingt-cinq ans \u00e0 la Com\u00e9die-Fran\u00e7aise \u00bb \u2014 non comme une vocation, mais comme une n\u00e9cessit\u00e9. L\u2019enfant r\u00eaveur, maladroit face au r\u00e9el, a trouv\u00e9 dans la sc\u00e8ne un refuge ; l\u2019adulte, d\u00e9sormais, tente de comprendre ce qui s\u2019est jou\u00e9 dans cette transposition. \u00c9crit \u00e0 l\u2019adresse de son fils, Tado, le livre prend les allures d\u2019une lettre posthume aux vivants. Le style, fluide, sans aff\u00e8terie, touche par sa sinc\u00e9rit\u00e9. Il conjugue le go\u00fbt de la formule juste \u00e0 une pudeur toute classique, comme s\u2019il s\u2019agissait moins de dire que de transmettre. Le lecteur y trouve une confidence sans pathos, un r\u00e9cit d\u2019enfance, une travers\u00e9e du deuil et, surtout, une mani\u00e8re d\u2019envisager la m\u00e9moire comme une mati\u00e8re vivante. Dans cette collection litt\u00e9raire initi\u00e9e par les \u00e9ditions Stock \u2014 Ma nuit au mus\u00e9e \u2014, Le Buveur de Brume se distingue par sa densit\u00e9 \u00e9motionnelle et sa hauteur de ton. Il n\u2019est pas seulement question d\u2019une nuit \u00e0 Tbilissi, mais d\u2019un chemin vers soi, d\u2019un dialogue avec les absents et d\u2019une tentative, presque rituelle, de r\u00e9concilier l\u2019h\u00e9ritage et le pr\u00e9sent. Guillaume Gallienne signe ici un premier texte d\u2019une justesse rare. Un livre grave et lumineux, \u00e0 l\u2019image de ce brumeux pass\u00e9 qu\u2019il s\u2019agit, enfin, de regarder en face. Une belle d\u00e9couverte.<\/p>\n<p style=\"text-align: justify;\"><strong>\u00a0<\/strong><strong>Jean-Christophe Mary <\/strong><\/p>\n<p style=\"text-align: justify;\"><strong>Editeur Stock. Collection Ma Nuit Au Mus\u00e9e. 288 p<\/strong><strong>ages. <\/strong><\/p>\n","protected":false},"excerpt":{"rendered":"Cr\u00e9\u00e9e en 2019 par les \u00e9ditions Stock, la collection Ma nuit au mus\u00e9e propose \u00e0 des auteurs de&hellip;\n","protected":false},"author":2,"featured_media":187906,"comment_status":"","ping_status":"","sticky":false,"template":"","format":"standard","meta":{"footnotes":""},"categories":[1357],"tags":[1379,58,59,1011,27,1380],"class_list":{"0":"post-187905","1":"post","2":"type-post","3":"status-publish","4":"format-standard","5":"has-post-thumbnail","7":"category-livres","8":"tag-books","9":"tag-divertissement","10":"tag-entertainment","11":"tag-fr","12":"tag-france","13":"tag-livres"},"share_on_mastodon":{"url":"https:\/\/pubeurope.com\/@fr\/114708975728476026","error":""},"_links":{"self":[{"href":"https:\/\/www.europesays.com\/fr\/wp-json\/wp\/v2\/posts\/187905","targetHints":{"allow":["GET"]}}],"collection":[{"href":"https:\/\/www.europesays.com\/fr\/wp-json\/wp\/v2\/posts"}],"about":[{"href":"https:\/\/www.europesays.com\/fr\/wp-json\/wp\/v2\/types\/post"}],"author":[{"embeddable":true,"href":"https:\/\/www.europesays.com\/fr\/wp-json\/wp\/v2\/users\/2"}],"replies":[{"embeddable":true,"href":"https:\/\/www.europesays.com\/fr\/wp-json\/wp\/v2\/comments?post=187905"}],"version-history":[{"count":0,"href":"https:\/\/www.europesays.com\/fr\/wp-json\/wp\/v2\/posts\/187905\/revisions"}],"wp:featuredmedia":[{"embeddable":true,"href":"https:\/\/www.europesays.com\/fr\/wp-json\/wp\/v2\/media\/187906"}],"wp:attachment":[{"href":"https:\/\/www.europesays.com\/fr\/wp-json\/wp\/v2\/media?parent=187905"}],"wp:term":[{"taxonomy":"category","embeddable":true,"href":"https:\/\/www.europesays.com\/fr\/wp-json\/wp\/v2\/categories?post=187905"},{"taxonomy":"post_tag","embeddable":true,"href":"https:\/\/www.europesays.com\/fr\/wp-json\/wp\/v2\/tags?post=187905"}],"curies":[{"name":"wp","href":"https:\/\/api.w.org\/{rel}","templated":true}]}}